{"id":3731,"date":"2024-09-22T00:14:07","date_gmt":"2024-09-22T00:14:07","guid":{"rendered":"https:\/\/compartilhabahia.com.br\/?p=3731"},"modified":"2024-09-22T01:22:51","modified_gmt":"2024-09-22T01:22:51","slug":"caetano-reune-40-mil-pessoas-em-torno-de-sua-caminhada-neste-sabado-21","status":"publish","type":"post","link":"https:\/\/compartilhabahia.com.br\/index.php\/2024\/09\/22\/caetano-reune-40-mil-pessoas-em-torno-de-sua-caminhada-neste-sabado-21\/","title":{"rendered":"Caetano re\u00fane 40 mil pessoas em torno de sua caminhada neste s\u00e1bado (21)"},"content":{"rendered":"\n<p>Uma multid\u00e3o unida em torno de uma caminhada, onde os participantes levaram quatro horas para concluir todo seu trajeto. Foi isso que aconteceu neste s\u00e1bado (21) em Cama\u00e7ari (BA), onde cerca de 40 mil pessoas se reuniram em torno da caminhada da mudan\u00e7a do candidato a prefeito Luiz Caetano (PT), que partiu as 15h do Residencial Algarobas e s\u00f3 terminou por volta das 20h, ap\u00f3s passar pelos bairros da Gleba H, Lama Preta e Derba.<\/p>\n\n\n\n<p>Enquanto milhares caminhavam em uma demonstra\u00e7\u00e3o p\u00fablica de apoio a Caetano e seus candidatos a vereador, outra multid\u00e3o assistia das cal\u00e7adas e das casas, acenando, admirando e incentivando. Os que caminhavam e os que assistiam, formavam juntos, uma multid\u00e3o homog\u00eanea de 40 mil pessoas.<\/p>\n\n\n\n<p>Os bairros por onde a caminhada pol\u00edtica passou, s\u00e3o densamente povoados, o que deixou o encontro ainda mais popular. <\/p>\n\n\n\n<p>A duas semanas da elei\u00e7\u00e3o Caetano, que lidera at\u00e9 o momento todas as pesquisas, que lhe conferem a vit\u00f3ria em primeiro turno, mostrou que continua em ascens\u00e3o, apesar do esfor\u00e7o do candidato governista que vem nos \u00faltimos dias da campanha despejando vultuosos recursos para tentar mudar o quadro, aparentemente cr\u00f4nico e irrevers\u00edvel. <\/p>\n\n\n\n<p><\/p>\n","protected":false},"excerpt":{"rendered":"<p>Uma multid\u00e3o unida em torno de uma caminhada, onde os participantes levaram quatro horas para concluir todo seu trajeto. Foi isso que aconteceu neste s\u00e1bado (21) em Cama\u00e7ari (BA), onde cerca de 40 mil pessoas se reuniram em torno da caminhada da mudan\u00e7a do candidato a prefeito Luiz Caetano (PT), que partiu as 15h do [&hellip;]<\/p>\n","protected":false},"author":1,"featured_media":3732,"comment_status":"open","ping_status":"open","sticky":false,"template":"","format":"standard","meta":{"footnotes":""},"categories":[1],"tags":[],"class_list":["post-3731","post","type-post","status-publish","format-standard","has-post-thumbnail","hentry","category-mundo"],"yoast_head":"<!-- This site is optimized with the Yoast SEO plugin v21.7 - https:\/\/yoast.com\/wordpress\/plugins\/seo\/ -->\n<title>Caetano re\u00fane 40 mil pessoas em torno de sua caminhada neste s\u00e1bado (21) - Compartilha Bahia<\/title>\n<meta name=\"robots\" content=\"index, follow, max-snippet:-1, max-image-preview:large, max-video-preview:-1\" \/>\n<link rel=\"canonical\" href=\"https:\/\/compartilhabahia.com.br\/index.php\/2024\/09\/22\/caetano-reune-40-mil-pessoas-em-torno-de-sua-caminhada-neste-sabado-21\/\" \/>\n<meta property=\"og:locale\" content=\"pt_BR\" \/>\n<meta property=\"og:type\" content=\"article\" \/>\n<meta property=\"og:title\" content=\"Caetano re\u00fane 40 mil pessoas em torno de sua caminhada neste s\u00e1bado (21) - Compartilha Bahia\" \/>\n<meta property=\"og:description\" content=\"Uma multid\u00e3o unida em torno de uma caminhada, onde os participantes levaram quatro horas para concluir todo seu trajeto. Foi isso que aconteceu neste s\u00e1bado (21) em Cama\u00e7ari (BA), onde cerca de 40 mil pessoas se reuniram em torno da caminhada da mudan\u00e7a do candidato a prefeito Luiz Caetano (PT), que partiu as 15h do [&hellip;]\" \/>\n<meta property=\"og:url\" content=\"https:\/\/compartilhabahia.com.br\/index.php\/2024\/09\/22\/caetano-reune-40-mil-pessoas-em-torno-de-sua-caminhada-neste-sabado-21\/\" \/>\n<meta property=\"og:site_name\" content=\"Compartilha Bahia\" \/>\n<meta property=\"article:publisher\" content=\"https:\/\/web.facebook.com\/compartilhabahia\" \/>\n<meta property=\"article:published_time\" content=\"2024-09-22T00:14:07+00:00\" \/>\n<meta property=\"article:modified_time\" content=\"2024-09-22T01:22:51+00:00\" \/>\n<meta property=\"og:image\" content=\"https:\/\/compartilhabahia.com.br\/wp-content\/uploads\/2024\/09\/caetanocaminhada.jpg\" \/>\n\t<meta property=\"og:image:width\" content=\"720\" \/>\n\t<meta property=\"og:image:height\" content=\"480\" \/>\n\t<meta property=\"og:image:type\" content=\"image\/jpeg\" \/>\n<meta name=\"author\" content=\"admin\" \/>\n<meta name=\"twitter:card\" content=\"summary_large_image\" \/>\n<meta name=\"twitter:label1\" content=\"Escrito por\" \/>\n\t<meta name=\"twitter:data1\" content=\"admin\" \/>\n\t<meta name=\"twitter:label2\" content=\"Est. tempo de leitura\" \/>\n\t<meta name=\"twitter:data2\" content=\"2 minutos\" \/>\n<script type=\"application\/ld+json\" class=\"yoast-schema-graph\">{\"@context\":\"https:\/\/schema.org\",\"@graph\":[{\"@type\":\"Article\",\"@id\":\"https:\/\/compartilhabahia.com.br\/index.php\/2024\/09\/22\/caetano-reune-40-mil-pessoas-em-torno-de-sua-caminhada-neste-sabado-21\/#article\",\"isPartOf\":{\"@id\":\"https:\/\/compartilhabahia.com.br\/index.php\/2024\/09\/22\/caetano-reune-40-mil-pessoas-em-torno-de-sua-caminhada-neste-sabado-21\/\"},\"author\":{\"name\":\"admin\",\"@id\":\"https:\/\/compartilhabahia.com.br\/#\/schema\/person\/9b4f0c3178793b8248d6686732521c04\"},\"headline\":\"Caetano re\u00fane 40 mil pessoas em torno de sua caminhada neste s\u00e1bado (21)\",\"datePublished\":\"2024-09-22T00:14:07+00:00\",\"dateModified\":\"2024-09-22T01:22:51+00:00\",\"mainEntityOfPage\":{\"@id\":\"https:\/\/compartilhabahia.com.br\/index.php\/2024\/09\/22\/caetano-reune-40-mil-pessoas-em-torno-de-sua-caminhada-neste-sabado-21\/\"},\"wordCount\":219,\"commentCount\":0,\"publisher\":{\"@id\":\"https:\/\/compartilhabahia.com.br\/#organization\"},\"articleSection\":[\"Mundo\"],\"inLanguage\":\"pt-BR\",\"potentialAction\":[{\"@type\":\"CommentAction\",\"name\":\"Comment\",\"target\":[\"https:\/\/compartilhabahia.com.br\/index.php\/2024\/09\/22\/caetano-reune-40-mil-pessoas-em-torno-de-sua-caminhada-neste-sabado-21\/#respond\"]}]},{\"@type\":\"WebPage\",\"@id\":\"https:\/\/compartilhabahia.com.br\/index.php\/2024\/09\/22\/caetano-reune-40-mil-pessoas-em-torno-de-sua-caminhada-neste-sabado-21\/\",\"url\":\"https:\/\/compartilhabahia.com.br\/index.php\/2024\/09\/22\/caetano-reune-40-mil-pessoas-em-torno-de-sua-caminhada-neste-sabado-21\/\",\"name\":\"Caetano re\u00fane 40 mil pessoas em torno de sua caminhada neste s\u00e1bado (21) - Compartilha Bahia\",\"isPartOf\":{\"@id\":\"https:\/\/compartilhabahia.com.br\/#website\"},\"datePublished\":\"2024-09-22T00:14:07+00:00\",\"dateModified\":\"2024-09-22T01:22:51+00:00\",\"breadcrumb\":{\"@id\":\"https:\/\/compartilhabahia.com.br\/index.php\/2024\/09\/22\/caetano-reune-40-mil-pessoas-em-torno-de-sua-caminhada-neste-sabado-21\/#breadcrumb\"},\"inLanguage\":\"pt-BR\",\"potentialAction\":[{\"@type\":\"ReadAction\",\"target\":[\"https:\/\/compartilhabahia.com.br\/index.php\/2024\/09\/22\/caetano-reune-40-mil-pessoas-em-torno-de-sua-caminhada-neste-sabado-21\/\"]}]},{\"@type\":\"BreadcrumbList\",\"@id\":\"https:\/\/compartilhabahia.com.br\/index.php\/2024\/09\/22\/caetano-reune-40-mil-pessoas-em-torno-de-sua-caminhada-neste-sabado-21\/#breadcrumb\",\"itemListElement\":[{\"@type\":\"ListItem\",\"position\":1,\"name\":\"In\u00edcio\",\"item\":\"https:\/\/compartilhabahia.com.br\/\"},{\"@type\":\"ListItem\",\"position\":2,\"name\":\"Caetano re\u00fane 40 mil pessoas em torno de sua caminhada neste s\u00e1bado (21)\"}]},{\"@type\":\"WebSite\",\"@id\":\"https:\/\/compartilhabahia.com.br\/#website\",\"url\":\"https:\/\/compartilhabahia.com.br\/\",\"name\":\"Compartilha Bahia\",\"description\":\"\",\"publisher\":{\"@id\":\"https:\/\/compartilhabahia.com.br\/#organization\"},\"potentialAction\":[{\"@type\":\"SearchAction\",\"target\":{\"@type\":\"EntryPoint\",\"urlTemplate\":\"https:\/\/compartilhabahia.com.br\/?s={search_term_string}\"},\"query-input\":\"required name=search_term_string\"}],\"inLanguage\":\"pt-BR\"},{\"@type\":\"Organization\",\"@id\":\"https:\/\/compartilhabahia.com.br\/#organization\",\"name\":\"Compartilha Bahia\",\"url\":\"https:\/\/compartilhabahia.com.br\/\",\"logo\":{\"@type\":\"ImageObject\",\"inLanguage\":\"pt-BR\",\"@id\":\"https:\/\/compartilhabahia.com.br\/#\/schema\/logo\/image\/\",\"url\":\"https:\/\/compartilhabahia.com.br\/wp-content\/uploads\/2023\/12\/cropped-logo.png\",\"contentUrl\":\"https:\/\/compartilhabahia.com.br\/wp-content\/uploads\/2023\/12\/cropped-logo.png\",\"width\":300,\"height\":106,\"caption\":\"Compartilha Bahia\"},\"image\":{\"@id\":\"https:\/\/compartilhabahia.com.br\/#\/schema\/logo\/image\/\"},\"sameAs\":[\"https:\/\/web.facebook.com\/compartilhabahia\",\"https:\/\/www.instagram.com\/compartilhabahia\/\"]},{\"@type\":\"Person\",\"@id\":\"https:\/\/compartilhabahia.com.br\/#\/schema\/person\/9b4f0c3178793b8248d6686732521c04\",\"name\":\"admin\",\"image\":{\"@type\":\"ImageObject\",\"inLanguage\":\"pt-BR\",\"@id\":\"https:\/\/compartilhabahia.com.br\/#\/schema\/person\/image\/\",\"url\":\"https:\/\/secure.gravatar.com\/avatar\/9600df58751c5acbe914c538c03390ef649ea088cb65f84ba09c7ce66988eed6?s=96&d=mm&r=g\",\"contentUrl\":\"https:\/\/secure.gravatar.com\/avatar\/9600df58751c5acbe914c538c03390ef649ea088cb65f84ba09c7ce66988eed6?s=96&d=mm&r=g\",\"caption\":\"admin\"},\"sameAs\":[\"https:\/\/compartilhabahia.com.br\"],\"url\":\"https:\/\/compartilhabahia.com.br\/index.php\/author\/compartilhabahia\/\"}]}<\/script>\n<!-- \/ Yoast SEO plugin. -->","yoast_head_json":{"title":"Caetano re\u00fane 40 mil pessoas em torno de sua caminhada neste s\u00e1bado (21) - Compartilha Bahia","robots":{"index":"index","follow":"follow","max-snippet":"max-snippet:-1","max-image-preview":"max-image-preview:large","max-video-preview":"max-video-preview:-1"},"canonical":"https:\/\/compartilhabahia.com.br\/index.php\/2024\/09\/22\/caetano-reune-40-mil-pessoas-em-torno-de-sua-caminhada-neste-sabado-21\/","og_locale":"pt_BR","og_type":"article","og_title":"Caetano re\u00fane 40 mil pessoas em torno de sua caminhada neste s\u00e1bado (21) - Compartilha Bahia","og_description":"Uma multid\u00e3o unida em torno de uma caminhada, onde os participantes levaram quatro horas para concluir todo seu trajeto. Foi isso que aconteceu neste s\u00e1bado (21) em Cama\u00e7ari (BA), onde cerca de 40 mil pessoas se reuniram em torno da caminhada da mudan\u00e7a do candidato a prefeito Luiz Caetano (PT), que partiu as 15h do [&hellip;]","og_url":"https:\/\/compartilhabahia.com.br\/index.php\/2024\/09\/22\/caetano-reune-40-mil-pessoas-em-torno-de-sua-caminhada-neste-sabado-21\/","og_site_name":"Compartilha Bahia","article_publisher":"https:\/\/web.facebook.com\/compartilhabahia","article_published_time":"2024-09-22T00:14:07+00:00","article_modified_time":"2024-09-22T01:22:51+00:00","og_image":[{"width":720,"height":480,"url":"https:\/\/compartilhabahia.com.br\/wp-content\/uploads\/2024\/09\/caetanocaminhada.jpg","type":"image\/jpeg"}],"author":"admin","twitter_card":"summary_large_image","twitter_misc":{"Escrito por":"admin","Est. tempo de leitura":"2 minutos"},"schema":{"@context":"https:\/\/schema.org","@graph":[{"@type":"Article","@id":"https:\/\/compartilhabahia.com.br\/index.php\/2024\/09\/22\/caetano-reune-40-mil-pessoas-em-torno-de-sua-caminhada-neste-sabado-21\/#article","isPartOf":{"@id":"https:\/\/compartilhabahia.com.br\/index.php\/2024\/09\/22\/caetano-reune-40-mil-pessoas-em-torno-de-sua-caminhada-neste-sabado-21\/"},"author":{"name":"admin","@id":"https:\/\/compartilhabahia.com.br\/#\/schema\/person\/9b4f0c3178793b8248d6686732521c04"},"headline":"Caetano re\u00fane 40 mil pessoas em torno de sua caminhada neste s\u00e1bado (21)","datePublished":"2024-09-22T00:14:07+00:00","dateModified":"2024-09-22T01:22:51+00:00","mainEntityOfPage":{"@id":"https:\/\/compartilhabahia.com.br\/index.php\/2024\/09\/22\/caetano-reune-40-mil-pessoas-em-torno-de-sua-caminhada-neste-sabado-21\/"},"wordCount":219,"commentCount":0,"publisher":{"@id":"https:\/\/compartilhabahia.com.br\/#organization"},"articleSection":["Mundo"],"inLanguage":"pt-BR","potentialAction":[{"@type":"CommentAction","name":"Comment","target":["https:\/\/compartilhabahia.com.br\/index.php\/2024\/09\/22\/caetano-reune-40-mil-pessoas-em-torno-de-sua-caminhada-neste-sabado-21\/#respond"]}]},{"@type":"WebPage","@id":"https:\/\/compartilhabahia.com.br\/index.php\/2024\/09\/22\/caetano-reune-40-mil-pessoas-em-torno-de-sua-caminhada-neste-sabado-21\/","url":"https:\/\/compartilhabahia.com.br\/index.php\/2024\/09\/22\/caetano-reune-40-mil-pessoas-em-torno-de-sua-caminhada-neste-sabado-21\/","name":"Caetano re\u00fane 40 mil pessoas em torno de sua caminhada neste s\u00e1bado (21) - Compartilha Bahia","isPartOf":{"@id":"https:\/\/compartilhabahia.com.br\/#website"},"datePublished":"2024-09-22T00:14:07+00:00","dateModified":"2024-09-22T01:22:51+00:00","breadcrumb":{"@id":"https:\/\/compartilhabahia.com.br\/index.php\/2024\/09\/22\/caetano-reune-40-mil-pessoas-em-torno-de-sua-caminhada-neste-sabado-21\/#breadcrumb"},"inLanguage":"pt-BR","potentialAction":[{"@type":"ReadAction","target":["https:\/\/compartilhabahia.com.br\/index.php\/2024\/09\/22\/caetano-reune-40-mil-pessoas-em-torno-de-sua-caminhada-neste-sabado-21\/"]}]},{"@type":"BreadcrumbList","@id":"https:\/\/compartilhabahia.com.br\/index.php\/2024\/09\/22\/caetano-reune-40-mil-pessoas-em-torno-de-sua-caminhada-neste-sabado-21\/#breadcrumb","itemListElement":[{"@type":"ListItem","position":1,"name":"In\u00edcio","item":"https:\/\/compartilhabahia.com.br\/"},{"@type":"ListItem","position":2,"name":"Caetano re\u00fane 40 mil pessoas em torno de sua caminhada neste s\u00e1bado (21)"}]},{"@type":"WebSite","@id":"https:\/\/compartilhabahia.com.br\/#website","url":"https:\/\/compartilhabahia.com.br\/","name":"Compartilha Bahia","description":"","publisher":{"@id":"https:\/\/compartilhabahia.com.br\/#organization"},"potentialAction":[{"@type":"SearchAction","target":{"@type":"EntryPoint","urlTemplate":"https:\/\/compartilhabahia.com.br\/?s={search_term_string}"},"query-input":"required name=search_term_string"}],"inLanguage":"pt-BR"},{"@type":"Organization","@id":"https:\/\/compartilhabahia.com.br\/#organization","name":"Compartilha Bahia","url":"https:\/\/compartilhabahia.com.br\/","logo":{"@type":"ImageObject","inLanguage":"pt-BR","@id":"https:\/\/compartilhabahia.com.br\/#\/schema\/logo\/image\/","url":"https:\/\/compartilhabahia.com.br\/wp-content\/uploads\/2023\/12\/cropped-logo.png","contentUrl":"https:\/\/compartilhabahia.com.br\/wp-content\/uploads\/2023\/12\/cropped-logo.png","width":300,"height":106,"caption":"Compartilha Bahia"},"image":{"@id":"https:\/\/compartilhabahia.com.br\/#\/schema\/logo\/image\/"},"sameAs":["https:\/\/web.facebook.com\/compartilhabahia","https:\/\/www.instagram.com\/compartilhabahia\/"]},{"@type":"Person","@id":"https:\/\/compartilhabahia.com.br\/#\/schema\/person\/9b4f0c3178793b8248d6686732521c04","name":"admin","image":{"@type":"ImageObject","inLanguage":"pt-BR","@id":"https:\/\/compartilhabahia.com.br\/#\/schema\/person\/image\/","url":"https:\/\/secure.gravatar.com\/avatar\/9600df58751c5acbe914c538c03390ef649ea088cb65f84ba09c7ce66988eed6?s=96&d=mm&r=g","contentUrl":"https:\/\/secure.gravatar.com\/avatar\/9600df58751c5acbe914c538c03390ef649ea088cb65f84ba09c7ce66988eed6?s=96&d=mm&r=g","caption":"admin"},"sameAs":["https:\/\/compartilhabahia.com.br"],"url":"https:\/\/compartilhabahia.com.br\/index.php\/author\/compartilhabahia\/"}]}},"_links":{"self":[{"href":"https:\/\/compartilhabahia.com.br\/index.php\/wp-json\/wp\/v2\/posts\/3731","targetHints":{"allow":["GET"]}}],"collection":[{"href":"https:\/\/compartilhabahia.com.br\/index.php\/wp-json\/wp\/v2\/posts"}],"about":[{"href":"https:\/\/compartilhabahia.com.br\/index.php\/wp-json\/wp\/v2\/types\/post"}],"author":[{"embeddable":true,"href":"https:\/\/compartilhabahia.com.br\/index.php\/wp-json\/wp\/v2\/users\/1"}],"replies":[{"embeddable":true,"href":"https:\/\/compartilhabahia.com.br\/index.php\/wp-json\/wp\/v2\/comments?post=3731"}],"version-history":[{"count":2,"href":"https:\/\/compartilhabahia.com.br\/index.php\/wp-json\/wp\/v2\/posts\/3731\/revisions"}],"predecessor-version":[{"id":3736,"href":"https:\/\/compartilhabahia.com.br\/index.php\/wp-json\/wp\/v2\/posts\/3731\/revisions\/3736"}],"wp:featuredmedia":[{"embeddable":true,"href":"https:\/\/compartilhabahia.com.br\/index.php\/wp-json\/wp\/v2\/media\/3732"}],"wp:attachment":[{"href":"https:\/\/compartilhabahia.com.br\/index.php\/wp-json\/wp\/v2\/media?parent=3731"}],"wp:term":[{"taxonomy":"category","embeddable":true,"href":"https:\/\/compartilhabahia.com.br\/index.php\/wp-json\/wp\/v2\/categories?post=3731"},{"taxonomy":"post_tag","embeddable":true,"href":"https:\/\/compartilhabahia.com.br\/index.php\/wp-json\/wp\/v2\/tags?post=3731"}],"curies":[{"name":"wp","href":"https:\/\/api.w.org\/{rel}","templated":true}]}}