{"id":3605,"date":"2024-09-09T11:49:02","date_gmt":"2024-09-09T11:49:02","guid":{"rendered":"https:\/\/compartilhabahia.com.br\/?p=3605"},"modified":"2024-09-09T11:49:04","modified_gmt":"2024-09-09T11:49:04","slug":"ministro-cai-apos-denuncia-e-em-camacari-que-garota-e-abusada-sexualmente-o-que-acontecera","status":"publish","type":"post","link":"https:\/\/compartilhabahia.com.br\/index.php\/2024\/09\/09\/ministro-cai-apos-denuncia-e-em-camacari-que-garota-e-abusada-sexualmente-o-que-acontecera\/","title":{"rendered":"Ministro cai ap\u00f3s denuncia, e em Cama\u00e7ari que garota \u00e9 abusada sexualmente? o que acontecer\u00e1?"},"content":{"rendered":"\n<p>Em Bras\u00edlia den\u00fancia de ass\u00e9dio sexual derruba ministro, e em Cama\u00e7ari o que vai acontecer com padrasto denunciado por abusar sexualmente de uma garota?<\/p>\n\n\n\n<p>Na \u00faltima segunda feira, 02 de setembro, foi veiculado em v\u00e1rios jornais de Cama\u00e7ari (BA) o caso de uma jovem, que atualmente tem 20 anos, e que era abusada sexualmente desde os 16 anos, no Bairro do Parque Verde I.<br>Segundo informa\u00e7\u00f5es, a garota desde os 16 come\u00e7ou a ser abusada sexualmente pelo padrasto, viol\u00eancia que s\u00f3 teve fim quando a m\u00e3e o pegou no ato! Acreditamos, que esse tenha sido o dia mais duro dessa m\u00e3e, que por sua vez, n\u00e3o pensou duas vezes, acionou a pol\u00edcia e houve a pris\u00e3o em flagrante.<br>Um al\u00edvio para as v\u00edtimas, pois em um caso assim, todos se tornaram v\u00edtimas!<br>Uma jovem, marcada para sempre!<br>O que acontecer\u00e1 agora com esse violador?<br>Ser\u00e1, que permanecer\u00e1 atr\u00e1s das grades?<br>Ser\u00e1, que fez apenas uma v\u00edtima?<br>Quantos crimes de abuso sexual ainda ir\u00e3o acontecer para que a legisla\u00e7\u00e3o seja mais rigorosa?<br>Nossas crian\u00e7as, inocentes est\u00e3o sendo violentadas constantemente, m\u00e3es, mulheres, idosa, at\u00e9 quando?<br>Isso precisa mudar!<br>Quando o abuso vira esc\u00e2ndalo nacional, as medidas s\u00e3o imediatas, como a demiss\u00e3o de um ministro essa semana, ap\u00f3s denuncias de ass\u00e9dio sexual.<br>Mas, e nossas meninas an\u00f4nimas? Ser\u00e1 que a justi\u00e7a ser\u00e1 feita nos casos delas?<br>Estamos atentos.<\/p>\n","protected":false},"excerpt":{"rendered":"<p>Em Bras\u00edlia den\u00fancia de ass\u00e9dio sexual derruba ministro, e em Cama\u00e7ari o que vai acontecer com padrasto denunciado por abusar sexualmente de uma garota? Na \u00faltima segunda feira, 02 de setembro, foi veiculado em v\u00e1rios jornais de Cama\u00e7ari (BA) o caso de uma jovem, que atualmente tem 20 anos, e que era abusada sexualmente desde [&hellip;]<\/p>\n","protected":false},"author":1,"featured_media":3606,"comment_status":"open","ping_status":"open","sticky":false,"template":"","format":"standard","meta":{"footnotes":""},"categories":[1],"tags":[],"class_list":["post-3605","post","type-post","status-publish","format-standard","has-post-thumbnail","hentry","category-mundo"],"yoast_head":"<!-- This site is optimized with the Yoast SEO plugin v21.7 - https:\/\/yoast.com\/wordpress\/plugins\/seo\/ -->\n<title>Ministro cai ap\u00f3s denuncia, e em Cama\u00e7ari que garota \u00e9 abusada sexualmente? o que acontecer\u00e1? - Compartilha Bahia<\/title>\n<meta name=\"robots\" content=\"index, follow, max-snippet:-1, max-image-preview:large, max-video-preview:-1\" \/>\n<link rel=\"canonical\" href=\"https:\/\/compartilhabahia.com.br\/index.php\/2024\/09\/09\/ministro-cai-apos-denuncia-e-em-camacari-que-garota-e-abusada-sexualmente-o-que-acontecera\/\" \/>\n<meta property=\"og:locale\" content=\"pt_BR\" \/>\n<meta property=\"og:type\" content=\"article\" \/>\n<meta property=\"og:title\" content=\"Ministro cai ap\u00f3s denuncia, e em Cama\u00e7ari que garota \u00e9 abusada sexualmente? o que acontecer\u00e1? - Compartilha Bahia\" \/>\n<meta property=\"og:description\" content=\"Em Bras\u00edlia den\u00fancia de ass\u00e9dio sexual derruba ministro, e em Cama\u00e7ari o que vai acontecer com padrasto denunciado por abusar sexualmente de uma garota? Na \u00faltima segunda feira, 02 de setembro, foi veiculado em v\u00e1rios jornais de Cama\u00e7ari (BA) o caso de uma jovem, que atualmente tem 20 anos, e que era abusada sexualmente desde [&hellip;]\" \/>\n<meta property=\"og:url\" content=\"https:\/\/compartilhabahia.com.br\/index.php\/2024\/09\/09\/ministro-cai-apos-denuncia-e-em-camacari-que-garota-e-abusada-sexualmente-o-que-acontecera\/\" \/>\n<meta property=\"og:site_name\" content=\"Compartilha Bahia\" \/>\n<meta property=\"article:publisher\" content=\"https:\/\/web.facebook.com\/compartilhabahia\" \/>\n<meta property=\"article:published_time\" content=\"2024-09-09T11:49:02+00:00\" \/>\n<meta property=\"article:modified_time\" content=\"2024-09-09T11:49:04+00:00\" \/>\n<meta property=\"og:image\" content=\"https:\/\/compartilhabahia.com.br\/wp-content\/uploads\/2024\/09\/abusoinfantil.jpg\" \/>\n\t<meta property=\"og:image:width\" content=\"948\" \/>\n\t<meta property=\"og:image:height\" content=\"584\" \/>\n\t<meta property=\"og:image:type\" content=\"image\/jpeg\" \/>\n<meta name=\"author\" content=\"admin\" \/>\n<meta name=\"twitter:card\" content=\"summary_large_image\" \/>\n<meta name=\"twitter:label1\" content=\"Escrito por\" \/>\n\t<meta name=\"twitter:data1\" content=\"admin\" \/>\n\t<meta name=\"twitter:label2\" content=\"Est. tempo de leitura\" \/>\n\t<meta name=\"twitter:data2\" content=\"2 minutos\" \/>\n<script type=\"application\/ld+json\" class=\"yoast-schema-graph\">{\"@context\":\"https:\/\/schema.org\",\"@graph\":[{\"@type\":\"Article\",\"@id\":\"https:\/\/compartilhabahia.com.br\/index.php\/2024\/09\/09\/ministro-cai-apos-denuncia-e-em-camacari-que-garota-e-abusada-sexualmente-o-que-acontecera\/#article\",\"isPartOf\":{\"@id\":\"https:\/\/compartilhabahia.com.br\/index.php\/2024\/09\/09\/ministro-cai-apos-denuncia-e-em-camacari-que-garota-e-abusada-sexualmente-o-que-acontecera\/\"},\"author\":{\"name\":\"admin\",\"@id\":\"https:\/\/compartilhabahia.com.br\/#\/schema\/person\/9b4f0c3178793b8248d6686732521c04\"},\"headline\":\"Ministro cai ap\u00f3s denuncia, e em Cama\u00e7ari que garota \u00e9 abusada sexualmente? o que acontecer\u00e1?\",\"datePublished\":\"2024-09-09T11:49:02+00:00\",\"dateModified\":\"2024-09-09T11:49:04+00:00\",\"mainEntityOfPage\":{\"@id\":\"https:\/\/compartilhabahia.com.br\/index.php\/2024\/09\/09\/ministro-cai-apos-denuncia-e-em-camacari-que-garota-e-abusada-sexualmente-o-que-acontecera\/\"},\"wordCount\":268,\"commentCount\":0,\"publisher\":{\"@id\":\"https:\/\/compartilhabahia.com.br\/#organization\"},\"articleSection\":[\"Mundo\"],\"inLanguage\":\"pt-BR\",\"potentialAction\":[{\"@type\":\"CommentAction\",\"name\":\"Comment\",\"target\":[\"https:\/\/compartilhabahia.com.br\/index.php\/2024\/09\/09\/ministro-cai-apos-denuncia-e-em-camacari-que-garota-e-abusada-sexualmente-o-que-acontecera\/#respond\"]}]},{\"@type\":\"WebPage\",\"@id\":\"https:\/\/compartilhabahia.com.br\/index.php\/2024\/09\/09\/ministro-cai-apos-denuncia-e-em-camacari-que-garota-e-abusada-sexualmente-o-que-acontecera\/\",\"url\":\"https:\/\/compartilhabahia.com.br\/index.php\/2024\/09\/09\/ministro-cai-apos-denuncia-e-em-camacari-que-garota-e-abusada-sexualmente-o-que-acontecera\/\",\"name\":\"Ministro cai ap\u00f3s denuncia, e em Cama\u00e7ari que garota \u00e9 abusada sexualmente? o que acontecer\u00e1? - Compartilha Bahia\",\"isPartOf\":{\"@id\":\"https:\/\/compartilhabahia.com.br\/#website\"},\"datePublished\":\"2024-09-09T11:49:02+00:00\",\"dateModified\":\"2024-09-09T11:49:04+00:00\",\"breadcrumb\":{\"@id\":\"https:\/\/compartilhabahia.com.br\/index.php\/2024\/09\/09\/ministro-cai-apos-denuncia-e-em-camacari-que-garota-e-abusada-sexualmente-o-que-acontecera\/#breadcrumb\"},\"inLanguage\":\"pt-BR\",\"potentialAction\":[{\"@type\":\"ReadAction\",\"target\":[\"https:\/\/compartilhabahia.com.br\/index.php\/2024\/09\/09\/ministro-cai-apos-denuncia-e-em-camacari-que-garota-e-abusada-sexualmente-o-que-acontecera\/\"]}]},{\"@type\":\"BreadcrumbList\",\"@id\":\"https:\/\/compartilhabahia.com.br\/index.php\/2024\/09\/09\/ministro-cai-apos-denuncia-e-em-camacari-que-garota-e-abusada-sexualmente-o-que-acontecera\/#breadcrumb\",\"itemListElement\":[{\"@type\":\"ListItem\",\"position\":1,\"name\":\"In\u00edcio\",\"item\":\"https:\/\/compartilhabahia.com.br\/\"},{\"@type\":\"ListItem\",\"position\":2,\"name\":\"Ministro cai ap\u00f3s denuncia, e em Cama\u00e7ari que garota \u00e9 abusada sexualmente? o que acontecer\u00e1?\"}]},{\"@type\":\"WebSite\",\"@id\":\"https:\/\/compartilhabahia.com.br\/#website\",\"url\":\"https:\/\/compartilhabahia.com.br\/\",\"name\":\"Compartilha Bahia\",\"description\":\"\",\"publisher\":{\"@id\":\"https:\/\/compartilhabahia.com.br\/#organization\"},\"potentialAction\":[{\"@type\":\"SearchAction\",\"target\":{\"@type\":\"EntryPoint\",\"urlTemplate\":\"https:\/\/compartilhabahia.com.br\/?s={search_term_string}\"},\"query-input\":\"required name=search_term_string\"}],\"inLanguage\":\"pt-BR\"},{\"@type\":\"Organization\",\"@id\":\"https:\/\/compartilhabahia.com.br\/#organization\",\"name\":\"Compartilha Bahia\",\"url\":\"https:\/\/compartilhabahia.com.br\/\",\"logo\":{\"@type\":\"ImageObject\",\"inLanguage\":\"pt-BR\",\"@id\":\"https:\/\/compartilhabahia.com.br\/#\/schema\/logo\/image\/\",\"url\":\"https:\/\/compartilhabahia.com.br\/wp-content\/uploads\/2023\/12\/cropped-logo.png\",\"contentUrl\":\"https:\/\/compartilhabahia.com.br\/wp-content\/uploads\/2023\/12\/cropped-logo.png\",\"width\":300,\"height\":106,\"caption\":\"Compartilha Bahia\"},\"image\":{\"@id\":\"https:\/\/compartilhabahia.com.br\/#\/schema\/logo\/image\/\"},\"sameAs\":[\"https:\/\/web.facebook.com\/compartilhabahia\",\"https:\/\/www.instagram.com\/compartilhabahia\/\"]},{\"@type\":\"Person\",\"@id\":\"https:\/\/compartilhabahia.com.br\/#\/schema\/person\/9b4f0c3178793b8248d6686732521c04\",\"name\":\"admin\",\"image\":{\"@type\":\"ImageObject\",\"inLanguage\":\"pt-BR\",\"@id\":\"https:\/\/compartilhabahia.com.br\/#\/schema\/person\/image\/\",\"url\":\"https:\/\/secure.gravatar.com\/avatar\/9600df58751c5acbe914c538c03390ef649ea088cb65f84ba09c7ce66988eed6?s=96&d=mm&r=g\",\"contentUrl\":\"https:\/\/secure.gravatar.com\/avatar\/9600df58751c5acbe914c538c03390ef649ea088cb65f84ba09c7ce66988eed6?s=96&d=mm&r=g\",\"caption\":\"admin\"},\"sameAs\":[\"https:\/\/compartilhabahia.com.br\"],\"url\":\"https:\/\/compartilhabahia.com.br\/index.php\/author\/compartilhabahia\/\"}]}<\/script>\n<!-- \/ Yoast SEO plugin. -->","yoast_head_json":{"title":"Ministro cai ap\u00f3s denuncia, e em Cama\u00e7ari que garota \u00e9 abusada sexualmente? o que acontecer\u00e1? - Compartilha Bahia","robots":{"index":"index","follow":"follow","max-snippet":"max-snippet:-1","max-image-preview":"max-image-preview:large","max-video-preview":"max-video-preview:-1"},"canonical":"https:\/\/compartilhabahia.com.br\/index.php\/2024\/09\/09\/ministro-cai-apos-denuncia-e-em-camacari-que-garota-e-abusada-sexualmente-o-que-acontecera\/","og_locale":"pt_BR","og_type":"article","og_title":"Ministro cai ap\u00f3s denuncia, e em Cama\u00e7ari que garota \u00e9 abusada sexualmente? o que acontecer\u00e1? - Compartilha Bahia","og_description":"Em Bras\u00edlia den\u00fancia de ass\u00e9dio sexual derruba ministro, e em Cama\u00e7ari o que vai acontecer com padrasto denunciado por abusar sexualmente de uma garota? Na \u00faltima segunda feira, 02 de setembro, foi veiculado em v\u00e1rios jornais de Cama\u00e7ari (BA) o caso de uma jovem, que atualmente tem 20 anos, e que era abusada sexualmente desde [&hellip;]","og_url":"https:\/\/compartilhabahia.com.br\/index.php\/2024\/09\/09\/ministro-cai-apos-denuncia-e-em-camacari-que-garota-e-abusada-sexualmente-o-que-acontecera\/","og_site_name":"Compartilha Bahia","article_publisher":"https:\/\/web.facebook.com\/compartilhabahia","article_published_time":"2024-09-09T11:49:02+00:00","article_modified_time":"2024-09-09T11:49:04+00:00","og_image":[{"width":948,"height":584,"url":"https:\/\/compartilhabahia.com.br\/wp-content\/uploads\/2024\/09\/abusoinfantil.jpg","type":"image\/jpeg"}],"author":"admin","twitter_card":"summary_large_image","twitter_misc":{"Escrito por":"admin","Est. tempo de leitura":"2 minutos"},"schema":{"@context":"https:\/\/schema.org","@graph":[{"@type":"Article","@id":"https:\/\/compartilhabahia.com.br\/index.php\/2024\/09\/09\/ministro-cai-apos-denuncia-e-em-camacari-que-garota-e-abusada-sexualmente-o-que-acontecera\/#article","isPartOf":{"@id":"https:\/\/compartilhabahia.com.br\/index.php\/2024\/09\/09\/ministro-cai-apos-denuncia-e-em-camacari-que-garota-e-abusada-sexualmente-o-que-acontecera\/"},"author":{"name":"admin","@id":"https:\/\/compartilhabahia.com.br\/#\/schema\/person\/9b4f0c3178793b8248d6686732521c04"},"headline":"Ministro cai ap\u00f3s denuncia, e em Cama\u00e7ari que garota \u00e9 abusada sexualmente? o que acontecer\u00e1?","datePublished":"2024-09-09T11:49:02+00:00","dateModified":"2024-09-09T11:49:04+00:00","mainEntityOfPage":{"@id":"https:\/\/compartilhabahia.com.br\/index.php\/2024\/09\/09\/ministro-cai-apos-denuncia-e-em-camacari-que-garota-e-abusada-sexualmente-o-que-acontecera\/"},"wordCount":268,"commentCount":0,"publisher":{"@id":"https:\/\/compartilhabahia.com.br\/#organization"},"articleSection":["Mundo"],"inLanguage":"pt-BR","potentialAction":[{"@type":"CommentAction","name":"Comment","target":["https:\/\/compartilhabahia.com.br\/index.php\/2024\/09\/09\/ministro-cai-apos-denuncia-e-em-camacari-que-garota-e-abusada-sexualmente-o-que-acontecera\/#respond"]}]},{"@type":"WebPage","@id":"https:\/\/compartilhabahia.com.br\/index.php\/2024\/09\/09\/ministro-cai-apos-denuncia-e-em-camacari-que-garota-e-abusada-sexualmente-o-que-acontecera\/","url":"https:\/\/compartilhabahia.com.br\/index.php\/2024\/09\/09\/ministro-cai-apos-denuncia-e-em-camacari-que-garota-e-abusada-sexualmente-o-que-acontecera\/","name":"Ministro cai ap\u00f3s denuncia, e em Cama\u00e7ari que garota \u00e9 abusada sexualmente? o que acontecer\u00e1? - Compartilha Bahia","isPartOf":{"@id":"https:\/\/compartilhabahia.com.br\/#website"},"datePublished":"2024-09-09T11:49:02+00:00","dateModified":"2024-09-09T11:49:04+00:00","breadcrumb":{"@id":"https:\/\/compartilhabahia.com.br\/index.php\/2024\/09\/09\/ministro-cai-apos-denuncia-e-em-camacari-que-garota-e-abusada-sexualmente-o-que-acontecera\/#breadcrumb"},"inLanguage":"pt-BR","potentialAction":[{"@type":"ReadAction","target":["https:\/\/compartilhabahia.com.br\/index.php\/2024\/09\/09\/ministro-cai-apos-denuncia-e-em-camacari-que-garota-e-abusada-sexualmente-o-que-acontecera\/"]}]},{"@type":"BreadcrumbList","@id":"https:\/\/compartilhabahia.com.br\/index.php\/2024\/09\/09\/ministro-cai-apos-denuncia-e-em-camacari-que-garota-e-abusada-sexualmente-o-que-acontecera\/#breadcrumb","itemListElement":[{"@type":"ListItem","position":1,"name":"In\u00edcio","item":"https:\/\/compartilhabahia.com.br\/"},{"@type":"ListItem","position":2,"name":"Ministro cai ap\u00f3s denuncia, e em Cama\u00e7ari que garota \u00e9 abusada sexualmente? o que acontecer\u00e1?"}]},{"@type":"WebSite","@id":"https:\/\/compartilhabahia.com.br\/#website","url":"https:\/\/compartilhabahia.com.br\/","name":"Compartilha Bahia","description":"","publisher":{"@id":"https:\/\/compartilhabahia.com.br\/#organization"},"potentialAction":[{"@type":"SearchAction","target":{"@type":"EntryPoint","urlTemplate":"https:\/\/compartilhabahia.com.br\/?s={search_term_string}"},"query-input":"required name=search_term_string"}],"inLanguage":"pt-BR"},{"@type":"Organization","@id":"https:\/\/compartilhabahia.com.br\/#organization","name":"Compartilha Bahia","url":"https:\/\/compartilhabahia.com.br\/","logo":{"@type":"ImageObject","inLanguage":"pt-BR","@id":"https:\/\/compartilhabahia.com.br\/#\/schema\/logo\/image\/","url":"https:\/\/compartilhabahia.com.br\/wp-content\/uploads\/2023\/12\/cropped-logo.png","contentUrl":"https:\/\/compartilhabahia.com.br\/wp-content\/uploads\/2023\/12\/cropped-logo.png","width":300,"height":106,"caption":"Compartilha Bahia"},"image":{"@id":"https:\/\/compartilhabahia.com.br\/#\/schema\/logo\/image\/"},"sameAs":["https:\/\/web.facebook.com\/compartilhabahia","https:\/\/www.instagram.com\/compartilhabahia\/"]},{"@type":"Person","@id":"https:\/\/compartilhabahia.com.br\/#\/schema\/person\/9b4f0c3178793b8248d6686732521c04","name":"admin","image":{"@type":"ImageObject","inLanguage":"pt-BR","@id":"https:\/\/compartilhabahia.com.br\/#\/schema\/person\/image\/","url":"https:\/\/secure.gravatar.com\/avatar\/9600df58751c5acbe914c538c03390ef649ea088cb65f84ba09c7ce66988eed6?s=96&d=mm&r=g","contentUrl":"https:\/\/secure.gravatar.com\/avatar\/9600df58751c5acbe914c538c03390ef649ea088cb65f84ba09c7ce66988eed6?s=96&d=mm&r=g","caption":"admin"},"sameAs":["https:\/\/compartilhabahia.com.br"],"url":"https:\/\/compartilhabahia.com.br\/index.php\/author\/compartilhabahia\/"}]}},"_links":{"self":[{"href":"https:\/\/compartilhabahia.com.br\/index.php\/wp-json\/wp\/v2\/posts\/3605","targetHints":{"allow":["GET"]}}],"collection":[{"href":"https:\/\/compartilhabahia.com.br\/index.php\/wp-json\/wp\/v2\/posts"}],"about":[{"href":"https:\/\/compartilhabahia.com.br\/index.php\/wp-json\/wp\/v2\/types\/post"}],"author":[{"embeddable":true,"href":"https:\/\/compartilhabahia.com.br\/index.php\/wp-json\/wp\/v2\/users\/1"}],"replies":[{"embeddable":true,"href":"https:\/\/compartilhabahia.com.br\/index.php\/wp-json\/wp\/v2\/comments?post=3605"}],"version-history":[{"count":1,"href":"https:\/\/compartilhabahia.com.br\/index.php\/wp-json\/wp\/v2\/posts\/3605\/revisions"}],"predecessor-version":[{"id":3607,"href":"https:\/\/compartilhabahia.com.br\/index.php\/wp-json\/wp\/v2\/posts\/3605\/revisions\/3607"}],"wp:featuredmedia":[{"embeddable":true,"href":"https:\/\/compartilhabahia.com.br\/index.php\/wp-json\/wp\/v2\/media\/3606"}],"wp:attachment":[{"href":"https:\/\/compartilhabahia.com.br\/index.php\/wp-json\/wp\/v2\/media?parent=3605"}],"wp:term":[{"taxonomy":"category","embeddable":true,"href":"https:\/\/compartilhabahia.com.br\/index.php\/wp-json\/wp\/v2\/categories?post=3605"},{"taxonomy":"post_tag","embeddable":true,"href":"https:\/\/compartilhabahia.com.br\/index.php\/wp-json\/wp\/v2\/tags?post=3605"}],"curies":[{"name":"wp","href":"https:\/\/api.w.org\/{rel}","templated":true}]}}