{"id":3552,"date":"2024-09-05T00:24:39","date_gmt":"2024-09-05T00:24:39","guid":{"rendered":"https:\/\/compartilhabahia.com.br\/?p=3552"},"modified":"2024-09-05T00:24:40","modified_gmt":"2024-09-05T00:24:40","slug":"meningite-fiocruz-detecta-ratos-infectados","status":"publish","type":"post","link":"https:\/\/compartilhabahia.com.br\/index.php\/2024\/09\/05\/meningite-fiocruz-detecta-ratos-infectados\/","title":{"rendered":"Meningite: Fiocruz detecta ratos infectados"},"content":{"rendered":"\n<p>Como segunda etapa da investiga\u00e7\u00e3o epidemiol\u00f3gica para esclarecer \u00f3bito ocorrido em abril, por meningite eosinof\u00edlica, em Nova Igua\u00e7u, na Baixada Fluminense, pesquisadores do Instituto Oswaldo Cruz (IOC\/Fiocruz) voltaram \u00e0 localidade. Dessa vez, para coletar e analisar roedores.<\/p>\n\n\n\n<p>Na primeira etapa do trabalho, especialistas haviam identificado a presen\u00e7a do verme&nbsp;<em>Angiostrongylus cantonensis<\/em>, causador da doen\u00e7a,&nbsp;<a href=\"https:\/\/www.ioc.fiocruz.br\/noticias\/meningite-transmitida-por-caramujo-caso-em-nova-iguacu-reforca-alerta\">em um caramujo aqu\u00e1tico e dois caramujos terrestres<\/a>.<\/p>\n\n\n\n<p>No entanto, restava uma importante avalia\u00e7\u00e3o para concluir a investiga\u00e7\u00e3o do caso, pois, para se perpetuar na natureza, o verme depende de dois hospedeiros: um molusco e um roedor.<\/p>\n\n\n\n<figure class=\"wp-block-image\"><img decoding=\"async\" src=\"https:\/\/www.ioc.fiocruz.br\/sites\/default\/files\/campo_roedores_1_dentro.jpg\" alt=\"\"\/><\/figure>\n\n\n\n<p>Pesquisadores instalaram armadilhas para coletar pequenos mam\u00edferos na regi\u00e3o onde ocorreu caso de meningite eosinof\u00edlica. Foto: Acervo IOC<\/p>\n\n\n\n<p>O ciclo funciona da seguinte forma: as larvas eliminadas pelos moluscos (chamadas de L3) infectam roedores, como os ratos urbanos. Nestes hospedeiros, elas evoluem at\u00e9 chegarem \u00e0s formas adultas do verme, que se reproduzem, gerando ovos, que eclodem e liberam larvas (chamadas de L1).<\/p>\n\n\n\n<p>As larvas L1 s\u00e3o eliminadas nas fezes dos roedores e ingeridas pelos caramujos. Dentro dos moluscos, elas se desenvolvem at\u00e9 alcan\u00e7ar a forma de larvas L3, que \u00e9 infectiva para roedores e, acidentalmente, pode infectar o ser humano.<\/p>\n\n\n\n<p>Para desvendar o ciclo completo da doen\u00e7a, os pesquisadores realizaram a coleta de pequenos mam\u00edferos na \u00e1rea onde o caso foi registrado.<\/p>\n\n\n\n<p>Quinze animais foram capturados, incluindo dez ratos da esp\u00e9cie&nbsp;<em>Rattus norvegicus<\/em>, tr\u00eas gamb\u00e1s da esp\u00e9cie&nbsp;<em>Didelphis aurita<\/em>&nbsp;e duas pre\u00e1s da esp\u00e9cie&nbsp;<em>Cavia fulgida<\/em>.<\/p>\n\n\n\n<p>Entre estes, a infec\u00e7\u00e3o pelo verme&nbsp;<em>A. cantonensis<\/em>&nbsp;foi confirmada em cinco ratos&nbsp;<em>R. norvegicus<\/em>, conhecidos popularmente como ratazanas de esgoto.<\/p>\n\n\n\n<figure class=\"wp-block-image\"><img decoding=\"async\" src=\"https:\/\/www.ioc.fiocruz.br\/sites\/default\/files\/campo_roedores_3_dentro.jpg\" alt=\"\"\/><\/figure>\n\n\n\n<p>Rato&nbsp;capturado&nbsp;em \u00e1rea com ac\u00famulo de lixo. Foto: Acervo IOC<\/p>\n\n\n\n<p>O achado foi conduzido pelo Laborat\u00f3rio de Biologia e Parasitologia de Mam\u00edferos Silvestres Reservat\u00f3rios do IOC, que atua em n\u00edvel de refer\u00eancia, junto ao Minist\u00e9rio da Sa\u00fade, para taxonomia e diagn\u00f3stico de animais silvestres reservat\u00f3rios de doen\u00e7as.<\/p>\n\n\n\n<p>Os cientistas se somaram aos esfor\u00e7os iniciados pelo Laborat\u00f3rio de Malacologia do IOC\/Fiocruz, que conduziu a primeira etapa da investiga\u00e7\u00e3o.<\/p>\n\n\n\n<p>Todos os resultados foram comunicados \u00e0 Secretaria Municipal de Sa\u00fade, que solicitou a investiga\u00e7\u00e3o, e ao Minist\u00e9rio da Sa\u00fade, atrav\u00e9s de laudo.<\/p>\n\n\n\n<p>Pesquisadores do Instituto Nacional de Infectologia Evandro Chagas (INI\/Fiocruz) e da Universidade Federal Rural do Rio de Janeiro (UFRRJ) participaram da segunda etapa do trabalho.<\/p>\n\n\n\n<p>A parceria com t\u00e9cnicos da Superintend\u00eancia de Vigil\u00e2ncia Ambiental em Sa\u00fade de Nova Igua\u00e7u (Suvam\/Nova Igua\u00e7u) foi fundamental em todas as etapas da investiga\u00e7\u00e3o.<\/p>\n\n\n\n<p><strong>Preven\u00e7\u00e3o contra novos casos<\/strong><\/p>\n\n\n\n<p>A detec\u00e7\u00e3o do verme em caramujos e ratos confirma que o ciclo completo de transmiss\u00e3o da doen\u00e7a est\u00e1 estabelecido na regi\u00e3o onde o paciente foi infectado.<\/p>\n\n\n\n<p>\u201cEncontramos alta taxa de infectividade em ratos, que foram capturados em apenas tr\u00eas noites de coleta, no interior e nos quintais de resid\u00eancias. Isso mostra que o parasito est\u00e1 circulando no ambiente e representa um risco para a popula\u00e7\u00e3o\u201d, afirma o coordenador do Laborat\u00f3rio de Refer\u00eancia Nacional em Taxonomia e Diagn\u00f3stico de Reservat\u00f3rios Silvestres das Leishmanioses, Paulo D\u2019Andrea.<\/p>\n\n\n\n<p>Considerando os achados, os pesquisadores apontam a necessidade de medidas de controle dos dois hospedeiros do parasito.<\/p>\n\n\n\n<p>\u201cNo curto prazo, podem ser feitas a\u00e7\u00f5es para reduzir a popula\u00e7\u00e3o de roedores. Nos m\u00e9dio e longo prazos, \u00e9 importante regularizar a coleta de lixo org\u00e2nico e implementar esgotamento sanit\u00e1rio na regi\u00e3o, porque o lixo acumulado e o esgoto a c\u00e9u aberto atraem os ratos para perto das resid\u00eancias\u201d, aponta a coordenadora adjunta do Laborat\u00f3rio de Refer\u00eancia Nacional em Taxonomia e Diagn\u00f3stico de Reservat\u00f3rios Silvestres das Leishmanioses, Michele dos Santos.<\/p>\n\n\n\n<figure class=\"wp-block-image\"><img decoding=\"async\" src=\"https:\/\/www.ioc.fiocruz.br\/sites\/default\/files\/campo_roedores_2_dentro.jpg\" alt=\"\"\/><\/figure>\n\n\n\n<p>Esgoto a c\u00e9u aberto na regi\u00e3o onde ocorreu caso contribui para atrair ratos para perto das resid\u00eancias. Foto: Acervo IOC<\/p>\n\n\n\n<p>Em rela\u00e7\u00e3o aos caramujos, os especialistas indicam que a cata\u00e7\u00e3o manual \u00e9 a principal estrat\u00e9gia para combater o caramujo gigante africano (esp\u00e9cie&nbsp;<em>Achatina fulica<\/em>), que est\u00e1 envolvido na maioria dos casos de meningite eosinof\u00edlica.<\/p>\n\n\n\n<p>\u00c9 importante realizar o procedimento com as m\u00e3os protegidas por luvas ou sacos pl\u00e1sticos para evitar a contamina\u00e7\u00e3o. Confira o passo-a-passo&nbsp;<a href=\"https:\/\/www.ioc.fiocruz.br\/noticias\/meningite-transmitida-por-caramujo-caso-em-nova-iguacu-reforca-alerta\" target=\"_blank\" rel=\"noreferrer noopener\">aqui<\/a>.<\/p>\n\n\n\n<p>Al\u00e9m do controle dos hospedeiros, os pesquisadores refor\u00e7am a import\u00e2ncia de informar e orientar a popula\u00e7\u00e3o para prevenir novos casos de infec\u00e7\u00e3o pelo verme, a partir de a\u00e7\u00f5es de educa\u00e7\u00e3o em sa\u00fade para diferentes p\u00fablicos.<\/p>\n\n\n\n<p>As pessoas podem ser infectadas pelo verme da meningite ao ingerir caramujos infectados malcozidos ou consumir alimentos mal higienizados contaminados pelo muco eliminado pelos moluscos, como verduras, frutas e legumes.<\/p>\n\n\n\n<p>Entre os principais cuidados para evitar a infec\u00e7\u00e3o est\u00e3o:<\/p>\n\n\n\n<ul class=\"wp-block-list\">\n<li>N\u00e3o ingerir moluscos crus ou malcozidos, incluindo caramujos terrestres ou aqu\u00e1ticos e lesmas;<\/li>\n\n\n\n<li>Lavar bem frutas e verduras, deixando de molho por 30 minutos em mistura com um litro de \u00e1gua e uma colher de sopa de \u00e1gua sanit\u00e1ria, enxaguando-as bem em \u00e1gua corrente antes do consumo.<\/li>\n<\/ul>\n\n\n\n<p>\u201cEvitar ac\u00famulo de lixo e entulho nas resid\u00eancias ajuda a reduzir a presen\u00e7a de ratos. \u00c9 preciso ter cuidado com o uso de raticidas devido ao risco de ingest\u00e3o acidental e intoxica\u00e7\u00e3o, principalmente para crian\u00e7as e outros animais\u201d, alerta Michele.<\/p>\n\n\n\n<p><strong>Sintomas da doen\u00e7a<\/strong><\/p>\n\n\n\n<p>Assim como outras formas de meningite, a infec\u00e7\u00e3o provoca inflama\u00e7\u00e3o das meninges, membranas que envolvem o sistema nervoso central, incluindo o c\u00e9rebro e a medula espinhal.<\/p>\n\n\n\n<p>A dor de cabe\u00e7a \u00e9 o sintoma mais comum da meningite eosinof\u00edlica. Tamb\u00e9m podem ocorrer rigidez da nuca, febre, dist\u00farbios visuais, enjoo, v\u00f4mito e parestesia persistente (por exemplo, sensa\u00e7\u00e3o de formigamento ou dorm\u00eancia).<\/p>\n\n\n\n<p>Na maioria dos casos, o paciente se cura espontaneamente. Por\u00e9m, o acompanhamento m\u00e9dico \u00e9 importante porque alguns indiv\u00edduos desenvolvem quadros graves, que podem levar \u00e0 morte.<\/p>\n\n\n\n<p>O tratamento busca reduzir a inflama\u00e7\u00e3o no sistema nervoso central e aliviar a dor, al\u00e9m de evitar complica\u00e7\u00f5es.<\/p>\n\n\n\n<p><strong>Investiga\u00e7\u00e3o de campo<\/strong><\/p>\n\n\n\n<p>Para identificar os roedores envolvidos no ciclo do verme, pesquisadores instalaram armadilhas nos quintais e no interior de resid\u00eancias e estabelecimentos comerciais nas proximidades do local onde provavelmente ocorreu a infec\u00e7\u00e3o.<\/p>\n\n\n\n<figure class=\"wp-block-image\"><img decoding=\"async\" src=\"https:\/\/www.ioc.fiocruz.br\/sites\/default\/files\/campo_roedores_5_dentro.jpg\" alt=\"\"\/><\/figure>\n\n\n\n<p>Laborat\u00f3rio de campo foi montado para an\u00e1lises iniciais. Foto: Acervo IOC<\/p>\n\n\n\n<p>As an\u00e1lises iniciais foram realizadas no laborat\u00f3rio de campo, montado no bairro Ipiranga, pr\u00f3ximo \u00e0 \u00e1rea de captura dos animais, e posteriormente, nos laborat\u00f3rios do IOC.<\/p>\n\n\n\n<p>As esp\u00e9cies dos mam\u00edferos capturados e dos parasitos foram identificadas atrav\u00e9s de an\u00e1lise morfol\u00f3gica (que estuda a forma e a estrutura dos organismos) e, quando necess\u00e1rio, sequenciamento gen\u00e9tico.<\/p>\n\n\n\n<p>Todos os procedimentos seguiram protocolos estabelecidos pelo Laborat\u00f3rio de Biologia e Parasitologia de Mam\u00edferos Silvestres Reservat\u00f3rios do IOC, considerando par\u00e2metros de biosseguran\u00e7a e \u00e9tica no manejo de animais.<\/p>\n\n\n\n<p><strong>Caramujos infectados<\/strong><\/p>\n\n\n\n<p>As primeiras an\u00e1lises realizadas ap\u00f3s o caso detectaram o verme&nbsp;<em>A. cantonensis<\/em>&nbsp;em caramujo aqu\u00e1tico do g\u00eanero Pomacea, conhecido popularmente como lol\u00f4 ou aru\u00e1.&nbsp;<\/p>\n\n\n\n<p>Posteriormente, a infec\u00e7\u00e3o tamb\u00e9m foi confirmada em moluscos terrestres da esp\u00e9cie&nbsp;<em>Achatina fulica<\/em>, chamados de caramujo gigante africano, que foram coletados pela equipe da Suvam\/Nova Igua\u00e7u e analisados pelo Laborat\u00f3rio de Malacologia do IOC.<\/p>\n\n\n\n<p>Todos os achados foram comunicados por meio de laudos enviados \u00e0 Secretaria Municipal de Sa\u00fade e ao Minist\u00e9rio da Sa\u00fade.<\/p>\n","protected":false},"excerpt":{"rendered":"<p>Como segunda etapa da investiga\u00e7\u00e3o epidemiol\u00f3gica para esclarecer \u00f3bito ocorrido em abril, por meningite eosinof\u00edlica, em Nova Igua\u00e7u, na Baixada Fluminense, pesquisadores do Instituto Oswaldo Cruz (IOC\/Fiocruz) voltaram \u00e0 localidade. Dessa vez, para coletar e analisar roedores. Na primeira etapa do trabalho, especialistas haviam identificado a presen\u00e7a do verme&nbsp;Angiostrongylus cantonensis, causador da doen\u00e7a,&nbsp;em um caramujo [&hellip;]<\/p>\n","protected":false},"author":1,"featured_media":3553,"comment_status":"open","ping_status":"open","sticky":false,"template":"","format":"standard","meta":{"footnotes":""},"categories":[4],"tags":[],"class_list":["post-3552","post","type-post","status-publish","format-standard","has-post-thumbnail","hentry","category-brasil"],"yoast_head":"<!-- This site is optimized with the Yoast SEO plugin v21.7 - https:\/\/yoast.com\/wordpress\/plugins\/seo\/ -->\n<title>Meningite: Fiocruz detecta ratos infectados - Compartilha Bahia<\/title>\n<meta name=\"robots\" content=\"index, follow, max-snippet:-1, max-image-preview:large, max-video-preview:-1\" \/>\n<link rel=\"canonical\" href=\"https:\/\/compartilhabahia.com.br\/index.php\/2024\/09\/05\/meningite-fiocruz-detecta-ratos-infectados\/\" \/>\n<meta property=\"og:locale\" content=\"pt_BR\" \/>\n<meta property=\"og:type\" content=\"article\" \/>\n<meta property=\"og:title\" content=\"Meningite: Fiocruz detecta ratos infectados - Compartilha Bahia\" \/>\n<meta property=\"og:description\" content=\"Como segunda etapa da investiga\u00e7\u00e3o epidemiol\u00f3gica para esclarecer \u00f3bito ocorrido em abril, por meningite eosinof\u00edlica, em Nova Igua\u00e7u, na Baixada Fluminense, pesquisadores do Instituto Oswaldo Cruz (IOC\/Fiocruz) voltaram \u00e0 localidade. Dessa vez, para coletar e analisar roedores. Na primeira etapa do trabalho, especialistas haviam identificado a presen\u00e7a do verme&nbsp;Angiostrongylus cantonensis, causador da doen\u00e7a,&nbsp;em um caramujo [&hellip;]\" \/>\n<meta property=\"og:url\" content=\"https:\/\/compartilhabahia.com.br\/index.php\/2024\/09\/05\/meningite-fiocruz-detecta-ratos-infectados\/\" \/>\n<meta property=\"og:site_name\" content=\"Compartilha Bahia\" \/>\n<meta property=\"article:publisher\" content=\"https:\/\/web.facebook.com\/compartilhabahia\" \/>\n<meta property=\"article:published_time\" content=\"2024-09-05T00:24:39+00:00\" \/>\n<meta property=\"article:modified_time\" content=\"2024-09-05T00:24:40+00:00\" \/>\n<meta property=\"og:image\" content=\"https:\/\/compartilhabahia.com.br\/wp-content\/uploads\/2024\/09\/campo_roedores_3_dentro.jpg\" \/>\n\t<meta property=\"og:image:width\" content=\"400\" \/>\n\t<meta property=\"og:image:height\" content=\"600\" \/>\n\t<meta property=\"og:image:type\" content=\"image\/jpeg\" \/>\n<meta name=\"author\" content=\"admin\" \/>\n<meta name=\"twitter:card\" content=\"summary_large_image\" \/>\n<meta name=\"twitter:label1\" content=\"Escrito por\" \/>\n\t<meta name=\"twitter:data1\" content=\"admin\" \/>\n\t<meta name=\"twitter:label2\" content=\"Est. tempo de leitura\" \/>\n\t<meta name=\"twitter:data2\" content=\"8 minutos\" \/>\n<script type=\"application\/ld+json\" class=\"yoast-schema-graph\">{\"@context\":\"https:\/\/schema.org\",\"@graph\":[{\"@type\":\"Article\",\"@id\":\"https:\/\/compartilhabahia.com.br\/index.php\/2024\/09\/05\/meningite-fiocruz-detecta-ratos-infectados\/#article\",\"isPartOf\":{\"@id\":\"https:\/\/compartilhabahia.com.br\/index.php\/2024\/09\/05\/meningite-fiocruz-detecta-ratos-infectados\/\"},\"author\":{\"name\":\"admin\",\"@id\":\"https:\/\/compartilhabahia.com.br\/#\/schema\/person\/9b4f0c3178793b8248d6686732521c04\"},\"headline\":\"Meningite: Fiocruz detecta ratos infectados\",\"datePublished\":\"2024-09-05T00:24:39+00:00\",\"dateModified\":\"2024-09-05T00:24:40+00:00\",\"mainEntityOfPage\":{\"@id\":\"https:\/\/compartilhabahia.com.br\/index.php\/2024\/09\/05\/meningite-fiocruz-detecta-ratos-infectados\/\"},\"wordCount\":1291,\"commentCount\":0,\"publisher\":{\"@id\":\"https:\/\/compartilhabahia.com.br\/#organization\"},\"articleSection\":[\"Brasil\"],\"inLanguage\":\"pt-BR\",\"potentialAction\":[{\"@type\":\"CommentAction\",\"name\":\"Comment\",\"target\":[\"https:\/\/compartilhabahia.com.br\/index.php\/2024\/09\/05\/meningite-fiocruz-detecta-ratos-infectados\/#respond\"]}]},{\"@type\":\"WebPage\",\"@id\":\"https:\/\/compartilhabahia.com.br\/index.php\/2024\/09\/05\/meningite-fiocruz-detecta-ratos-infectados\/\",\"url\":\"https:\/\/compartilhabahia.com.br\/index.php\/2024\/09\/05\/meningite-fiocruz-detecta-ratos-infectados\/\",\"name\":\"Meningite: Fiocruz detecta ratos infectados - Compartilha Bahia\",\"isPartOf\":{\"@id\":\"https:\/\/compartilhabahia.com.br\/#website\"},\"datePublished\":\"2024-09-05T00:24:39+00:00\",\"dateModified\":\"2024-09-05T00:24:40+00:00\",\"breadcrumb\":{\"@id\":\"https:\/\/compartilhabahia.com.br\/index.php\/2024\/09\/05\/meningite-fiocruz-detecta-ratos-infectados\/#breadcrumb\"},\"inLanguage\":\"pt-BR\",\"potentialAction\":[{\"@type\":\"ReadAction\",\"target\":[\"https:\/\/compartilhabahia.com.br\/index.php\/2024\/09\/05\/meningite-fiocruz-detecta-ratos-infectados\/\"]}]},{\"@type\":\"BreadcrumbList\",\"@id\":\"https:\/\/compartilhabahia.com.br\/index.php\/2024\/09\/05\/meningite-fiocruz-detecta-ratos-infectados\/#breadcrumb\",\"itemListElement\":[{\"@type\":\"ListItem\",\"position\":1,\"name\":\"In\u00edcio\",\"item\":\"https:\/\/compartilhabahia.com.br\/\"},{\"@type\":\"ListItem\",\"position\":2,\"name\":\"Meningite: Fiocruz detecta ratos infectados\"}]},{\"@type\":\"WebSite\",\"@id\":\"https:\/\/compartilhabahia.com.br\/#website\",\"url\":\"https:\/\/compartilhabahia.com.br\/\",\"name\":\"Compartilha Bahia\",\"description\":\"\",\"publisher\":{\"@id\":\"https:\/\/compartilhabahia.com.br\/#organization\"},\"potentialAction\":[{\"@type\":\"SearchAction\",\"target\":{\"@type\":\"EntryPoint\",\"urlTemplate\":\"https:\/\/compartilhabahia.com.br\/?s={search_term_string}\"},\"query-input\":\"required name=search_term_string\"}],\"inLanguage\":\"pt-BR\"},{\"@type\":\"Organization\",\"@id\":\"https:\/\/compartilhabahia.com.br\/#organization\",\"name\":\"Compartilha Bahia\",\"url\":\"https:\/\/compartilhabahia.com.br\/\",\"logo\":{\"@type\":\"ImageObject\",\"inLanguage\":\"pt-BR\",\"@id\":\"https:\/\/compartilhabahia.com.br\/#\/schema\/logo\/image\/\",\"url\":\"https:\/\/compartilhabahia.com.br\/wp-content\/uploads\/2023\/12\/cropped-logo.png\",\"contentUrl\":\"https:\/\/compartilhabahia.com.br\/wp-content\/uploads\/2023\/12\/cropped-logo.png\",\"width\":300,\"height\":106,\"caption\":\"Compartilha Bahia\"},\"image\":{\"@id\":\"https:\/\/compartilhabahia.com.br\/#\/schema\/logo\/image\/\"},\"sameAs\":[\"https:\/\/web.facebook.com\/compartilhabahia\",\"https:\/\/www.instagram.com\/compartilhabahia\/\"]},{\"@type\":\"Person\",\"@id\":\"https:\/\/compartilhabahia.com.br\/#\/schema\/person\/9b4f0c3178793b8248d6686732521c04\",\"name\":\"admin\",\"image\":{\"@type\":\"ImageObject\",\"inLanguage\":\"pt-BR\",\"@id\":\"https:\/\/compartilhabahia.com.br\/#\/schema\/person\/image\/\",\"url\":\"https:\/\/secure.gravatar.com\/avatar\/9600df58751c5acbe914c538c03390ef649ea088cb65f84ba09c7ce66988eed6?s=96&d=mm&r=g\",\"contentUrl\":\"https:\/\/secure.gravatar.com\/avatar\/9600df58751c5acbe914c538c03390ef649ea088cb65f84ba09c7ce66988eed6?s=96&d=mm&r=g\",\"caption\":\"admin\"},\"sameAs\":[\"https:\/\/compartilhabahia.com.br\"],\"url\":\"https:\/\/compartilhabahia.com.br\/index.php\/author\/compartilhabahia\/\"}]}<\/script>\n<!-- \/ Yoast SEO plugin. -->","yoast_head_json":{"title":"Meningite: Fiocruz detecta ratos infectados - Compartilha Bahia","robots":{"index":"index","follow":"follow","max-snippet":"max-snippet:-1","max-image-preview":"max-image-preview:large","max-video-preview":"max-video-preview:-1"},"canonical":"https:\/\/compartilhabahia.com.br\/index.php\/2024\/09\/05\/meningite-fiocruz-detecta-ratos-infectados\/","og_locale":"pt_BR","og_type":"article","og_title":"Meningite: Fiocruz detecta ratos infectados - Compartilha Bahia","og_description":"Como segunda etapa da investiga\u00e7\u00e3o epidemiol\u00f3gica para esclarecer \u00f3bito ocorrido em abril, por meningite eosinof\u00edlica, em Nova Igua\u00e7u, na Baixada Fluminense, pesquisadores do Instituto Oswaldo Cruz (IOC\/Fiocruz) voltaram \u00e0 localidade. Dessa vez, para coletar e analisar roedores. Na primeira etapa do trabalho, especialistas haviam identificado a presen\u00e7a do verme&nbsp;Angiostrongylus cantonensis, causador da doen\u00e7a,&nbsp;em um caramujo [&hellip;]","og_url":"https:\/\/compartilhabahia.com.br\/index.php\/2024\/09\/05\/meningite-fiocruz-detecta-ratos-infectados\/","og_site_name":"Compartilha Bahia","article_publisher":"https:\/\/web.facebook.com\/compartilhabahia","article_published_time":"2024-09-05T00:24:39+00:00","article_modified_time":"2024-09-05T00:24:40+00:00","og_image":[{"width":400,"height":600,"url":"https:\/\/compartilhabahia.com.br\/wp-content\/uploads\/2024\/09\/campo_roedores_3_dentro.jpg","type":"image\/jpeg"}],"author":"admin","twitter_card":"summary_large_image","twitter_misc":{"Escrito por":"admin","Est. tempo de leitura":"8 minutos"},"schema":{"@context":"https:\/\/schema.org","@graph":[{"@type":"Article","@id":"https:\/\/compartilhabahia.com.br\/index.php\/2024\/09\/05\/meningite-fiocruz-detecta-ratos-infectados\/#article","isPartOf":{"@id":"https:\/\/compartilhabahia.com.br\/index.php\/2024\/09\/05\/meningite-fiocruz-detecta-ratos-infectados\/"},"author":{"name":"admin","@id":"https:\/\/compartilhabahia.com.br\/#\/schema\/person\/9b4f0c3178793b8248d6686732521c04"},"headline":"Meningite: Fiocruz detecta ratos infectados","datePublished":"2024-09-05T00:24:39+00:00","dateModified":"2024-09-05T00:24:40+00:00","mainEntityOfPage":{"@id":"https:\/\/compartilhabahia.com.br\/index.php\/2024\/09\/05\/meningite-fiocruz-detecta-ratos-infectados\/"},"wordCount":1291,"commentCount":0,"publisher":{"@id":"https:\/\/compartilhabahia.com.br\/#organization"},"articleSection":["Brasil"],"inLanguage":"pt-BR","potentialAction":[{"@type":"CommentAction","name":"Comment","target":["https:\/\/compartilhabahia.com.br\/index.php\/2024\/09\/05\/meningite-fiocruz-detecta-ratos-infectados\/#respond"]}]},{"@type":"WebPage","@id":"https:\/\/compartilhabahia.com.br\/index.php\/2024\/09\/05\/meningite-fiocruz-detecta-ratos-infectados\/","url":"https:\/\/compartilhabahia.com.br\/index.php\/2024\/09\/05\/meningite-fiocruz-detecta-ratos-infectados\/","name":"Meningite: Fiocruz detecta ratos infectados - Compartilha Bahia","isPartOf":{"@id":"https:\/\/compartilhabahia.com.br\/#website"},"datePublished":"2024-09-05T00:24:39+00:00","dateModified":"2024-09-05T00:24:40+00:00","breadcrumb":{"@id":"https:\/\/compartilhabahia.com.br\/index.php\/2024\/09\/05\/meningite-fiocruz-detecta-ratos-infectados\/#breadcrumb"},"inLanguage":"pt-BR","potentialAction":[{"@type":"ReadAction","target":["https:\/\/compartilhabahia.com.br\/index.php\/2024\/09\/05\/meningite-fiocruz-detecta-ratos-infectados\/"]}]},{"@type":"BreadcrumbList","@id":"https:\/\/compartilhabahia.com.br\/index.php\/2024\/09\/05\/meningite-fiocruz-detecta-ratos-infectados\/#breadcrumb","itemListElement":[{"@type":"ListItem","position":1,"name":"In\u00edcio","item":"https:\/\/compartilhabahia.com.br\/"},{"@type":"ListItem","position":2,"name":"Meningite: Fiocruz detecta ratos infectados"}]},{"@type":"WebSite","@id":"https:\/\/compartilhabahia.com.br\/#website","url":"https:\/\/compartilhabahia.com.br\/","name":"Compartilha Bahia","description":"","publisher":{"@id":"https:\/\/compartilhabahia.com.br\/#organization"},"potentialAction":[{"@type":"SearchAction","target":{"@type":"EntryPoint","urlTemplate":"https:\/\/compartilhabahia.com.br\/?s={search_term_string}"},"query-input":"required name=search_term_string"}],"inLanguage":"pt-BR"},{"@type":"Organization","@id":"https:\/\/compartilhabahia.com.br\/#organization","name":"Compartilha Bahia","url":"https:\/\/compartilhabahia.com.br\/","logo":{"@type":"ImageObject","inLanguage":"pt-BR","@id":"https:\/\/compartilhabahia.com.br\/#\/schema\/logo\/image\/","url":"https:\/\/compartilhabahia.com.br\/wp-content\/uploads\/2023\/12\/cropped-logo.png","contentUrl":"https:\/\/compartilhabahia.com.br\/wp-content\/uploads\/2023\/12\/cropped-logo.png","width":300,"height":106,"caption":"Compartilha Bahia"},"image":{"@id":"https:\/\/compartilhabahia.com.br\/#\/schema\/logo\/image\/"},"sameAs":["https:\/\/web.facebook.com\/compartilhabahia","https:\/\/www.instagram.com\/compartilhabahia\/"]},{"@type":"Person","@id":"https:\/\/compartilhabahia.com.br\/#\/schema\/person\/9b4f0c3178793b8248d6686732521c04","name":"admin","image":{"@type":"ImageObject","inLanguage":"pt-BR","@id":"https:\/\/compartilhabahia.com.br\/#\/schema\/person\/image\/","url":"https:\/\/secure.gravatar.com\/avatar\/9600df58751c5acbe914c538c03390ef649ea088cb65f84ba09c7ce66988eed6?s=96&d=mm&r=g","contentUrl":"https:\/\/secure.gravatar.com\/avatar\/9600df58751c5acbe914c538c03390ef649ea088cb65f84ba09c7ce66988eed6?s=96&d=mm&r=g","caption":"admin"},"sameAs":["https:\/\/compartilhabahia.com.br"],"url":"https:\/\/compartilhabahia.com.br\/index.php\/author\/compartilhabahia\/"}]}},"_links":{"self":[{"href":"https:\/\/compartilhabahia.com.br\/index.php\/wp-json\/wp\/v2\/posts\/3552","targetHints":{"allow":["GET"]}}],"collection":[{"href":"https:\/\/compartilhabahia.com.br\/index.php\/wp-json\/wp\/v2\/posts"}],"about":[{"href":"https:\/\/compartilhabahia.com.br\/index.php\/wp-json\/wp\/v2\/types\/post"}],"author":[{"embeddable":true,"href":"https:\/\/compartilhabahia.com.br\/index.php\/wp-json\/wp\/v2\/users\/1"}],"replies":[{"embeddable":true,"href":"https:\/\/compartilhabahia.com.br\/index.php\/wp-json\/wp\/v2\/comments?post=3552"}],"version-history":[{"count":1,"href":"https:\/\/compartilhabahia.com.br\/index.php\/wp-json\/wp\/v2\/posts\/3552\/revisions"}],"predecessor-version":[{"id":3554,"href":"https:\/\/compartilhabahia.com.br\/index.php\/wp-json\/wp\/v2\/posts\/3552\/revisions\/3554"}],"wp:featuredmedia":[{"embeddable":true,"href":"https:\/\/compartilhabahia.com.br\/index.php\/wp-json\/wp\/v2\/media\/3553"}],"wp:attachment":[{"href":"https:\/\/compartilhabahia.com.br\/index.php\/wp-json\/wp\/v2\/media?parent=3552"}],"wp:term":[{"taxonomy":"category","embeddable":true,"href":"https:\/\/compartilhabahia.com.br\/index.php\/wp-json\/wp\/v2\/categories?post=3552"},{"taxonomy":"post_tag","embeddable":true,"href":"https:\/\/compartilhabahia.com.br\/index.php\/wp-json\/wp\/v2\/tags?post=3552"}],"curies":[{"name":"wp","href":"https:\/\/api.w.org\/{rel}","templated":true}]}}