{"id":352,"date":"2023-12-30T12:25:51","date_gmt":"2023-12-30T12:25:51","guid":{"rendered":"https:\/\/compartilhabahia.com.br\/?p=352"},"modified":"2023-12-30T21:06:08","modified_gmt":"2023-12-30T21:06:08","slug":"jornalista-faz-declaracao-de-amor-a-radio-lider-fm-de-camacari","status":"publish","type":"post","link":"https:\/\/compartilhabahia.com.br\/index.php\/2023\/12\/30\/jornalista-faz-declaracao-de-amor-a-radio-lider-fm-de-camacari\/","title":{"rendered":"Jornalista faz declara\u00e7\u00e3o de amor a R\u00e1dio L\u00edder FM de Cama\u00e7ari\u00a0"},"content":{"rendered":"\n<p><\/p>\n\n\n\n<p>Uma das coisas boas que aconteceram na comunica\u00e7\u00e3o de Cama\u00e7ari no ano de 2023 foi o in\u00edcio da milit\u00e2ncia no jornalismo de Aureliano Almeida, no site Compartilha Bahia, orientado por Julio Ribeiro, e agora em voo solo no site Bahia Fatos e Not\u00edcias &#8211; BFNews -. Parceiro volunt\u00e1rio e amante do r\u00e1dio, \u201cAlmeidinha\u201d \u00e9 um ouvinte ass\u00edduo da L\u00edder FM, onde pauta suas principais mat\u00e9rias. Ele coloca o ouvido no r\u00e1dio e a m\u00e3o no teclado, e a cada entrevista que escuta, transforma em material escrito para rede social. \u00c9 um multiplicador de informa\u00e7\u00e3o.&nbsp;<\/p>\n\n\n\n<p>Nesta sexta-feira (29) ele se fez presente no p\u00e1tio da R\u00e1dio L\u00edder Fm 96,5&nbsp;localizada no Alto do Parque Sat\u00e9lite, durante a programa\u00e7\u00e3o especial de fim de ano, denominado \u201cSomos Um\u201d, organizada pela diretora Priscila Rios em conjunto com os integrantes dos programas da emissora Contato Direto, de Olho na Cidade, Fala Povo e Igreja Viva.&nbsp;<\/p>\n\n\n\n<p>Se sentindo inclu\u00eddo nessa fam\u00edlia do \u201cSomos Um\u201d ele saiu de l\u00e1 embasbacado, parou no primeiro computador que viu pela frente e escreveu: \u201cObrigado, L\u00edder FM, por fazer parte da nossa hist\u00f3ria e do nosso futuro\u201d\u00a0<\/p>\n\n\n\n<p>Veja o texto do mesmo na integra.&nbsp;<\/p>\n\n\n\n<p>Foi incr\u00edvel estar presente na festa de final de ano da R\u00e1dio L\u00edder FM de Cama\u00e7ari. Desde o momento em que essa esta\u00e7\u00e3o de r\u00e1dio deu seus primeiros passos em Cama\u00e7ari, eu nunca havia testemunhado tanta criatividade e o poder de uni\u00e3o que ela traz para a nossa comunidade. \u00c9 simplesmente impressionante como essa r\u00e1dio continua se reinventando ao longo dos anos.&nbsp;<\/p>\n\n\n\n<p>Na jornada desses talentosos profissionais que dedicam suas vidas \u00e0 r\u00e1dio em Cama\u00e7ari, muitos erraram em suas previs\u00f5es de que o r\u00e1dio perderia sua relev\u00e2ncia com a chegada da televis\u00e3o. E houve at\u00e9 quem dissesse que a internet acabaria com as esta\u00e7\u00f5es de r\u00e1dio. No entanto, o que vemos \u00e9 exatamente o oposto. A R\u00e1dio L\u00edder FM \u00e9 um exemplo brilhante de como uma esta\u00e7\u00e3o de r\u00e1dio pode se adaptar e prosperar.&nbsp;<\/p>\n\n\n\n<p>Em meio \u00e0s mais de 10 mil emissoras ativas no Brasil, apenas algumas conseguiram se reinventar da maneira como a L\u00edder FM fez. Com uma variedade de atra\u00e7\u00f5es que oferecem informa\u00e7\u00f5es e entretenimento de forma \u00e1gil e gratuita \u00e0 nossa popula\u00e7\u00e3o, a r\u00e1dio desempenha um papel fundamental em nossa sociedade. Al\u00e9m disso, ela contribui de forma significativa para o fortalecimento da democracia em nosso munic\u00edpio.&nbsp;<\/p>\n\n\n\n<p>\u00c9 como se a R\u00e1dio L\u00edder FM fosse os olhos e os ouvidos da nossa sociedade, iluminando nossas vidas e nos mantendo conectados, n\u00e3o importa o que o futuro nos reserve. E, para mim, essa festa de final de ano foi a celebra\u00e7\u00e3o de tudo o que essa r\u00e1dio representa em nossas vidas. Estou ansioso para continuar acompanhando sua caminhada de sucesso e inova\u00e7\u00e3o nos pr\u00f3ximos anos.&nbsp;<\/p>\n\n\n\n<p>Obrigado, L\u00edder FM, por fazer parte da nossa hist\u00f3ria e do nosso futuro.&nbsp;<\/p>\n\n\n\n<figure class=\"wp-block-image size-full\"><img loading=\"lazy\" decoding=\"async\" width=\"1024\" height=\"768\" src=\"https:\/\/compartilhabahia.com.br\/wp-content\/uploads\/2023\/12\/Imagem-do-WhatsApp-de-2023-12-29-as-19.31.06_8da09f01-1024x768-1.jpg\" alt=\"\" class=\"wp-image-354\" srcset=\"https:\/\/compartilhabahia.com.br\/wp-content\/uploads\/2023\/12\/Imagem-do-WhatsApp-de-2023-12-29-as-19.31.06_8da09f01-1024x768-1.jpg 1024w, https:\/\/compartilhabahia.com.br\/wp-content\/uploads\/2023\/12\/Imagem-do-WhatsApp-de-2023-12-29-as-19.31.06_8da09f01-1024x768-1-300x225.jpg 300w, https:\/\/compartilhabahia.com.br\/wp-content\/uploads\/2023\/12\/Imagem-do-WhatsApp-de-2023-12-29-as-19.31.06_8da09f01-1024x768-1-768x576.jpg 768w\" sizes=\"auto, (max-width: 1024px) 100vw, 1024px\" \/><\/figure>\n\n\n\n<figure class=\"wp-block-image size-full\"><img loading=\"lazy\" decoding=\"async\" width=\"1024\" height=\"768\" src=\"https:\/\/compartilhabahia.com.br\/wp-content\/uploads\/2023\/12\/Imagem-do-WhatsApp-de-2023-12-29-as-19.31.02_60264cad-1024x768-1.jpg\" alt=\"\" class=\"wp-image-355\" srcset=\"https:\/\/compartilhabahia.com.br\/wp-content\/uploads\/2023\/12\/Imagem-do-WhatsApp-de-2023-12-29-as-19.31.02_60264cad-1024x768-1.jpg 1024w, https:\/\/compartilhabahia.com.br\/wp-content\/uploads\/2023\/12\/Imagem-do-WhatsApp-de-2023-12-29-as-19.31.02_60264cad-1024x768-1-300x225.jpg 300w, https:\/\/compartilhabahia.com.br\/wp-content\/uploads\/2023\/12\/Imagem-do-WhatsApp-de-2023-12-29-as-19.31.02_60264cad-1024x768-1-768x576.jpg 768w\" sizes=\"auto, (max-width: 1024px) 100vw, 1024px\" \/><\/figure>\n","protected":false},"excerpt":{"rendered":"<p>Uma das coisas boas que aconteceram na comunica\u00e7\u00e3o de Cama\u00e7ari no ano de 2023 foi o in\u00edcio da milit\u00e2ncia no jornalismo de Aureliano Almeida, no site Compartilha Bahia, orientado por Julio Ribeiro, e agora em voo solo no site Bahia Fatos e Not\u00edcias &#8211; BFNews -. Parceiro volunt\u00e1rio e amante do r\u00e1dio, \u201cAlmeidinha\u201d \u00e9 um [&hellip;]<\/p>\n","protected":false},"author":1,"featured_media":353,"comment_status":"open","ping_status":"open","sticky":false,"template":"","format":"standard","meta":{"footnotes":""},"categories":[10,8,3],"tags":[],"class_list":["post-352","post","type-post","status-publish","format-standard","has-post-thumbnail","hentry","category-bahia","category-camacari","category-entretenimento"],"yoast_head":"<!-- This site is optimized with the Yoast SEO plugin v21.7 - https:\/\/yoast.com\/wordpress\/plugins\/seo\/ -->\n<title>Jornalista faz declara\u00e7\u00e3o de amor a R\u00e1dio L\u00edder FM de Cama\u00e7ari\u00a0 - Compartilha Bahia<\/title>\n<meta name=\"robots\" content=\"index, follow, max-snippet:-1, max-image-preview:large, max-video-preview:-1\" \/>\n<link rel=\"canonical\" href=\"https:\/\/compartilhabahia.com.br\/index.php\/2023\/12\/30\/jornalista-faz-declaracao-de-amor-a-radio-lider-fm-de-camacari\/\" \/>\n<meta property=\"og:locale\" content=\"pt_BR\" \/>\n<meta property=\"og:type\" content=\"article\" \/>\n<meta property=\"og:title\" content=\"Jornalista faz declara\u00e7\u00e3o de amor a R\u00e1dio L\u00edder FM de Cama\u00e7ari\u00a0 - Compartilha Bahia\" \/>\n<meta property=\"og:description\" content=\"Uma das coisas boas que aconteceram na comunica\u00e7\u00e3o de Cama\u00e7ari no ano de 2023 foi o in\u00edcio da milit\u00e2ncia no jornalismo de Aureliano Almeida, no site Compartilha Bahia, orientado por Julio Ribeiro, e agora em voo solo no site Bahia Fatos e Not\u00edcias &#8211; BFNews -. Parceiro volunt\u00e1rio e amante do r\u00e1dio, \u201cAlmeidinha\u201d \u00e9 um [&hellip;]\" \/>\n<meta property=\"og:url\" content=\"https:\/\/compartilhabahia.com.br\/index.php\/2023\/12\/30\/jornalista-faz-declaracao-de-amor-a-radio-lider-fm-de-camacari\/\" \/>\n<meta property=\"og:site_name\" content=\"Compartilha Bahia\" \/>\n<meta property=\"article:publisher\" content=\"https:\/\/web.facebook.com\/compartilhabahia\" \/>\n<meta property=\"article:published_time\" content=\"2023-12-30T12:25:51+00:00\" \/>\n<meta property=\"article:modified_time\" content=\"2023-12-30T21:06:08+00:00\" \/>\n<meta property=\"og:image\" content=\"https:\/\/compartilhabahia.com.br\/wp-content\/uploads\/2023\/12\/Imagem-do-WhatsApp-de-2023-12-29-as-19.28.54_ae6b19b3-1024x768-1.jpg\" \/>\n\t<meta property=\"og:image:width\" content=\"1024\" \/>\n\t<meta property=\"og:image:height\" content=\"768\" \/>\n\t<meta property=\"og:image:type\" content=\"image\/jpeg\" \/>\n<meta name=\"author\" content=\"admin\" \/>\n<meta name=\"twitter:card\" content=\"summary_large_image\" \/>\n<meta name=\"twitter:label1\" content=\"Escrito por\" \/>\n\t<meta name=\"twitter:data1\" content=\"admin\" \/>\n\t<meta name=\"twitter:label2\" content=\"Est. tempo de leitura\" \/>\n\t<meta name=\"twitter:data2\" content=\"4 minutos\" \/>\n<script type=\"application\/ld+json\" class=\"yoast-schema-graph\">{\"@context\":\"https:\/\/schema.org\",\"@graph\":[{\"@type\":\"Article\",\"@id\":\"https:\/\/compartilhabahia.com.br\/index.php\/2023\/12\/30\/jornalista-faz-declaracao-de-amor-a-radio-lider-fm-de-camacari\/#article\",\"isPartOf\":{\"@id\":\"https:\/\/compartilhabahia.com.br\/index.php\/2023\/12\/30\/jornalista-faz-declaracao-de-amor-a-radio-lider-fm-de-camacari\/\"},\"author\":{\"name\":\"admin\",\"@id\":\"https:\/\/compartilhabahia.com.br\/#\/schema\/person\/9b4f0c3178793b8248d6686732521c04\"},\"headline\":\"Jornalista faz declara\u00e7\u00e3o de amor a R\u00e1dio L\u00edder FM de Cama\u00e7ari\u00a0\",\"datePublished\":\"2023-12-30T12:25:51+00:00\",\"dateModified\":\"2023-12-30T21:06:08+00:00\",\"mainEntityOfPage\":{\"@id\":\"https:\/\/compartilhabahia.com.br\/index.php\/2023\/12\/30\/jornalista-faz-declaracao-de-amor-a-radio-lider-fm-de-camacari\/\"},\"wordCount\":543,\"commentCount\":0,\"publisher\":{\"@id\":\"https:\/\/compartilhabahia.com.br\/#organization\"},\"articleSection\":[\"Bahia\",\"Cama\u00e7ari\",\"Entretenimento\"],\"inLanguage\":\"pt-BR\",\"potentialAction\":[{\"@type\":\"CommentAction\",\"name\":\"Comment\",\"target\":[\"https:\/\/compartilhabahia.com.br\/index.php\/2023\/12\/30\/jornalista-faz-declaracao-de-amor-a-radio-lider-fm-de-camacari\/#respond\"]}]},{\"@type\":\"WebPage\",\"@id\":\"https:\/\/compartilhabahia.com.br\/index.php\/2023\/12\/30\/jornalista-faz-declaracao-de-amor-a-radio-lider-fm-de-camacari\/\",\"url\":\"https:\/\/compartilhabahia.com.br\/index.php\/2023\/12\/30\/jornalista-faz-declaracao-de-amor-a-radio-lider-fm-de-camacari\/\",\"name\":\"Jornalista faz declara\u00e7\u00e3o de amor a R\u00e1dio L\u00edder FM de Cama\u00e7ari\u00a0 - Compartilha Bahia\",\"isPartOf\":{\"@id\":\"https:\/\/compartilhabahia.com.br\/#website\"},\"datePublished\":\"2023-12-30T12:25:51+00:00\",\"dateModified\":\"2023-12-30T21:06:08+00:00\",\"breadcrumb\":{\"@id\":\"https:\/\/compartilhabahia.com.br\/index.php\/2023\/12\/30\/jornalista-faz-declaracao-de-amor-a-radio-lider-fm-de-camacari\/#breadcrumb\"},\"inLanguage\":\"pt-BR\",\"potentialAction\":[{\"@type\":\"ReadAction\",\"target\":[\"https:\/\/compartilhabahia.com.br\/index.php\/2023\/12\/30\/jornalista-faz-declaracao-de-amor-a-radio-lider-fm-de-camacari\/\"]}]},{\"@type\":\"BreadcrumbList\",\"@id\":\"https:\/\/compartilhabahia.com.br\/index.php\/2023\/12\/30\/jornalista-faz-declaracao-de-amor-a-radio-lider-fm-de-camacari\/#breadcrumb\",\"itemListElement\":[{\"@type\":\"ListItem\",\"position\":1,\"name\":\"In\u00edcio\",\"item\":\"https:\/\/compartilhabahia.com.br\/\"},{\"@type\":\"ListItem\",\"position\":2,\"name\":\"Jornalista faz declara\u00e7\u00e3o de amor a R\u00e1dio L\u00edder FM de Cama\u00e7ari\u00a0\"}]},{\"@type\":\"WebSite\",\"@id\":\"https:\/\/compartilhabahia.com.br\/#website\",\"url\":\"https:\/\/compartilhabahia.com.br\/\",\"name\":\"Compartilha Bahia\",\"description\":\"\",\"publisher\":{\"@id\":\"https:\/\/compartilhabahia.com.br\/#organization\"},\"potentialAction\":[{\"@type\":\"SearchAction\",\"target\":{\"@type\":\"EntryPoint\",\"urlTemplate\":\"https:\/\/compartilhabahia.com.br\/?s={search_term_string}\"},\"query-input\":\"required name=search_term_string\"}],\"inLanguage\":\"pt-BR\"},{\"@type\":\"Organization\",\"@id\":\"https:\/\/compartilhabahia.com.br\/#organization\",\"name\":\"Compartilha Bahia\",\"url\":\"https:\/\/compartilhabahia.com.br\/\",\"logo\":{\"@type\":\"ImageObject\",\"inLanguage\":\"pt-BR\",\"@id\":\"https:\/\/compartilhabahia.com.br\/#\/schema\/logo\/image\/\",\"url\":\"https:\/\/compartilhabahia.com.br\/wp-content\/uploads\/2023\/12\/cropped-logo.png\",\"contentUrl\":\"https:\/\/compartilhabahia.com.br\/wp-content\/uploads\/2023\/12\/cropped-logo.png\",\"width\":300,\"height\":106,\"caption\":\"Compartilha Bahia\"},\"image\":{\"@id\":\"https:\/\/compartilhabahia.com.br\/#\/schema\/logo\/image\/\"},\"sameAs\":[\"https:\/\/web.facebook.com\/compartilhabahia\",\"https:\/\/www.instagram.com\/compartilhabahia\/\"]},{\"@type\":\"Person\",\"@id\":\"https:\/\/compartilhabahia.com.br\/#\/schema\/person\/9b4f0c3178793b8248d6686732521c04\",\"name\":\"admin\",\"image\":{\"@type\":\"ImageObject\",\"inLanguage\":\"pt-BR\",\"@id\":\"https:\/\/compartilhabahia.com.br\/#\/schema\/person\/image\/\",\"url\":\"https:\/\/secure.gravatar.com\/avatar\/9600df58751c5acbe914c538c03390ef649ea088cb65f84ba09c7ce66988eed6?s=96&d=mm&r=g\",\"contentUrl\":\"https:\/\/secure.gravatar.com\/avatar\/9600df58751c5acbe914c538c03390ef649ea088cb65f84ba09c7ce66988eed6?s=96&d=mm&r=g\",\"caption\":\"admin\"},\"sameAs\":[\"https:\/\/compartilhabahia.com.br\"],\"url\":\"https:\/\/compartilhabahia.com.br\/index.php\/author\/compartilhabahia\/\"}]}<\/script>\n<!-- \/ Yoast SEO plugin. -->","yoast_head_json":{"title":"Jornalista faz declara\u00e7\u00e3o de amor a R\u00e1dio L\u00edder FM de Cama\u00e7ari\u00a0 - Compartilha Bahia","robots":{"index":"index","follow":"follow","max-snippet":"max-snippet:-1","max-image-preview":"max-image-preview:large","max-video-preview":"max-video-preview:-1"},"canonical":"https:\/\/compartilhabahia.com.br\/index.php\/2023\/12\/30\/jornalista-faz-declaracao-de-amor-a-radio-lider-fm-de-camacari\/","og_locale":"pt_BR","og_type":"article","og_title":"Jornalista faz declara\u00e7\u00e3o de amor a R\u00e1dio L\u00edder FM de Cama\u00e7ari\u00a0 - Compartilha Bahia","og_description":"Uma das coisas boas que aconteceram na comunica\u00e7\u00e3o de Cama\u00e7ari no ano de 2023 foi o in\u00edcio da milit\u00e2ncia no jornalismo de Aureliano Almeida, no site Compartilha Bahia, orientado por Julio Ribeiro, e agora em voo solo no site Bahia Fatos e Not\u00edcias &#8211; BFNews -. Parceiro volunt\u00e1rio e amante do r\u00e1dio, \u201cAlmeidinha\u201d \u00e9 um [&hellip;]","og_url":"https:\/\/compartilhabahia.com.br\/index.php\/2023\/12\/30\/jornalista-faz-declaracao-de-amor-a-radio-lider-fm-de-camacari\/","og_site_name":"Compartilha Bahia","article_publisher":"https:\/\/web.facebook.com\/compartilhabahia","article_published_time":"2023-12-30T12:25:51+00:00","article_modified_time":"2023-12-30T21:06:08+00:00","og_image":[{"width":1024,"height":768,"url":"https:\/\/compartilhabahia.com.br\/wp-content\/uploads\/2023\/12\/Imagem-do-WhatsApp-de-2023-12-29-as-19.28.54_ae6b19b3-1024x768-1.jpg","type":"image\/jpeg"}],"author":"admin","twitter_card":"summary_large_image","twitter_misc":{"Escrito por":"admin","Est. tempo de leitura":"4 minutos"},"schema":{"@context":"https:\/\/schema.org","@graph":[{"@type":"Article","@id":"https:\/\/compartilhabahia.com.br\/index.php\/2023\/12\/30\/jornalista-faz-declaracao-de-amor-a-radio-lider-fm-de-camacari\/#article","isPartOf":{"@id":"https:\/\/compartilhabahia.com.br\/index.php\/2023\/12\/30\/jornalista-faz-declaracao-de-amor-a-radio-lider-fm-de-camacari\/"},"author":{"name":"admin","@id":"https:\/\/compartilhabahia.com.br\/#\/schema\/person\/9b4f0c3178793b8248d6686732521c04"},"headline":"Jornalista faz declara\u00e7\u00e3o de amor a R\u00e1dio L\u00edder FM de Cama\u00e7ari\u00a0","datePublished":"2023-12-30T12:25:51+00:00","dateModified":"2023-12-30T21:06:08+00:00","mainEntityOfPage":{"@id":"https:\/\/compartilhabahia.com.br\/index.php\/2023\/12\/30\/jornalista-faz-declaracao-de-amor-a-radio-lider-fm-de-camacari\/"},"wordCount":543,"commentCount":0,"publisher":{"@id":"https:\/\/compartilhabahia.com.br\/#organization"},"articleSection":["Bahia","Cama\u00e7ari","Entretenimento"],"inLanguage":"pt-BR","potentialAction":[{"@type":"CommentAction","name":"Comment","target":["https:\/\/compartilhabahia.com.br\/index.php\/2023\/12\/30\/jornalista-faz-declaracao-de-amor-a-radio-lider-fm-de-camacari\/#respond"]}]},{"@type":"WebPage","@id":"https:\/\/compartilhabahia.com.br\/index.php\/2023\/12\/30\/jornalista-faz-declaracao-de-amor-a-radio-lider-fm-de-camacari\/","url":"https:\/\/compartilhabahia.com.br\/index.php\/2023\/12\/30\/jornalista-faz-declaracao-de-amor-a-radio-lider-fm-de-camacari\/","name":"Jornalista faz declara\u00e7\u00e3o de amor a R\u00e1dio L\u00edder FM de Cama\u00e7ari\u00a0 - Compartilha Bahia","isPartOf":{"@id":"https:\/\/compartilhabahia.com.br\/#website"},"datePublished":"2023-12-30T12:25:51+00:00","dateModified":"2023-12-30T21:06:08+00:00","breadcrumb":{"@id":"https:\/\/compartilhabahia.com.br\/index.php\/2023\/12\/30\/jornalista-faz-declaracao-de-amor-a-radio-lider-fm-de-camacari\/#breadcrumb"},"inLanguage":"pt-BR","potentialAction":[{"@type":"ReadAction","target":["https:\/\/compartilhabahia.com.br\/index.php\/2023\/12\/30\/jornalista-faz-declaracao-de-amor-a-radio-lider-fm-de-camacari\/"]}]},{"@type":"BreadcrumbList","@id":"https:\/\/compartilhabahia.com.br\/index.php\/2023\/12\/30\/jornalista-faz-declaracao-de-amor-a-radio-lider-fm-de-camacari\/#breadcrumb","itemListElement":[{"@type":"ListItem","position":1,"name":"In\u00edcio","item":"https:\/\/compartilhabahia.com.br\/"},{"@type":"ListItem","position":2,"name":"Jornalista faz declara\u00e7\u00e3o de amor a R\u00e1dio L\u00edder FM de Cama\u00e7ari\u00a0"}]},{"@type":"WebSite","@id":"https:\/\/compartilhabahia.com.br\/#website","url":"https:\/\/compartilhabahia.com.br\/","name":"Compartilha Bahia","description":"","publisher":{"@id":"https:\/\/compartilhabahia.com.br\/#organization"},"potentialAction":[{"@type":"SearchAction","target":{"@type":"EntryPoint","urlTemplate":"https:\/\/compartilhabahia.com.br\/?s={search_term_string}"},"query-input":"required name=search_term_string"}],"inLanguage":"pt-BR"},{"@type":"Organization","@id":"https:\/\/compartilhabahia.com.br\/#organization","name":"Compartilha Bahia","url":"https:\/\/compartilhabahia.com.br\/","logo":{"@type":"ImageObject","inLanguage":"pt-BR","@id":"https:\/\/compartilhabahia.com.br\/#\/schema\/logo\/image\/","url":"https:\/\/compartilhabahia.com.br\/wp-content\/uploads\/2023\/12\/cropped-logo.png","contentUrl":"https:\/\/compartilhabahia.com.br\/wp-content\/uploads\/2023\/12\/cropped-logo.png","width":300,"height":106,"caption":"Compartilha Bahia"},"image":{"@id":"https:\/\/compartilhabahia.com.br\/#\/schema\/logo\/image\/"},"sameAs":["https:\/\/web.facebook.com\/compartilhabahia","https:\/\/www.instagram.com\/compartilhabahia\/"]},{"@type":"Person","@id":"https:\/\/compartilhabahia.com.br\/#\/schema\/person\/9b4f0c3178793b8248d6686732521c04","name":"admin","image":{"@type":"ImageObject","inLanguage":"pt-BR","@id":"https:\/\/compartilhabahia.com.br\/#\/schema\/person\/image\/","url":"https:\/\/secure.gravatar.com\/avatar\/9600df58751c5acbe914c538c03390ef649ea088cb65f84ba09c7ce66988eed6?s=96&d=mm&r=g","contentUrl":"https:\/\/secure.gravatar.com\/avatar\/9600df58751c5acbe914c538c03390ef649ea088cb65f84ba09c7ce66988eed6?s=96&d=mm&r=g","caption":"admin"},"sameAs":["https:\/\/compartilhabahia.com.br"],"url":"https:\/\/compartilhabahia.com.br\/index.php\/author\/compartilhabahia\/"}]}},"_links":{"self":[{"href":"https:\/\/compartilhabahia.com.br\/index.php\/wp-json\/wp\/v2\/posts\/352","targetHints":{"allow":["GET"]}}],"collection":[{"href":"https:\/\/compartilhabahia.com.br\/index.php\/wp-json\/wp\/v2\/posts"}],"about":[{"href":"https:\/\/compartilhabahia.com.br\/index.php\/wp-json\/wp\/v2\/types\/post"}],"author":[{"embeddable":true,"href":"https:\/\/compartilhabahia.com.br\/index.php\/wp-json\/wp\/v2\/users\/1"}],"replies":[{"embeddable":true,"href":"https:\/\/compartilhabahia.com.br\/index.php\/wp-json\/wp\/v2\/comments?post=352"}],"version-history":[{"count":5,"href":"https:\/\/compartilhabahia.com.br\/index.php\/wp-json\/wp\/v2\/posts\/352\/revisions"}],"predecessor-version":[{"id":371,"href":"https:\/\/compartilhabahia.com.br\/index.php\/wp-json\/wp\/v2\/posts\/352\/revisions\/371"}],"wp:featuredmedia":[{"embeddable":true,"href":"https:\/\/compartilhabahia.com.br\/index.php\/wp-json\/wp\/v2\/media\/353"}],"wp:attachment":[{"href":"https:\/\/compartilhabahia.com.br\/index.php\/wp-json\/wp\/v2\/media?parent=352"}],"wp:term":[{"taxonomy":"category","embeddable":true,"href":"https:\/\/compartilhabahia.com.br\/index.php\/wp-json\/wp\/v2\/categories?post=352"},{"taxonomy":"post_tag","embeddable":true,"href":"https:\/\/compartilhabahia.com.br\/index.php\/wp-json\/wp\/v2\/tags?post=352"}],"curies":[{"name":"wp","href":"https:\/\/api.w.org\/{rel}","templated":true}]}}