{"id":3270,"date":"2024-08-18T13:43:34","date_gmt":"2024-08-18T13:43:34","guid":{"rendered":"https:\/\/compartilhabahia.com.br\/?p=3270"},"modified":"2024-08-18T13:43:35","modified_gmt":"2024-08-18T13:43:35","slug":"professor-marcio-mostra-que-vai-brocar-nas-urnas-reunindo-na-1a-semana-mais-de-mil-pessoas","status":"publish","type":"post","link":"https:\/\/compartilhabahia.com.br\/index.php\/2024\/08\/18\/professor-marcio-mostra-que-vai-brocar-nas-urnas-reunindo-na-1a-semana-mais-de-mil-pessoas\/","title":{"rendered":"Professor M\u00e1rcio mostra que vai &#8220;brocar&#8221; nas urnas reunindo na 1\u00aa semana mais de mil pessoas"},"content":{"rendered":"\n<p>Professor M\u00e1rcio re\u00fane mais de mil pessoas em lan\u00e7amento de candidatura a vereador<\/p>\n\n\n\n<p>Cama\u00e7ari foi palco de um momento hist\u00f3rico neste s\u00e1bado (17), com o lan\u00e7amento da candidatura do Professor M\u00e1rcio a vereador da cidade. O evento, que reuniu mais de mil pessoas, sendo considerado o maior evento pol\u00edtico promovido por um candidato a vereador na primeira semana da campanha eleitoral na cidade, refletindo o desejo coletivo por mudan\u00e7a e esperan\u00e7a de dias melhores.<\/p>\n\n\n\n<p>O ato que lan\u00e7ou Professor M\u00e1rcio a uma vaga na C\u00e2mara Municipal de Cama\u00e7ari foi marcado pela presen\u00e7a de lideran\u00e7as pol\u00edticas importantes, como Luiz Caetano, candidato a prefeito, a Pastora D\u00e9a, candidata a vice-prefeita, e a Deputada Federal Ivoneide Caetano. Os tr\u00eas destacaram o compromisso com a educa\u00e7\u00e3o e a mudan\u00e7a em Cama\u00e7ari.<\/p>\n\n\n\n<p>Durante o evento, Luiz Caetano expressou sua confian\u00e7a no sucesso de M\u00e1rcio nas urnas e na c\u00e2mara: &#8220;Tenho certeza que tu vai brocar nas urnas, e na c\u00e2mara vai ser um dos melhores vereadores do Brasil,&#8221; afirmou Caetano, refor\u00e7ando o apoio ao candidato.<\/p>\n\n\n\n<p>O Professor M\u00e1rcio, reconhecido por sua luta incans\u00e1vel pela educa\u00e7\u00e3o em Cama\u00e7ari, destacou a import\u00e2ncia de uma alian\u00e7a forte com o time da mudan\u00e7a, representado por Lula e Jer\u00f4nimo. Esse grupo, comprometido com o progresso e a justi\u00e7a social, acredita que a educa\u00e7\u00e3o \u00e9 o pilar fundamental para um futuro melhor.<\/p>\n\n\n\n<p>O evento tamb\u00e9m foi marcado pela participa\u00e7\u00e3o massiva dos educadores e da juventude da cidade, al\u00e9m de todos aqueles que acreditam em uma Cama\u00e7ari mais justa e inclusiva.<\/p>\n\n\n\n<p>De acordo com a juventude presente no encontro, o Professor M\u00e1rcio, com sua trajet\u00f3ria de dedica\u00e7\u00e3o e compromisso, \u00e9 visto como a esperan\u00e7a de mudan\u00e7a para a cidade.<\/p>\n\n\n\n<p>Ainda segundo os apoiadores de M\u00e1rcio, o lan\u00e7amento deste s\u00e1bado foi apenas o primeiro passo em uma jornada que promete trazer a verdadeira transforma\u00e7\u00e3o para Cama\u00e7ari. \u201cAcreditamos que com o apoio de todos, podemos fazer a diferen\u00e7a e construir um futuro melhor para nossa cidade.\u201d<\/p>\n\n\n\n<figure class=\"wp-block-image size-large\"><img loading=\"lazy\" decoding=\"async\" width=\"1024\" height=\"682\" src=\"https:\/\/compartilhabahia.com.br\/wp-content\/uploads\/2024\/08\/cf400951-412d-4f4c-b4da-9636175d5b4f-1024x682.jpg\" alt=\"\" class=\"wp-image-3272\" srcset=\"https:\/\/compartilhabahia.com.br\/wp-content\/uploads\/2024\/08\/cf400951-412d-4f4c-b4da-9636175d5b4f-1024x682.jpg 1024w, https:\/\/compartilhabahia.com.br\/wp-content\/uploads\/2024\/08\/cf400951-412d-4f4c-b4da-9636175d5b4f-300x200.jpg 300w, https:\/\/compartilhabahia.com.br\/wp-content\/uploads\/2024\/08\/cf400951-412d-4f4c-b4da-9636175d5b4f-768x512.jpg 768w, https:\/\/compartilhabahia.com.br\/wp-content\/uploads\/2024\/08\/cf400951-412d-4f4c-b4da-9636175d5b4f-1200x800.jpg 1200w, https:\/\/compartilhabahia.com.br\/wp-content\/uploads\/2024\/08\/cf400951-412d-4f4c-b4da-9636175d5b4f.jpg 1280w\" sizes=\"auto, (max-width: 1024px) 100vw, 1024px\" \/><\/figure>\n","protected":false},"excerpt":{"rendered":"<p>Professor M\u00e1rcio re\u00fane mais de mil pessoas em lan\u00e7amento de candidatura a vereador Cama\u00e7ari foi palco de um momento hist\u00f3rico neste s\u00e1bado (17), com o lan\u00e7amento da candidatura do Professor M\u00e1rcio a vereador da cidade. O evento, que reuniu mais de mil pessoas, sendo considerado o maior evento pol\u00edtico promovido por um candidato a vereador [&hellip;]<\/p>\n","protected":false},"author":1,"featured_media":3271,"comment_status":"open","ping_status":"open","sticky":false,"template":"","format":"standard","meta":{"footnotes":""},"categories":[1],"tags":[],"class_list":["post-3270","post","type-post","status-publish","format-standard","has-post-thumbnail","hentry","category-mundo"],"yoast_head":"<!-- This site is optimized with the Yoast SEO plugin v21.7 - https:\/\/yoast.com\/wordpress\/plugins\/seo\/ -->\n<title>Professor M\u00e1rcio mostra que vai &quot;brocar&quot; nas urnas reunindo na 1\u00aa semana mais de mil pessoas - Compartilha Bahia<\/title>\n<meta name=\"robots\" content=\"index, follow, max-snippet:-1, max-image-preview:large, max-video-preview:-1\" \/>\n<link rel=\"canonical\" href=\"https:\/\/compartilhabahia.com.br\/index.php\/2024\/08\/18\/professor-marcio-mostra-que-vai-brocar-nas-urnas-reunindo-na-1a-semana-mais-de-mil-pessoas\/\" \/>\n<meta property=\"og:locale\" content=\"pt_BR\" \/>\n<meta property=\"og:type\" content=\"article\" \/>\n<meta property=\"og:title\" content=\"Professor M\u00e1rcio mostra que vai &quot;brocar&quot; nas urnas reunindo na 1\u00aa semana mais de mil pessoas - Compartilha Bahia\" \/>\n<meta property=\"og:description\" content=\"Professor M\u00e1rcio re\u00fane mais de mil pessoas em lan\u00e7amento de candidatura a vereador Cama\u00e7ari foi palco de um momento hist\u00f3rico neste s\u00e1bado (17), com o lan\u00e7amento da candidatura do Professor M\u00e1rcio a vereador da cidade. O evento, que reuniu mais de mil pessoas, sendo considerado o maior evento pol\u00edtico promovido por um candidato a vereador [&hellip;]\" \/>\n<meta property=\"og:url\" content=\"https:\/\/compartilhabahia.com.br\/index.php\/2024\/08\/18\/professor-marcio-mostra-que-vai-brocar-nas-urnas-reunindo-na-1a-semana-mais-de-mil-pessoas\/\" \/>\n<meta property=\"og:site_name\" content=\"Compartilha Bahia\" \/>\n<meta property=\"article:publisher\" content=\"https:\/\/web.facebook.com\/compartilhabahia\" \/>\n<meta property=\"article:published_time\" content=\"2024-08-18T13:43:34+00:00\" \/>\n<meta property=\"article:modified_time\" content=\"2024-08-18T13:43:35+00:00\" \/>\n<meta property=\"og:image\" content=\"https:\/\/compartilhabahia.com.br\/wp-content\/uploads\/2024\/08\/marcio1000.jpg\" \/>\n\t<meta property=\"og:image:width\" content=\"1280\" \/>\n\t<meta property=\"og:image:height\" content=\"960\" \/>\n\t<meta property=\"og:image:type\" content=\"image\/jpeg\" \/>\n<meta name=\"author\" content=\"admin\" \/>\n<meta name=\"twitter:card\" content=\"summary_large_image\" \/>\n<meta name=\"twitter:label1\" content=\"Escrito por\" \/>\n\t<meta name=\"twitter:data1\" content=\"admin\" \/>\n\t<meta name=\"twitter:label2\" content=\"Est. tempo de leitura\" \/>\n\t<meta name=\"twitter:data2\" content=\"3 minutos\" \/>\n<script type=\"application\/ld+json\" class=\"yoast-schema-graph\">{\"@context\":\"https:\/\/schema.org\",\"@graph\":[{\"@type\":\"Article\",\"@id\":\"https:\/\/compartilhabahia.com.br\/index.php\/2024\/08\/18\/professor-marcio-mostra-que-vai-brocar-nas-urnas-reunindo-na-1a-semana-mais-de-mil-pessoas\/#article\",\"isPartOf\":{\"@id\":\"https:\/\/compartilhabahia.com.br\/index.php\/2024\/08\/18\/professor-marcio-mostra-que-vai-brocar-nas-urnas-reunindo-na-1a-semana-mais-de-mil-pessoas\/\"},\"author\":{\"name\":\"admin\",\"@id\":\"https:\/\/compartilhabahia.com.br\/#\/schema\/person\/9b4f0c3178793b8248d6686732521c04\"},\"headline\":\"Professor M\u00e1rcio mostra que vai &#8220;brocar&#8221; nas urnas reunindo na 1\u00aa semana mais de mil pessoas\",\"datePublished\":\"2024-08-18T13:43:34+00:00\",\"dateModified\":\"2024-08-18T13:43:35+00:00\",\"mainEntityOfPage\":{\"@id\":\"https:\/\/compartilhabahia.com.br\/index.php\/2024\/08\/18\/professor-marcio-mostra-que-vai-brocar-nas-urnas-reunindo-na-1a-semana-mais-de-mil-pessoas\/\"},\"wordCount\":388,\"commentCount\":0,\"publisher\":{\"@id\":\"https:\/\/compartilhabahia.com.br\/#organization\"},\"articleSection\":[\"Mundo\"],\"inLanguage\":\"pt-BR\",\"potentialAction\":[{\"@type\":\"CommentAction\",\"name\":\"Comment\",\"target\":[\"https:\/\/compartilhabahia.com.br\/index.php\/2024\/08\/18\/professor-marcio-mostra-que-vai-brocar-nas-urnas-reunindo-na-1a-semana-mais-de-mil-pessoas\/#respond\"]}]},{\"@type\":\"WebPage\",\"@id\":\"https:\/\/compartilhabahia.com.br\/index.php\/2024\/08\/18\/professor-marcio-mostra-que-vai-brocar-nas-urnas-reunindo-na-1a-semana-mais-de-mil-pessoas\/\",\"url\":\"https:\/\/compartilhabahia.com.br\/index.php\/2024\/08\/18\/professor-marcio-mostra-que-vai-brocar-nas-urnas-reunindo-na-1a-semana-mais-de-mil-pessoas\/\",\"name\":\"Professor M\u00e1rcio mostra que vai \\\"brocar\\\" nas urnas reunindo na 1\u00aa semana mais de mil pessoas - Compartilha Bahia\",\"isPartOf\":{\"@id\":\"https:\/\/compartilhabahia.com.br\/#website\"},\"datePublished\":\"2024-08-18T13:43:34+00:00\",\"dateModified\":\"2024-08-18T13:43:35+00:00\",\"breadcrumb\":{\"@id\":\"https:\/\/compartilhabahia.com.br\/index.php\/2024\/08\/18\/professor-marcio-mostra-que-vai-brocar-nas-urnas-reunindo-na-1a-semana-mais-de-mil-pessoas\/#breadcrumb\"},\"inLanguage\":\"pt-BR\",\"potentialAction\":[{\"@type\":\"ReadAction\",\"target\":[\"https:\/\/compartilhabahia.com.br\/index.php\/2024\/08\/18\/professor-marcio-mostra-que-vai-brocar-nas-urnas-reunindo-na-1a-semana-mais-de-mil-pessoas\/\"]}]},{\"@type\":\"BreadcrumbList\",\"@id\":\"https:\/\/compartilhabahia.com.br\/index.php\/2024\/08\/18\/professor-marcio-mostra-que-vai-brocar-nas-urnas-reunindo-na-1a-semana-mais-de-mil-pessoas\/#breadcrumb\",\"itemListElement\":[{\"@type\":\"ListItem\",\"position\":1,\"name\":\"In\u00edcio\",\"item\":\"https:\/\/compartilhabahia.com.br\/\"},{\"@type\":\"ListItem\",\"position\":2,\"name\":\"Professor M\u00e1rcio mostra que vai &#8220;brocar&#8221; nas urnas reunindo na 1\u00aa semana mais de mil pessoas\"}]},{\"@type\":\"WebSite\",\"@id\":\"https:\/\/compartilhabahia.com.br\/#website\",\"url\":\"https:\/\/compartilhabahia.com.br\/\",\"name\":\"Compartilha Bahia\",\"description\":\"\",\"publisher\":{\"@id\":\"https:\/\/compartilhabahia.com.br\/#organization\"},\"potentialAction\":[{\"@type\":\"SearchAction\",\"target\":{\"@type\":\"EntryPoint\",\"urlTemplate\":\"https:\/\/compartilhabahia.com.br\/?s={search_term_string}\"},\"query-input\":\"required name=search_term_string\"}],\"inLanguage\":\"pt-BR\"},{\"@type\":\"Organization\",\"@id\":\"https:\/\/compartilhabahia.com.br\/#organization\",\"name\":\"Compartilha Bahia\",\"url\":\"https:\/\/compartilhabahia.com.br\/\",\"logo\":{\"@type\":\"ImageObject\",\"inLanguage\":\"pt-BR\",\"@id\":\"https:\/\/compartilhabahia.com.br\/#\/schema\/logo\/image\/\",\"url\":\"https:\/\/compartilhabahia.com.br\/wp-content\/uploads\/2023\/12\/cropped-logo.png\",\"contentUrl\":\"https:\/\/compartilhabahia.com.br\/wp-content\/uploads\/2023\/12\/cropped-logo.png\",\"width\":300,\"height\":106,\"caption\":\"Compartilha Bahia\"},\"image\":{\"@id\":\"https:\/\/compartilhabahia.com.br\/#\/schema\/logo\/image\/\"},\"sameAs\":[\"https:\/\/web.facebook.com\/compartilhabahia\",\"https:\/\/www.instagram.com\/compartilhabahia\/\"]},{\"@type\":\"Person\",\"@id\":\"https:\/\/compartilhabahia.com.br\/#\/schema\/person\/9b4f0c3178793b8248d6686732521c04\",\"name\":\"admin\",\"image\":{\"@type\":\"ImageObject\",\"inLanguage\":\"pt-BR\",\"@id\":\"https:\/\/compartilhabahia.com.br\/#\/schema\/person\/image\/\",\"url\":\"https:\/\/secure.gravatar.com\/avatar\/9600df58751c5acbe914c538c03390ef649ea088cb65f84ba09c7ce66988eed6?s=96&d=mm&r=g\",\"contentUrl\":\"https:\/\/secure.gravatar.com\/avatar\/9600df58751c5acbe914c538c03390ef649ea088cb65f84ba09c7ce66988eed6?s=96&d=mm&r=g\",\"caption\":\"admin\"},\"sameAs\":[\"https:\/\/compartilhabahia.com.br\"],\"url\":\"https:\/\/compartilhabahia.com.br\/index.php\/author\/compartilhabahia\/\"}]}<\/script>\n<!-- \/ Yoast SEO plugin. -->","yoast_head_json":{"title":"Professor M\u00e1rcio mostra que vai \"brocar\" nas urnas reunindo na 1\u00aa semana mais de mil pessoas - Compartilha Bahia","robots":{"index":"index","follow":"follow","max-snippet":"max-snippet:-1","max-image-preview":"max-image-preview:large","max-video-preview":"max-video-preview:-1"},"canonical":"https:\/\/compartilhabahia.com.br\/index.php\/2024\/08\/18\/professor-marcio-mostra-que-vai-brocar-nas-urnas-reunindo-na-1a-semana-mais-de-mil-pessoas\/","og_locale":"pt_BR","og_type":"article","og_title":"Professor M\u00e1rcio mostra que vai \"brocar\" nas urnas reunindo na 1\u00aa semana mais de mil pessoas - Compartilha Bahia","og_description":"Professor M\u00e1rcio re\u00fane mais de mil pessoas em lan\u00e7amento de candidatura a vereador Cama\u00e7ari foi palco de um momento hist\u00f3rico neste s\u00e1bado (17), com o lan\u00e7amento da candidatura do Professor M\u00e1rcio a vereador da cidade. O evento, que reuniu mais de mil pessoas, sendo considerado o maior evento pol\u00edtico promovido por um candidato a vereador [&hellip;]","og_url":"https:\/\/compartilhabahia.com.br\/index.php\/2024\/08\/18\/professor-marcio-mostra-que-vai-brocar-nas-urnas-reunindo-na-1a-semana-mais-de-mil-pessoas\/","og_site_name":"Compartilha Bahia","article_publisher":"https:\/\/web.facebook.com\/compartilhabahia","article_published_time":"2024-08-18T13:43:34+00:00","article_modified_time":"2024-08-18T13:43:35+00:00","og_image":[{"width":1280,"height":960,"url":"https:\/\/compartilhabahia.com.br\/wp-content\/uploads\/2024\/08\/marcio1000.jpg","type":"image\/jpeg"}],"author":"admin","twitter_card":"summary_large_image","twitter_misc":{"Escrito por":"admin","Est. tempo de leitura":"3 minutos"},"schema":{"@context":"https:\/\/schema.org","@graph":[{"@type":"Article","@id":"https:\/\/compartilhabahia.com.br\/index.php\/2024\/08\/18\/professor-marcio-mostra-que-vai-brocar-nas-urnas-reunindo-na-1a-semana-mais-de-mil-pessoas\/#article","isPartOf":{"@id":"https:\/\/compartilhabahia.com.br\/index.php\/2024\/08\/18\/professor-marcio-mostra-que-vai-brocar-nas-urnas-reunindo-na-1a-semana-mais-de-mil-pessoas\/"},"author":{"name":"admin","@id":"https:\/\/compartilhabahia.com.br\/#\/schema\/person\/9b4f0c3178793b8248d6686732521c04"},"headline":"Professor M\u00e1rcio mostra que vai &#8220;brocar&#8221; nas urnas reunindo na 1\u00aa semana mais de mil pessoas","datePublished":"2024-08-18T13:43:34+00:00","dateModified":"2024-08-18T13:43:35+00:00","mainEntityOfPage":{"@id":"https:\/\/compartilhabahia.com.br\/index.php\/2024\/08\/18\/professor-marcio-mostra-que-vai-brocar-nas-urnas-reunindo-na-1a-semana-mais-de-mil-pessoas\/"},"wordCount":388,"commentCount":0,"publisher":{"@id":"https:\/\/compartilhabahia.com.br\/#organization"},"articleSection":["Mundo"],"inLanguage":"pt-BR","potentialAction":[{"@type":"CommentAction","name":"Comment","target":["https:\/\/compartilhabahia.com.br\/index.php\/2024\/08\/18\/professor-marcio-mostra-que-vai-brocar-nas-urnas-reunindo-na-1a-semana-mais-de-mil-pessoas\/#respond"]}]},{"@type":"WebPage","@id":"https:\/\/compartilhabahia.com.br\/index.php\/2024\/08\/18\/professor-marcio-mostra-que-vai-brocar-nas-urnas-reunindo-na-1a-semana-mais-de-mil-pessoas\/","url":"https:\/\/compartilhabahia.com.br\/index.php\/2024\/08\/18\/professor-marcio-mostra-que-vai-brocar-nas-urnas-reunindo-na-1a-semana-mais-de-mil-pessoas\/","name":"Professor M\u00e1rcio mostra que vai \"brocar\" nas urnas reunindo na 1\u00aa semana mais de mil pessoas - Compartilha Bahia","isPartOf":{"@id":"https:\/\/compartilhabahia.com.br\/#website"},"datePublished":"2024-08-18T13:43:34+00:00","dateModified":"2024-08-18T13:43:35+00:00","breadcrumb":{"@id":"https:\/\/compartilhabahia.com.br\/index.php\/2024\/08\/18\/professor-marcio-mostra-que-vai-brocar-nas-urnas-reunindo-na-1a-semana-mais-de-mil-pessoas\/#breadcrumb"},"inLanguage":"pt-BR","potentialAction":[{"@type":"ReadAction","target":["https:\/\/compartilhabahia.com.br\/index.php\/2024\/08\/18\/professor-marcio-mostra-que-vai-brocar-nas-urnas-reunindo-na-1a-semana-mais-de-mil-pessoas\/"]}]},{"@type":"BreadcrumbList","@id":"https:\/\/compartilhabahia.com.br\/index.php\/2024\/08\/18\/professor-marcio-mostra-que-vai-brocar-nas-urnas-reunindo-na-1a-semana-mais-de-mil-pessoas\/#breadcrumb","itemListElement":[{"@type":"ListItem","position":1,"name":"In\u00edcio","item":"https:\/\/compartilhabahia.com.br\/"},{"@type":"ListItem","position":2,"name":"Professor M\u00e1rcio mostra que vai &#8220;brocar&#8221; nas urnas reunindo na 1\u00aa semana mais de mil pessoas"}]},{"@type":"WebSite","@id":"https:\/\/compartilhabahia.com.br\/#website","url":"https:\/\/compartilhabahia.com.br\/","name":"Compartilha Bahia","description":"","publisher":{"@id":"https:\/\/compartilhabahia.com.br\/#organization"},"potentialAction":[{"@type":"SearchAction","target":{"@type":"EntryPoint","urlTemplate":"https:\/\/compartilhabahia.com.br\/?s={search_term_string}"},"query-input":"required name=search_term_string"}],"inLanguage":"pt-BR"},{"@type":"Organization","@id":"https:\/\/compartilhabahia.com.br\/#organization","name":"Compartilha Bahia","url":"https:\/\/compartilhabahia.com.br\/","logo":{"@type":"ImageObject","inLanguage":"pt-BR","@id":"https:\/\/compartilhabahia.com.br\/#\/schema\/logo\/image\/","url":"https:\/\/compartilhabahia.com.br\/wp-content\/uploads\/2023\/12\/cropped-logo.png","contentUrl":"https:\/\/compartilhabahia.com.br\/wp-content\/uploads\/2023\/12\/cropped-logo.png","width":300,"height":106,"caption":"Compartilha Bahia"},"image":{"@id":"https:\/\/compartilhabahia.com.br\/#\/schema\/logo\/image\/"},"sameAs":["https:\/\/web.facebook.com\/compartilhabahia","https:\/\/www.instagram.com\/compartilhabahia\/"]},{"@type":"Person","@id":"https:\/\/compartilhabahia.com.br\/#\/schema\/person\/9b4f0c3178793b8248d6686732521c04","name":"admin","image":{"@type":"ImageObject","inLanguage":"pt-BR","@id":"https:\/\/compartilhabahia.com.br\/#\/schema\/person\/image\/","url":"https:\/\/secure.gravatar.com\/avatar\/9600df58751c5acbe914c538c03390ef649ea088cb65f84ba09c7ce66988eed6?s=96&d=mm&r=g","contentUrl":"https:\/\/secure.gravatar.com\/avatar\/9600df58751c5acbe914c538c03390ef649ea088cb65f84ba09c7ce66988eed6?s=96&d=mm&r=g","caption":"admin"},"sameAs":["https:\/\/compartilhabahia.com.br"],"url":"https:\/\/compartilhabahia.com.br\/index.php\/author\/compartilhabahia\/"}]}},"_links":{"self":[{"href":"https:\/\/compartilhabahia.com.br\/index.php\/wp-json\/wp\/v2\/posts\/3270","targetHints":{"allow":["GET"]}}],"collection":[{"href":"https:\/\/compartilhabahia.com.br\/index.php\/wp-json\/wp\/v2\/posts"}],"about":[{"href":"https:\/\/compartilhabahia.com.br\/index.php\/wp-json\/wp\/v2\/types\/post"}],"author":[{"embeddable":true,"href":"https:\/\/compartilhabahia.com.br\/index.php\/wp-json\/wp\/v2\/users\/1"}],"replies":[{"embeddable":true,"href":"https:\/\/compartilhabahia.com.br\/index.php\/wp-json\/wp\/v2\/comments?post=3270"}],"version-history":[{"count":1,"href":"https:\/\/compartilhabahia.com.br\/index.php\/wp-json\/wp\/v2\/posts\/3270\/revisions"}],"predecessor-version":[{"id":3273,"href":"https:\/\/compartilhabahia.com.br\/index.php\/wp-json\/wp\/v2\/posts\/3270\/revisions\/3273"}],"wp:featuredmedia":[{"embeddable":true,"href":"https:\/\/compartilhabahia.com.br\/index.php\/wp-json\/wp\/v2\/media\/3271"}],"wp:attachment":[{"href":"https:\/\/compartilhabahia.com.br\/index.php\/wp-json\/wp\/v2\/media?parent=3270"}],"wp:term":[{"taxonomy":"category","embeddable":true,"href":"https:\/\/compartilhabahia.com.br\/index.php\/wp-json\/wp\/v2\/categories?post=3270"},{"taxonomy":"post_tag","embeddable":true,"href":"https:\/\/compartilhabahia.com.br\/index.php\/wp-json\/wp\/v2\/tags?post=3270"}],"curies":[{"name":"wp","href":"https:\/\/api.w.org\/{rel}","templated":true}]}}