{"id":319,"date":"2023-12-27T14:44:02","date_gmt":"2023-12-27T14:44:02","guid":{"rendered":"https:\/\/compartilhabahia.com.br\/?p=319"},"modified":"2023-12-27T14:44:04","modified_gmt":"2023-12-27T14:44:04","slug":"reveillon-praia-do-forte-shows-transfer-estrutura-top-nos-3-dias-e-servico-all-inclusive-na-noite-do-dia-31","status":"publish","type":"post","link":"https:\/\/compartilhabahia.com.br\/index.php\/2023\/12\/27\/reveillon-praia-do-forte-shows-transfer-estrutura-top-nos-3-dias-e-servico-all-inclusive-na-noite-do-dia-31\/","title":{"rendered":"R\u00e9veillon Praia do Forte shows, transfer, estrutura top nos 3 dias e servi\u00e7o all inclusive na noite do dia 31"},"content":{"rendered":"\n<p><br>Chegada de 2024 ser\u00e1 celebrada em grande estilo no Castelo Garcia D\u2019\u00e1vila, em Praia do Forte<\/p>\n\n\n\n<p>A chegada de 2024 ser\u00e1 celebrada em grande estilo! Trazendo grandes nomes do cen\u00e1rio musical e um servi\u00e7o all inclusive de qualidade, o R\u00e9veiilon Praia do Forte levar\u00e1 para o Castelo Garcia D\u2019\u00e1vila uma noite de muita alegria, luxo e celebra\u00e7\u00e3o.<\/p>\n\n\n\n<p>Com um card\u00e1pio que trar\u00e1 op\u00e7\u00f5es de mesa de queijos com Gran Mestre, Gouda Kroon, Ementhal, Torre de Brie com frutas cristalizadas, salada de bacalhau, terrines de salm\u00e3o e frango com alho por\u00f3. Al\u00e9m de temakeria e um super jantar com fileto com shimeji, brandade de bacalhau, ravioli 3 queijos, e op\u00e7\u00f5es de fast food com acaraj\u00e9, pizza, hot-dog e yakissoba.<\/p>\n\n\n\n<p>Al\u00e9m do menu, a noite do dia 31 oferecer\u00e1 ainda cerveja Corona, gin Tanqueray, whisky Old Par, vodca Ciroc, energ\u00e9tico Red Bull, \u00e1gua e refrigerante. Tudo pensando em oferecer o melhor servi\u00e7o para o p\u00fablico que vai comemorar a chegada do novo ano no Castelo.<\/p>\n\n\n\n<p>A anima\u00e7\u00e3o do dia 31 ficar\u00e1 por conta dos shows do rei do Ax\u00e9, Bell Marques, da dupla sertaneja Jorge &amp; Mateus, que v\u00e3o levar uma energia de romantismo para o R\u00e9veillon Praia do Forte, e do som envolvente de Lincoln, que ir\u00e1 colocar todo mundo para dan\u00e7ar.<\/p>\n\n\n\n<p>Al\u00e9m do dia 31, a celebra\u00e7\u00e3o do R\u00e9veillon Praia do Forte acontecer\u00e1 tamb\u00e9m nos dias 27 e 29, com shows de Gusttavo Lima, Timbalada, Tuca Fernandes, Anitta, L\u00e9o Santana e DubDogz.<\/p>\n\n\n\n<p>Trazendo op\u00e7\u00f5es de conforto para o p\u00fablico, o R\u00e9veillon Praia do Forte oferecer\u00e1 o servi\u00e7o de transfer, que sair\u00e1 a partir das 21h, de 2 pontos, o primeiro em frente \u00e0 Vila da Praia do Forte e o segundo no estacionamento em frente ao Condom\u00ednio Laguna.<\/p>\n\n\n\n<p>Em um ambiente hist\u00f3rico, o Castelo receber\u00e1 a superestrutura durante os tr\u00eas dias de festa, proporcionando ao p\u00fablico uma experi\u00eancia ainda mais especial para brindar a chegada de 2024. Os ingressos est\u00e3o sendo vendidos atrav\u00e9s do site www.ingresse.com.<\/p>\n\n\n\n<p>Para maiores informa\u00e7\u00f5es acesse @reveillonpraiadoforte.<\/p>\n\n\n\n<p>SERVI\u00c7O<br>R\u00e9veillon Praia do Forte<br>Data: 27, 29 e 31 de dezembro<br>Onde: Castelo Garcia D\u2019\u00e1vila \u2013 Praia do Forte\/BA<br>Ingressos: Pacote 3 dias ou venda individual atrav\u00e9s do site www.ingresse.com<br>Informa\u00e7\u00f5es: @reveillonpraiadoforte @ssaproducoes<br>Atra\u00e7\u00f5es:<br>27 de dezembro: Gusttavo Lima | Timbalada | Tuca Fernandes<br>29 de dezembro: Anitta | L\u00e9o Santana | DubDogz<br>31 de dezembro: Bell Marques | Jorge &amp; Mateus | Lincoln<\/p>\n","protected":false},"excerpt":{"rendered":"<p>Chegada de 2024 ser\u00e1 celebrada em grande estilo no Castelo Garcia D\u2019\u00e1vila, em Praia do Forte A chegada de 2024 ser\u00e1 celebrada em grande estilo! Trazendo grandes nomes do cen\u00e1rio musical e um servi\u00e7o all inclusive de qualidade, o R\u00e9veiilon Praia do Forte levar\u00e1 para o Castelo Garcia D\u2019\u00e1vila uma noite de muita alegria, luxo [&hellip;]<\/p>\n","protected":false},"author":1,"featured_media":320,"comment_status":"open","ping_status":"open","sticky":false,"template":"","format":"standard","meta":{"footnotes":""},"categories":[10,8],"tags":[],"class_list":["post-319","post","type-post","status-publish","format-standard","has-post-thumbnail","hentry","category-bahia","category-camacari"],"yoast_head":"<!-- This site is optimized with the Yoast SEO plugin v21.7 - https:\/\/yoast.com\/wordpress\/plugins\/seo\/ -->\n<title>R\u00e9veillon Praia do Forte shows, transfer, estrutura top nos 3 dias e servi\u00e7o all inclusive na noite do dia 31 - Compartilha Bahia<\/title>\n<meta name=\"robots\" content=\"index, follow, max-snippet:-1, max-image-preview:large, max-video-preview:-1\" \/>\n<link rel=\"canonical\" href=\"https:\/\/compartilhabahia.com.br\/index.php\/2023\/12\/27\/reveillon-praia-do-forte-shows-transfer-estrutura-top-nos-3-dias-e-servico-all-inclusive-na-noite-do-dia-31\/\" \/>\n<meta property=\"og:locale\" content=\"pt_BR\" \/>\n<meta property=\"og:type\" content=\"article\" \/>\n<meta property=\"og:title\" content=\"R\u00e9veillon Praia do Forte shows, transfer, estrutura top nos 3 dias e servi\u00e7o all inclusive na noite do dia 31 - Compartilha Bahia\" \/>\n<meta property=\"og:description\" content=\"Chegada de 2024 ser\u00e1 celebrada em grande estilo no Castelo Garcia D\u2019\u00e1vila, em Praia do Forte A chegada de 2024 ser\u00e1 celebrada em grande estilo! Trazendo grandes nomes do cen\u00e1rio musical e um servi\u00e7o all inclusive de qualidade, o R\u00e9veiilon Praia do Forte levar\u00e1 para o Castelo Garcia D\u2019\u00e1vila uma noite de muita alegria, luxo [&hellip;]\" \/>\n<meta property=\"og:url\" content=\"https:\/\/compartilhabahia.com.br\/index.php\/2023\/12\/27\/reveillon-praia-do-forte-shows-transfer-estrutura-top-nos-3-dias-e-servico-all-inclusive-na-noite-do-dia-31\/\" \/>\n<meta property=\"og:site_name\" content=\"Compartilha Bahia\" \/>\n<meta property=\"article:publisher\" content=\"https:\/\/web.facebook.com\/compartilhabahia\" \/>\n<meta property=\"article:published_time\" content=\"2023-12-27T14:44:02+00:00\" \/>\n<meta property=\"article:modified_time\" content=\"2023-12-27T14:44:04+00:00\" \/>\n<meta property=\"og:image\" content=\"https:\/\/compartilhabahia.com.br\/wp-content\/uploads\/2023\/12\/WhatsApp-Image-2023-12-26-at-10.42.19.jpeg\" \/>\n\t<meta property=\"og:image:width\" content=\"1290\" \/>\n\t<meta property=\"og:image:height\" content=\"1464\" \/>\n\t<meta property=\"og:image:type\" content=\"image\/jpeg\" \/>\n<meta name=\"author\" content=\"admin\" \/>\n<meta name=\"twitter:card\" content=\"summary_large_image\" \/>\n<meta name=\"twitter:label1\" content=\"Escrito por\" \/>\n\t<meta name=\"twitter:data1\" content=\"admin\" \/>\n\t<meta name=\"twitter:label2\" content=\"Est. tempo de leitura\" \/>\n\t<meta name=\"twitter:data2\" content=\"3 minutos\" \/>\n<script type=\"application\/ld+json\" class=\"yoast-schema-graph\">{\"@context\":\"https:\/\/schema.org\",\"@graph\":[{\"@type\":\"Article\",\"@id\":\"https:\/\/compartilhabahia.com.br\/index.php\/2023\/12\/27\/reveillon-praia-do-forte-shows-transfer-estrutura-top-nos-3-dias-e-servico-all-inclusive-na-noite-do-dia-31\/#article\",\"isPartOf\":{\"@id\":\"https:\/\/compartilhabahia.com.br\/index.php\/2023\/12\/27\/reveillon-praia-do-forte-shows-transfer-estrutura-top-nos-3-dias-e-servico-all-inclusive-na-noite-do-dia-31\/\"},\"author\":{\"name\":\"admin\",\"@id\":\"https:\/\/compartilhabahia.com.br\/#\/schema\/person\/9b4f0c3178793b8248d6686732521c04\"},\"headline\":\"R\u00e9veillon Praia do Forte shows, transfer, estrutura top nos 3 dias e servi\u00e7o all inclusive na noite do dia 31\",\"datePublished\":\"2023-12-27T14:44:02+00:00\",\"dateModified\":\"2023-12-27T14:44:04+00:00\",\"mainEntityOfPage\":{\"@id\":\"https:\/\/compartilhabahia.com.br\/index.php\/2023\/12\/27\/reveillon-praia-do-forte-shows-transfer-estrutura-top-nos-3-dias-e-servico-all-inclusive-na-noite-do-dia-31\/\"},\"wordCount\":433,\"commentCount\":0,\"publisher\":{\"@id\":\"https:\/\/compartilhabahia.com.br\/#organization\"},\"articleSection\":[\"Bahia\",\"Cama\u00e7ari\"],\"inLanguage\":\"pt-BR\",\"potentialAction\":[{\"@type\":\"CommentAction\",\"name\":\"Comment\",\"target\":[\"https:\/\/compartilhabahia.com.br\/index.php\/2023\/12\/27\/reveillon-praia-do-forte-shows-transfer-estrutura-top-nos-3-dias-e-servico-all-inclusive-na-noite-do-dia-31\/#respond\"]}]},{\"@type\":\"WebPage\",\"@id\":\"https:\/\/compartilhabahia.com.br\/index.php\/2023\/12\/27\/reveillon-praia-do-forte-shows-transfer-estrutura-top-nos-3-dias-e-servico-all-inclusive-na-noite-do-dia-31\/\",\"url\":\"https:\/\/compartilhabahia.com.br\/index.php\/2023\/12\/27\/reveillon-praia-do-forte-shows-transfer-estrutura-top-nos-3-dias-e-servico-all-inclusive-na-noite-do-dia-31\/\",\"name\":\"R\u00e9veillon Praia do Forte shows, transfer, estrutura top nos 3 dias e servi\u00e7o all inclusive na noite do dia 31 - Compartilha Bahia\",\"isPartOf\":{\"@id\":\"https:\/\/compartilhabahia.com.br\/#website\"},\"datePublished\":\"2023-12-27T14:44:02+00:00\",\"dateModified\":\"2023-12-27T14:44:04+00:00\",\"breadcrumb\":{\"@id\":\"https:\/\/compartilhabahia.com.br\/index.php\/2023\/12\/27\/reveillon-praia-do-forte-shows-transfer-estrutura-top-nos-3-dias-e-servico-all-inclusive-na-noite-do-dia-31\/#breadcrumb\"},\"inLanguage\":\"pt-BR\",\"potentialAction\":[{\"@type\":\"ReadAction\",\"target\":[\"https:\/\/compartilhabahia.com.br\/index.php\/2023\/12\/27\/reveillon-praia-do-forte-shows-transfer-estrutura-top-nos-3-dias-e-servico-all-inclusive-na-noite-do-dia-31\/\"]}]},{\"@type\":\"BreadcrumbList\",\"@id\":\"https:\/\/compartilhabahia.com.br\/index.php\/2023\/12\/27\/reveillon-praia-do-forte-shows-transfer-estrutura-top-nos-3-dias-e-servico-all-inclusive-na-noite-do-dia-31\/#breadcrumb\",\"itemListElement\":[{\"@type\":\"ListItem\",\"position\":1,\"name\":\"In\u00edcio\",\"item\":\"https:\/\/compartilhabahia.com.br\/\"},{\"@type\":\"ListItem\",\"position\":2,\"name\":\"R\u00e9veillon Praia do Forte shows, transfer, estrutura top nos 3 dias e servi\u00e7o all inclusive na noite do dia 31\"}]},{\"@type\":\"WebSite\",\"@id\":\"https:\/\/compartilhabahia.com.br\/#website\",\"url\":\"https:\/\/compartilhabahia.com.br\/\",\"name\":\"Compartilha Bahia\",\"description\":\"\",\"publisher\":{\"@id\":\"https:\/\/compartilhabahia.com.br\/#organization\"},\"potentialAction\":[{\"@type\":\"SearchAction\",\"target\":{\"@type\":\"EntryPoint\",\"urlTemplate\":\"https:\/\/compartilhabahia.com.br\/?s={search_term_string}\"},\"query-input\":\"required name=search_term_string\"}],\"inLanguage\":\"pt-BR\"},{\"@type\":\"Organization\",\"@id\":\"https:\/\/compartilhabahia.com.br\/#organization\",\"name\":\"Compartilha Bahia\",\"url\":\"https:\/\/compartilhabahia.com.br\/\",\"logo\":{\"@type\":\"ImageObject\",\"inLanguage\":\"pt-BR\",\"@id\":\"https:\/\/compartilhabahia.com.br\/#\/schema\/logo\/image\/\",\"url\":\"https:\/\/compartilhabahia.com.br\/wp-content\/uploads\/2023\/12\/cropped-logo.png\",\"contentUrl\":\"https:\/\/compartilhabahia.com.br\/wp-content\/uploads\/2023\/12\/cropped-logo.png\",\"width\":300,\"height\":106,\"caption\":\"Compartilha Bahia\"},\"image\":{\"@id\":\"https:\/\/compartilhabahia.com.br\/#\/schema\/logo\/image\/\"},\"sameAs\":[\"https:\/\/web.facebook.com\/compartilhabahia\",\"https:\/\/www.instagram.com\/compartilhabahia\/\"]},{\"@type\":\"Person\",\"@id\":\"https:\/\/compartilhabahia.com.br\/#\/schema\/person\/9b4f0c3178793b8248d6686732521c04\",\"name\":\"admin\",\"image\":{\"@type\":\"ImageObject\",\"inLanguage\":\"pt-BR\",\"@id\":\"https:\/\/compartilhabahia.com.br\/#\/schema\/person\/image\/\",\"url\":\"https:\/\/secure.gravatar.com\/avatar\/9600df58751c5acbe914c538c03390ef649ea088cb65f84ba09c7ce66988eed6?s=96&d=mm&r=g\",\"contentUrl\":\"https:\/\/secure.gravatar.com\/avatar\/9600df58751c5acbe914c538c03390ef649ea088cb65f84ba09c7ce66988eed6?s=96&d=mm&r=g\",\"caption\":\"admin\"},\"sameAs\":[\"https:\/\/compartilhabahia.com.br\"],\"url\":\"https:\/\/compartilhabahia.com.br\/index.php\/author\/compartilhabahia\/\"}]}<\/script>\n<!-- \/ Yoast SEO plugin. -->","yoast_head_json":{"title":"R\u00e9veillon Praia do Forte shows, transfer, estrutura top nos 3 dias e servi\u00e7o all inclusive na noite do dia 31 - Compartilha Bahia","robots":{"index":"index","follow":"follow","max-snippet":"max-snippet:-1","max-image-preview":"max-image-preview:large","max-video-preview":"max-video-preview:-1"},"canonical":"https:\/\/compartilhabahia.com.br\/index.php\/2023\/12\/27\/reveillon-praia-do-forte-shows-transfer-estrutura-top-nos-3-dias-e-servico-all-inclusive-na-noite-do-dia-31\/","og_locale":"pt_BR","og_type":"article","og_title":"R\u00e9veillon Praia do Forte shows, transfer, estrutura top nos 3 dias e servi\u00e7o all inclusive na noite do dia 31 - Compartilha Bahia","og_description":"Chegada de 2024 ser\u00e1 celebrada em grande estilo no Castelo Garcia D\u2019\u00e1vila, em Praia do Forte A chegada de 2024 ser\u00e1 celebrada em grande estilo! Trazendo grandes nomes do cen\u00e1rio musical e um servi\u00e7o all inclusive de qualidade, o R\u00e9veiilon Praia do Forte levar\u00e1 para o Castelo Garcia D\u2019\u00e1vila uma noite de muita alegria, luxo [&hellip;]","og_url":"https:\/\/compartilhabahia.com.br\/index.php\/2023\/12\/27\/reveillon-praia-do-forte-shows-transfer-estrutura-top-nos-3-dias-e-servico-all-inclusive-na-noite-do-dia-31\/","og_site_name":"Compartilha Bahia","article_publisher":"https:\/\/web.facebook.com\/compartilhabahia","article_published_time":"2023-12-27T14:44:02+00:00","article_modified_time":"2023-12-27T14:44:04+00:00","og_image":[{"width":1290,"height":1464,"url":"https:\/\/compartilhabahia.com.br\/wp-content\/uploads\/2023\/12\/WhatsApp-Image-2023-12-26-at-10.42.19.jpeg","type":"image\/jpeg"}],"author":"admin","twitter_card":"summary_large_image","twitter_misc":{"Escrito por":"admin","Est. tempo de leitura":"3 minutos"},"schema":{"@context":"https:\/\/schema.org","@graph":[{"@type":"Article","@id":"https:\/\/compartilhabahia.com.br\/index.php\/2023\/12\/27\/reveillon-praia-do-forte-shows-transfer-estrutura-top-nos-3-dias-e-servico-all-inclusive-na-noite-do-dia-31\/#article","isPartOf":{"@id":"https:\/\/compartilhabahia.com.br\/index.php\/2023\/12\/27\/reveillon-praia-do-forte-shows-transfer-estrutura-top-nos-3-dias-e-servico-all-inclusive-na-noite-do-dia-31\/"},"author":{"name":"admin","@id":"https:\/\/compartilhabahia.com.br\/#\/schema\/person\/9b4f0c3178793b8248d6686732521c04"},"headline":"R\u00e9veillon Praia do Forte shows, transfer, estrutura top nos 3 dias e servi\u00e7o all inclusive na noite do dia 31","datePublished":"2023-12-27T14:44:02+00:00","dateModified":"2023-12-27T14:44:04+00:00","mainEntityOfPage":{"@id":"https:\/\/compartilhabahia.com.br\/index.php\/2023\/12\/27\/reveillon-praia-do-forte-shows-transfer-estrutura-top-nos-3-dias-e-servico-all-inclusive-na-noite-do-dia-31\/"},"wordCount":433,"commentCount":0,"publisher":{"@id":"https:\/\/compartilhabahia.com.br\/#organization"},"articleSection":["Bahia","Cama\u00e7ari"],"inLanguage":"pt-BR","potentialAction":[{"@type":"CommentAction","name":"Comment","target":["https:\/\/compartilhabahia.com.br\/index.php\/2023\/12\/27\/reveillon-praia-do-forte-shows-transfer-estrutura-top-nos-3-dias-e-servico-all-inclusive-na-noite-do-dia-31\/#respond"]}]},{"@type":"WebPage","@id":"https:\/\/compartilhabahia.com.br\/index.php\/2023\/12\/27\/reveillon-praia-do-forte-shows-transfer-estrutura-top-nos-3-dias-e-servico-all-inclusive-na-noite-do-dia-31\/","url":"https:\/\/compartilhabahia.com.br\/index.php\/2023\/12\/27\/reveillon-praia-do-forte-shows-transfer-estrutura-top-nos-3-dias-e-servico-all-inclusive-na-noite-do-dia-31\/","name":"R\u00e9veillon Praia do Forte shows, transfer, estrutura top nos 3 dias e servi\u00e7o all inclusive na noite do dia 31 - Compartilha Bahia","isPartOf":{"@id":"https:\/\/compartilhabahia.com.br\/#website"},"datePublished":"2023-12-27T14:44:02+00:00","dateModified":"2023-12-27T14:44:04+00:00","breadcrumb":{"@id":"https:\/\/compartilhabahia.com.br\/index.php\/2023\/12\/27\/reveillon-praia-do-forte-shows-transfer-estrutura-top-nos-3-dias-e-servico-all-inclusive-na-noite-do-dia-31\/#breadcrumb"},"inLanguage":"pt-BR","potentialAction":[{"@type":"ReadAction","target":["https:\/\/compartilhabahia.com.br\/index.php\/2023\/12\/27\/reveillon-praia-do-forte-shows-transfer-estrutura-top-nos-3-dias-e-servico-all-inclusive-na-noite-do-dia-31\/"]}]},{"@type":"BreadcrumbList","@id":"https:\/\/compartilhabahia.com.br\/index.php\/2023\/12\/27\/reveillon-praia-do-forte-shows-transfer-estrutura-top-nos-3-dias-e-servico-all-inclusive-na-noite-do-dia-31\/#breadcrumb","itemListElement":[{"@type":"ListItem","position":1,"name":"In\u00edcio","item":"https:\/\/compartilhabahia.com.br\/"},{"@type":"ListItem","position":2,"name":"R\u00e9veillon Praia do Forte shows, transfer, estrutura top nos 3 dias e servi\u00e7o all inclusive na noite do dia 31"}]},{"@type":"WebSite","@id":"https:\/\/compartilhabahia.com.br\/#website","url":"https:\/\/compartilhabahia.com.br\/","name":"Compartilha Bahia","description":"","publisher":{"@id":"https:\/\/compartilhabahia.com.br\/#organization"},"potentialAction":[{"@type":"SearchAction","target":{"@type":"EntryPoint","urlTemplate":"https:\/\/compartilhabahia.com.br\/?s={search_term_string}"},"query-input":"required name=search_term_string"}],"inLanguage":"pt-BR"},{"@type":"Organization","@id":"https:\/\/compartilhabahia.com.br\/#organization","name":"Compartilha Bahia","url":"https:\/\/compartilhabahia.com.br\/","logo":{"@type":"ImageObject","inLanguage":"pt-BR","@id":"https:\/\/compartilhabahia.com.br\/#\/schema\/logo\/image\/","url":"https:\/\/compartilhabahia.com.br\/wp-content\/uploads\/2023\/12\/cropped-logo.png","contentUrl":"https:\/\/compartilhabahia.com.br\/wp-content\/uploads\/2023\/12\/cropped-logo.png","width":300,"height":106,"caption":"Compartilha Bahia"},"image":{"@id":"https:\/\/compartilhabahia.com.br\/#\/schema\/logo\/image\/"},"sameAs":["https:\/\/web.facebook.com\/compartilhabahia","https:\/\/www.instagram.com\/compartilhabahia\/"]},{"@type":"Person","@id":"https:\/\/compartilhabahia.com.br\/#\/schema\/person\/9b4f0c3178793b8248d6686732521c04","name":"admin","image":{"@type":"ImageObject","inLanguage":"pt-BR","@id":"https:\/\/compartilhabahia.com.br\/#\/schema\/person\/image\/","url":"https:\/\/secure.gravatar.com\/avatar\/9600df58751c5acbe914c538c03390ef649ea088cb65f84ba09c7ce66988eed6?s=96&d=mm&r=g","contentUrl":"https:\/\/secure.gravatar.com\/avatar\/9600df58751c5acbe914c538c03390ef649ea088cb65f84ba09c7ce66988eed6?s=96&d=mm&r=g","caption":"admin"},"sameAs":["https:\/\/compartilhabahia.com.br"],"url":"https:\/\/compartilhabahia.com.br\/index.php\/author\/compartilhabahia\/"}]}},"_links":{"self":[{"href":"https:\/\/compartilhabahia.com.br\/index.php\/wp-json\/wp\/v2\/posts\/319","targetHints":{"allow":["GET"]}}],"collection":[{"href":"https:\/\/compartilhabahia.com.br\/index.php\/wp-json\/wp\/v2\/posts"}],"about":[{"href":"https:\/\/compartilhabahia.com.br\/index.php\/wp-json\/wp\/v2\/types\/post"}],"author":[{"embeddable":true,"href":"https:\/\/compartilhabahia.com.br\/index.php\/wp-json\/wp\/v2\/users\/1"}],"replies":[{"embeddable":true,"href":"https:\/\/compartilhabahia.com.br\/index.php\/wp-json\/wp\/v2\/comments?post=319"}],"version-history":[{"count":1,"href":"https:\/\/compartilhabahia.com.br\/index.php\/wp-json\/wp\/v2\/posts\/319\/revisions"}],"predecessor-version":[{"id":321,"href":"https:\/\/compartilhabahia.com.br\/index.php\/wp-json\/wp\/v2\/posts\/319\/revisions\/321"}],"wp:featuredmedia":[{"embeddable":true,"href":"https:\/\/compartilhabahia.com.br\/index.php\/wp-json\/wp\/v2\/media\/320"}],"wp:attachment":[{"href":"https:\/\/compartilhabahia.com.br\/index.php\/wp-json\/wp\/v2\/media?parent=319"}],"wp:term":[{"taxonomy":"category","embeddable":true,"href":"https:\/\/compartilhabahia.com.br\/index.php\/wp-json\/wp\/v2\/categories?post=319"},{"taxonomy":"post_tag","embeddable":true,"href":"https:\/\/compartilhabahia.com.br\/index.php\/wp-json\/wp\/v2\/tags?post=319"}],"curies":[{"name":"wp","href":"https:\/\/api.w.org\/{rel}","templated":true}]}}