{"id":3082,"date":"2024-08-05T20:38:25","date_gmt":"2024-08-05T20:38:25","guid":{"rendered":"https:\/\/compartilhabahia.com.br\/?p=3082"},"modified":"2024-08-05T20:47:54","modified_gmt":"2024-08-05T20:47:54","slug":"denuncia-de-corrupcao-aponta-cabeca-de-flavio-matos-e-escandalo-circula-na-imprensa","status":"publish","type":"post","link":"https:\/\/compartilhabahia.com.br\/index.php\/2024\/08\/05\/denuncia-de-corrupcao-aponta-cabeca-de-flavio-matos-e-escandalo-circula-na-imprensa\/","title":{"rendered":"Den\u00fancia de Corrup\u00e7\u00e3o aponta cabe\u00e7a de Fl\u00e1vio Matos e esc\u00e2ndalo alcan\u00e7a Prefeitura"},"content":{"rendered":"\n<p>A cabe\u00e7a do vereador Fl\u00e1vio Matos viu girando em torno dela den\u00fancias de corrup\u00e7\u00e3o em sua gest\u00e3o frente a C\u00e2mara Municipal de Cama\u00e7ari. O caso foi parar na justi\u00e7a que n\u00e3o demorou em conceder uma liminar, freando qualquer vontade afoita de meter a m\u00e3o no dinheiro p\u00fablico. O caso tamb\u00e9m foi parar nas p\u00e1ginas pol\u00edticas e policiais dos jornais locais e estaduais. Veja como retratou o Bahia Fatos News e o Cama\u00e7ari Agora, que fez um elo entre esse esc\u00e2ndalo no legislativo com gest\u00e3o da prefeitura:<\/p>\n\n\n\n<p><strong>Bahiafatosnews:<\/strong><\/p>\n\n\n\n<p>&#8220;Ap\u00f3s o candidato a Prefeito Cleiton (NOVO) denunciar na justi\u00e7a fraude em licita\u00e7\u00e3o do telhado da C\u00e2mara Municipal de Cama\u00e7ari, o ju\u00edz da 1\u00aa Vara da Fazenda P\u00fablica concedeu liminar SUSPENDENDO imediatamente a licita\u00e7\u00e3o em que a empresa do marido da vereadora e candidata e Vice-Prefeita prof. Ang\u00e9lica (PP) havia vencido.<\/p>\n\n\n\n<p>A licita\u00e7\u00e3o assinada e carimbada pelo Presidente da C\u00e2mara Fl\u00e1vio Matos (Uni\u00e3o Brasil), que \u00e9 aliado da vereadora e candidato e prefeito na mesma chapa, foi no valor de R$1,5 MILH\u00d5ES DE REAIS.<\/p>\n\n\n\n<p>Agora ambos ter\u00e3o que se explicar para a justi\u00e7a sobre as irregularidades ocorridas nesta licita\u00e7\u00e3o, no prazo da lei, podendo ser condenados por improbidade administrativa e perda do cargo de vereador.&#8221;<\/p>\n\n\n\n<p><\/p>\n\n\n\n<p><strong>Cama\u00e7ari Agora<\/strong><\/p>\n\n\n\n<p>Artilharia&nbsp;O juiz Cesar Borges suspendeu a licita\u00e7\u00e3o de R$ 1,4 milh\u00e3o, para recupera\u00e7\u00e3o do telhado da C\u00e2mara de Vereadores de Cama\u00e7ari. A decis\u00e3o do magistrado da Primeira Vara da Fazenda P\u00fablica de Cama\u00e7ari, fruto de a\u00e7\u00e3o do Partido Novo e do seu candidato Cleitosn Peereira, foi publicada no \u00faltimo dia 2 de agosto.&nbsp;O caso foi not\u00edcia na&nbsp;Coluna&nbsp;de 11 de julho (Confira). Agora \u00e9 aguardar as contesta\u00e7\u00f5es do Legislativo, presidido pelo vereador e candidato a prefeito, Flavio Matos (Uni\u00e3io); da vereadora e candidata a vice na chapa governista, Professora Ang\u00e9lica (PP), e do empres\u00e1rio e seu esposo, Luiz G\u00f3es, tamb\u00e9m citados na a\u00e7\u00e3o popular.<\/p>\n\n\n\n<p>Artilharia 2&nbsp;Desgaste que come\u00e7ou com o telhado do Legislativo pode se ampliar e envolver mais gente. Segundo apurou o&nbsp;Cama\u00e7arico, a empresa Kometal tamb\u00e9m \u00e9 participante de outras licita\u00e7\u00f5es, dessa vez no munic\u00edpio.<\/p>\n","protected":false},"excerpt":{"rendered":"<p>A cabe\u00e7a do vereador Fl\u00e1vio Matos viu girando em torno dela den\u00fancias de corrup\u00e7\u00e3o em sua gest\u00e3o frente a C\u00e2mara Municipal de Cama\u00e7ari. O caso foi parar na justi\u00e7a que n\u00e3o demorou em conceder uma liminar, freando qualquer vontade afoita de meter a m\u00e3o no dinheiro p\u00fablico. O caso tamb\u00e9m foi parar nas p\u00e1ginas pol\u00edticas [&hellip;]<\/p>\n","protected":false},"author":1,"featured_media":2781,"comment_status":"open","ping_status":"open","sticky":false,"template":"","format":"standard","meta":{"footnotes":""},"categories":[8],"tags":[],"class_list":["post-3082","post","type-post","status-publish","format-standard","has-post-thumbnail","hentry","category-camacari"],"yoast_head":"<!-- This site is optimized with the Yoast SEO plugin v21.7 - https:\/\/yoast.com\/wordpress\/plugins\/seo\/ -->\n<title>Den\u00fancia de Corrup\u00e7\u00e3o aponta cabe\u00e7a de Fl\u00e1vio Matos e esc\u00e2ndalo alcan\u00e7a Prefeitura - Compartilha Bahia<\/title>\n<meta name=\"robots\" content=\"index, follow, max-snippet:-1, max-image-preview:large, max-video-preview:-1\" \/>\n<link rel=\"canonical\" href=\"https:\/\/compartilhabahia.com.br\/index.php\/2024\/08\/05\/denuncia-de-corrupcao-aponta-cabeca-de-flavio-matos-e-escandalo-circula-na-imprensa\/\" \/>\n<meta property=\"og:locale\" content=\"pt_BR\" \/>\n<meta property=\"og:type\" content=\"article\" \/>\n<meta property=\"og:title\" content=\"Den\u00fancia de Corrup\u00e7\u00e3o aponta cabe\u00e7a de Fl\u00e1vio Matos e esc\u00e2ndalo alcan\u00e7a Prefeitura - Compartilha Bahia\" \/>\n<meta property=\"og:description\" content=\"A cabe\u00e7a do vereador Fl\u00e1vio Matos viu girando em torno dela den\u00fancias de corrup\u00e7\u00e3o em sua gest\u00e3o frente a C\u00e2mara Municipal de Cama\u00e7ari. O caso foi parar na justi\u00e7a que n\u00e3o demorou em conceder uma liminar, freando qualquer vontade afoita de meter a m\u00e3o no dinheiro p\u00fablico. O caso tamb\u00e9m foi parar nas p\u00e1ginas pol\u00edticas [&hellip;]\" \/>\n<meta property=\"og:url\" content=\"https:\/\/compartilhabahia.com.br\/index.php\/2024\/08\/05\/denuncia-de-corrupcao-aponta-cabeca-de-flavio-matos-e-escandalo-circula-na-imprensa\/\" \/>\n<meta property=\"og:site_name\" content=\"Compartilha Bahia\" \/>\n<meta property=\"article:publisher\" content=\"https:\/\/web.facebook.com\/compartilhabahia\" \/>\n<meta property=\"article:published_time\" content=\"2024-08-05T20:38:25+00:00\" \/>\n<meta property=\"article:modified_time\" content=\"2024-08-05T20:47:54+00:00\" \/>\n<meta property=\"og:image\" content=\"https:\/\/compartilhabahia.com.br\/wp-content\/uploads\/2024\/07\/flavioeelinaldo.jpg\" \/>\n\t<meta property=\"og:image:width\" content=\"966\" \/>\n\t<meta property=\"og:image:height\" content=\"559\" \/>\n\t<meta property=\"og:image:type\" content=\"image\/jpeg\" \/>\n<meta name=\"author\" content=\"admin\" \/>\n<meta name=\"twitter:card\" content=\"summary_large_image\" \/>\n<meta name=\"twitter:label1\" content=\"Escrito por\" \/>\n\t<meta name=\"twitter:data1\" content=\"admin\" \/>\n\t<meta name=\"twitter:label2\" content=\"Est. tempo de leitura\" \/>\n\t<meta name=\"twitter:data2\" content=\"3 minutos\" \/>\n<script type=\"application\/ld+json\" class=\"yoast-schema-graph\">{\"@context\":\"https:\/\/schema.org\",\"@graph\":[{\"@type\":\"Article\",\"@id\":\"https:\/\/compartilhabahia.com.br\/index.php\/2024\/08\/05\/denuncia-de-corrupcao-aponta-cabeca-de-flavio-matos-e-escandalo-circula-na-imprensa\/#article\",\"isPartOf\":{\"@id\":\"https:\/\/compartilhabahia.com.br\/index.php\/2024\/08\/05\/denuncia-de-corrupcao-aponta-cabeca-de-flavio-matos-e-escandalo-circula-na-imprensa\/\"},\"author\":{\"name\":\"admin\",\"@id\":\"https:\/\/compartilhabahia.com.br\/#\/schema\/person\/9b4f0c3178793b8248d6686732521c04\"},\"headline\":\"Den\u00fancia de Corrup\u00e7\u00e3o aponta cabe\u00e7a de Fl\u00e1vio Matos e esc\u00e2ndalo alcan\u00e7a Prefeitura\",\"datePublished\":\"2024-08-05T20:38:25+00:00\",\"dateModified\":\"2024-08-05T20:47:54+00:00\",\"mainEntityOfPage\":{\"@id\":\"https:\/\/compartilhabahia.com.br\/index.php\/2024\/08\/05\/denuncia-de-corrupcao-aponta-cabeca-de-flavio-matos-e-escandalo-circula-na-imprensa\/\"},\"wordCount\":418,\"commentCount\":0,\"publisher\":{\"@id\":\"https:\/\/compartilhabahia.com.br\/#organization\"},\"articleSection\":[\"Cama\u00e7ari\"],\"inLanguage\":\"pt-BR\",\"potentialAction\":[{\"@type\":\"CommentAction\",\"name\":\"Comment\",\"target\":[\"https:\/\/compartilhabahia.com.br\/index.php\/2024\/08\/05\/denuncia-de-corrupcao-aponta-cabeca-de-flavio-matos-e-escandalo-circula-na-imprensa\/#respond\"]}]},{\"@type\":\"WebPage\",\"@id\":\"https:\/\/compartilhabahia.com.br\/index.php\/2024\/08\/05\/denuncia-de-corrupcao-aponta-cabeca-de-flavio-matos-e-escandalo-circula-na-imprensa\/\",\"url\":\"https:\/\/compartilhabahia.com.br\/index.php\/2024\/08\/05\/denuncia-de-corrupcao-aponta-cabeca-de-flavio-matos-e-escandalo-circula-na-imprensa\/\",\"name\":\"Den\u00fancia de Corrup\u00e7\u00e3o aponta cabe\u00e7a de Fl\u00e1vio Matos e esc\u00e2ndalo alcan\u00e7a Prefeitura - Compartilha Bahia\",\"isPartOf\":{\"@id\":\"https:\/\/compartilhabahia.com.br\/#website\"},\"datePublished\":\"2024-08-05T20:38:25+00:00\",\"dateModified\":\"2024-08-05T20:47:54+00:00\",\"breadcrumb\":{\"@id\":\"https:\/\/compartilhabahia.com.br\/index.php\/2024\/08\/05\/denuncia-de-corrupcao-aponta-cabeca-de-flavio-matos-e-escandalo-circula-na-imprensa\/#breadcrumb\"},\"inLanguage\":\"pt-BR\",\"potentialAction\":[{\"@type\":\"ReadAction\",\"target\":[\"https:\/\/compartilhabahia.com.br\/index.php\/2024\/08\/05\/denuncia-de-corrupcao-aponta-cabeca-de-flavio-matos-e-escandalo-circula-na-imprensa\/\"]}]},{\"@type\":\"BreadcrumbList\",\"@id\":\"https:\/\/compartilhabahia.com.br\/index.php\/2024\/08\/05\/denuncia-de-corrupcao-aponta-cabeca-de-flavio-matos-e-escandalo-circula-na-imprensa\/#breadcrumb\",\"itemListElement\":[{\"@type\":\"ListItem\",\"position\":1,\"name\":\"In\u00edcio\",\"item\":\"https:\/\/compartilhabahia.com.br\/\"},{\"@type\":\"ListItem\",\"position\":2,\"name\":\"Den\u00fancia de Corrup\u00e7\u00e3o aponta cabe\u00e7a de Fl\u00e1vio Matos e esc\u00e2ndalo alcan\u00e7a Prefeitura\"}]},{\"@type\":\"WebSite\",\"@id\":\"https:\/\/compartilhabahia.com.br\/#website\",\"url\":\"https:\/\/compartilhabahia.com.br\/\",\"name\":\"Compartilha Bahia\",\"description\":\"\",\"publisher\":{\"@id\":\"https:\/\/compartilhabahia.com.br\/#organization\"},\"potentialAction\":[{\"@type\":\"SearchAction\",\"target\":{\"@type\":\"EntryPoint\",\"urlTemplate\":\"https:\/\/compartilhabahia.com.br\/?s={search_term_string}\"},\"query-input\":\"required name=search_term_string\"}],\"inLanguage\":\"pt-BR\"},{\"@type\":\"Organization\",\"@id\":\"https:\/\/compartilhabahia.com.br\/#organization\",\"name\":\"Compartilha Bahia\",\"url\":\"https:\/\/compartilhabahia.com.br\/\",\"logo\":{\"@type\":\"ImageObject\",\"inLanguage\":\"pt-BR\",\"@id\":\"https:\/\/compartilhabahia.com.br\/#\/schema\/logo\/image\/\",\"url\":\"https:\/\/compartilhabahia.com.br\/wp-content\/uploads\/2023\/12\/cropped-logo.png\",\"contentUrl\":\"https:\/\/compartilhabahia.com.br\/wp-content\/uploads\/2023\/12\/cropped-logo.png\",\"width\":300,\"height\":106,\"caption\":\"Compartilha Bahia\"},\"image\":{\"@id\":\"https:\/\/compartilhabahia.com.br\/#\/schema\/logo\/image\/\"},\"sameAs\":[\"https:\/\/web.facebook.com\/compartilhabahia\",\"https:\/\/www.instagram.com\/compartilhabahia\/\"]},{\"@type\":\"Person\",\"@id\":\"https:\/\/compartilhabahia.com.br\/#\/schema\/person\/9b4f0c3178793b8248d6686732521c04\",\"name\":\"admin\",\"image\":{\"@type\":\"ImageObject\",\"inLanguage\":\"pt-BR\",\"@id\":\"https:\/\/compartilhabahia.com.br\/#\/schema\/person\/image\/\",\"url\":\"https:\/\/secure.gravatar.com\/avatar\/9600df58751c5acbe914c538c03390ef649ea088cb65f84ba09c7ce66988eed6?s=96&d=mm&r=g\",\"contentUrl\":\"https:\/\/secure.gravatar.com\/avatar\/9600df58751c5acbe914c538c03390ef649ea088cb65f84ba09c7ce66988eed6?s=96&d=mm&r=g\",\"caption\":\"admin\"},\"sameAs\":[\"https:\/\/compartilhabahia.com.br\"],\"url\":\"https:\/\/compartilhabahia.com.br\/index.php\/author\/compartilhabahia\/\"}]}<\/script>\n<!-- \/ Yoast SEO plugin. -->","yoast_head_json":{"title":"Den\u00fancia de Corrup\u00e7\u00e3o aponta cabe\u00e7a de Fl\u00e1vio Matos e esc\u00e2ndalo alcan\u00e7a Prefeitura - Compartilha Bahia","robots":{"index":"index","follow":"follow","max-snippet":"max-snippet:-1","max-image-preview":"max-image-preview:large","max-video-preview":"max-video-preview:-1"},"canonical":"https:\/\/compartilhabahia.com.br\/index.php\/2024\/08\/05\/denuncia-de-corrupcao-aponta-cabeca-de-flavio-matos-e-escandalo-circula-na-imprensa\/","og_locale":"pt_BR","og_type":"article","og_title":"Den\u00fancia de Corrup\u00e7\u00e3o aponta cabe\u00e7a de Fl\u00e1vio Matos e esc\u00e2ndalo alcan\u00e7a Prefeitura - Compartilha Bahia","og_description":"A cabe\u00e7a do vereador Fl\u00e1vio Matos viu girando em torno dela den\u00fancias de corrup\u00e7\u00e3o em sua gest\u00e3o frente a C\u00e2mara Municipal de Cama\u00e7ari. O caso foi parar na justi\u00e7a que n\u00e3o demorou em conceder uma liminar, freando qualquer vontade afoita de meter a m\u00e3o no dinheiro p\u00fablico. O caso tamb\u00e9m foi parar nas p\u00e1ginas pol\u00edticas [&hellip;]","og_url":"https:\/\/compartilhabahia.com.br\/index.php\/2024\/08\/05\/denuncia-de-corrupcao-aponta-cabeca-de-flavio-matos-e-escandalo-circula-na-imprensa\/","og_site_name":"Compartilha Bahia","article_publisher":"https:\/\/web.facebook.com\/compartilhabahia","article_published_time":"2024-08-05T20:38:25+00:00","article_modified_time":"2024-08-05T20:47:54+00:00","og_image":[{"width":966,"height":559,"url":"https:\/\/compartilhabahia.com.br\/wp-content\/uploads\/2024\/07\/flavioeelinaldo.jpg","type":"image\/jpeg"}],"author":"admin","twitter_card":"summary_large_image","twitter_misc":{"Escrito por":"admin","Est. tempo de leitura":"3 minutos"},"schema":{"@context":"https:\/\/schema.org","@graph":[{"@type":"Article","@id":"https:\/\/compartilhabahia.com.br\/index.php\/2024\/08\/05\/denuncia-de-corrupcao-aponta-cabeca-de-flavio-matos-e-escandalo-circula-na-imprensa\/#article","isPartOf":{"@id":"https:\/\/compartilhabahia.com.br\/index.php\/2024\/08\/05\/denuncia-de-corrupcao-aponta-cabeca-de-flavio-matos-e-escandalo-circula-na-imprensa\/"},"author":{"name":"admin","@id":"https:\/\/compartilhabahia.com.br\/#\/schema\/person\/9b4f0c3178793b8248d6686732521c04"},"headline":"Den\u00fancia de Corrup\u00e7\u00e3o aponta cabe\u00e7a de Fl\u00e1vio Matos e esc\u00e2ndalo alcan\u00e7a Prefeitura","datePublished":"2024-08-05T20:38:25+00:00","dateModified":"2024-08-05T20:47:54+00:00","mainEntityOfPage":{"@id":"https:\/\/compartilhabahia.com.br\/index.php\/2024\/08\/05\/denuncia-de-corrupcao-aponta-cabeca-de-flavio-matos-e-escandalo-circula-na-imprensa\/"},"wordCount":418,"commentCount":0,"publisher":{"@id":"https:\/\/compartilhabahia.com.br\/#organization"},"articleSection":["Cama\u00e7ari"],"inLanguage":"pt-BR","potentialAction":[{"@type":"CommentAction","name":"Comment","target":["https:\/\/compartilhabahia.com.br\/index.php\/2024\/08\/05\/denuncia-de-corrupcao-aponta-cabeca-de-flavio-matos-e-escandalo-circula-na-imprensa\/#respond"]}]},{"@type":"WebPage","@id":"https:\/\/compartilhabahia.com.br\/index.php\/2024\/08\/05\/denuncia-de-corrupcao-aponta-cabeca-de-flavio-matos-e-escandalo-circula-na-imprensa\/","url":"https:\/\/compartilhabahia.com.br\/index.php\/2024\/08\/05\/denuncia-de-corrupcao-aponta-cabeca-de-flavio-matos-e-escandalo-circula-na-imprensa\/","name":"Den\u00fancia de Corrup\u00e7\u00e3o aponta cabe\u00e7a de Fl\u00e1vio Matos e esc\u00e2ndalo alcan\u00e7a Prefeitura - Compartilha Bahia","isPartOf":{"@id":"https:\/\/compartilhabahia.com.br\/#website"},"datePublished":"2024-08-05T20:38:25+00:00","dateModified":"2024-08-05T20:47:54+00:00","breadcrumb":{"@id":"https:\/\/compartilhabahia.com.br\/index.php\/2024\/08\/05\/denuncia-de-corrupcao-aponta-cabeca-de-flavio-matos-e-escandalo-circula-na-imprensa\/#breadcrumb"},"inLanguage":"pt-BR","potentialAction":[{"@type":"ReadAction","target":["https:\/\/compartilhabahia.com.br\/index.php\/2024\/08\/05\/denuncia-de-corrupcao-aponta-cabeca-de-flavio-matos-e-escandalo-circula-na-imprensa\/"]}]},{"@type":"BreadcrumbList","@id":"https:\/\/compartilhabahia.com.br\/index.php\/2024\/08\/05\/denuncia-de-corrupcao-aponta-cabeca-de-flavio-matos-e-escandalo-circula-na-imprensa\/#breadcrumb","itemListElement":[{"@type":"ListItem","position":1,"name":"In\u00edcio","item":"https:\/\/compartilhabahia.com.br\/"},{"@type":"ListItem","position":2,"name":"Den\u00fancia de Corrup\u00e7\u00e3o aponta cabe\u00e7a de Fl\u00e1vio Matos e esc\u00e2ndalo alcan\u00e7a Prefeitura"}]},{"@type":"WebSite","@id":"https:\/\/compartilhabahia.com.br\/#website","url":"https:\/\/compartilhabahia.com.br\/","name":"Compartilha Bahia","description":"","publisher":{"@id":"https:\/\/compartilhabahia.com.br\/#organization"},"potentialAction":[{"@type":"SearchAction","target":{"@type":"EntryPoint","urlTemplate":"https:\/\/compartilhabahia.com.br\/?s={search_term_string}"},"query-input":"required name=search_term_string"}],"inLanguage":"pt-BR"},{"@type":"Organization","@id":"https:\/\/compartilhabahia.com.br\/#organization","name":"Compartilha Bahia","url":"https:\/\/compartilhabahia.com.br\/","logo":{"@type":"ImageObject","inLanguage":"pt-BR","@id":"https:\/\/compartilhabahia.com.br\/#\/schema\/logo\/image\/","url":"https:\/\/compartilhabahia.com.br\/wp-content\/uploads\/2023\/12\/cropped-logo.png","contentUrl":"https:\/\/compartilhabahia.com.br\/wp-content\/uploads\/2023\/12\/cropped-logo.png","width":300,"height":106,"caption":"Compartilha Bahia"},"image":{"@id":"https:\/\/compartilhabahia.com.br\/#\/schema\/logo\/image\/"},"sameAs":["https:\/\/web.facebook.com\/compartilhabahia","https:\/\/www.instagram.com\/compartilhabahia\/"]},{"@type":"Person","@id":"https:\/\/compartilhabahia.com.br\/#\/schema\/person\/9b4f0c3178793b8248d6686732521c04","name":"admin","image":{"@type":"ImageObject","inLanguage":"pt-BR","@id":"https:\/\/compartilhabahia.com.br\/#\/schema\/person\/image\/","url":"https:\/\/secure.gravatar.com\/avatar\/9600df58751c5acbe914c538c03390ef649ea088cb65f84ba09c7ce66988eed6?s=96&d=mm&r=g","contentUrl":"https:\/\/secure.gravatar.com\/avatar\/9600df58751c5acbe914c538c03390ef649ea088cb65f84ba09c7ce66988eed6?s=96&d=mm&r=g","caption":"admin"},"sameAs":["https:\/\/compartilhabahia.com.br"],"url":"https:\/\/compartilhabahia.com.br\/index.php\/author\/compartilhabahia\/"}]}},"_links":{"self":[{"href":"https:\/\/compartilhabahia.com.br\/index.php\/wp-json\/wp\/v2\/posts\/3082","targetHints":{"allow":["GET"]}}],"collection":[{"href":"https:\/\/compartilhabahia.com.br\/index.php\/wp-json\/wp\/v2\/posts"}],"about":[{"href":"https:\/\/compartilhabahia.com.br\/index.php\/wp-json\/wp\/v2\/types\/post"}],"author":[{"embeddable":true,"href":"https:\/\/compartilhabahia.com.br\/index.php\/wp-json\/wp\/v2\/users\/1"}],"replies":[{"embeddable":true,"href":"https:\/\/compartilhabahia.com.br\/index.php\/wp-json\/wp\/v2\/comments?post=3082"}],"version-history":[{"count":4,"href":"https:\/\/compartilhabahia.com.br\/index.php\/wp-json\/wp\/v2\/posts\/3082\/revisions"}],"predecessor-version":[{"id":3089,"href":"https:\/\/compartilhabahia.com.br\/index.php\/wp-json\/wp\/v2\/posts\/3082\/revisions\/3089"}],"wp:featuredmedia":[{"embeddable":true,"href":"https:\/\/compartilhabahia.com.br\/index.php\/wp-json\/wp\/v2\/media\/2781"}],"wp:attachment":[{"href":"https:\/\/compartilhabahia.com.br\/index.php\/wp-json\/wp\/v2\/media?parent=3082"}],"wp:term":[{"taxonomy":"category","embeddable":true,"href":"https:\/\/compartilhabahia.com.br\/index.php\/wp-json\/wp\/v2\/categories?post=3082"},{"taxonomy":"post_tag","embeddable":true,"href":"https:\/\/compartilhabahia.com.br\/index.php\/wp-json\/wp\/v2\/tags?post=3082"}],"curies":[{"name":"wp","href":"https:\/\/api.w.org\/{rel}","templated":true}]}}