{"id":290,"date":"2023-12-24T20:39:54","date_gmt":"2023-12-24T20:39:54","guid":{"rendered":"https:\/\/compartilhabahia.com.br\/?p=290"},"modified":"2023-12-24T20:39:56","modified_gmt":"2023-12-24T20:39:56","slug":"quatro-pessoas-morrem-apos-batida-entre-carro-e-onibus-na-ba-na-vespera-de-natal","status":"publish","type":"post","link":"https:\/\/compartilhabahia.com.br\/index.php\/2023\/12\/24\/quatro-pessoas-morrem-apos-batida-entre-carro-e-onibus-na-ba-na-vespera-de-natal\/","title":{"rendered":"Quatro pessoas morrem ap\u00f3s batida entre carro e \u00f4nibus na BA na v\u00e9spera de Natal"},"content":{"rendered":"\n<p>Quatro pessoas morreram ap\u00f3s o carro em que estavam bater em um \u00f4nibus na BR-101, na regi\u00e3o de&nbsp;S\u00e3o Jos\u00e9 da Vit\u00f3ria, no sul da Bahia. Segundo a Pol\u00edcia Rodovi\u00e1ria Federal (PRF), o acidente aconteceu neste domingo (24).&nbsp;<\/p>\n\n\n\n<p>Os nomes e idades das v\u00edtimas n\u00e3o foram divulgados pela PRF. Apesar disso, pessoas que estavam no local afirmaram que se tratava de duas crian\u00e7as, um homem e uma mulher, todos da mesma fam\u00edlia.&nbsp;<\/p>\n\n\n\n<p>A empresa Rota, respons\u00e1vel pelo \u00f4nibus envolvido no acidente, emitiu uma nota sobre a colis\u00e3o.&nbsp;<\/p>\n\n\n\n<p>O transporte fazia a linha Ilh\u00e9us x Porto Seguro, quando o ve\u00edculo de passeio que viajava na dire\u00e7\u00e3o oposta perdeu o controle ao fazer uma curva. O carro bateu de frete com o \u00f4nibus.&nbsp;<\/p>\n\n\n\n<p>O Servi\u00e7o de Atendimento M\u00f3vel de Urg\u00eancia (Samu) e a PRF foram acionados, mas as v\u00edtimas morreram no local.&nbsp;<\/p>\n\n\n\n<p>Nenhum dos 19 passageiros e tripula\u00e7\u00e3o do \u00f4nibus sofreram les\u00f5es. Eles seguiram viagem normalmente, em outro veiculo disponibilizado pela empresa.&nbsp;<\/p>\n","protected":false},"excerpt":{"rendered":"<p>Quatro pessoas morreram ap\u00f3s o carro em que estavam bater em um \u00f4nibus na BR-101, na regi\u00e3o de&nbsp;S\u00e3o Jos\u00e9 da Vit\u00f3ria, no sul da Bahia. Segundo a Pol\u00edcia Rodovi\u00e1ria Federal (PRF), o acidente aconteceu neste domingo (24).&nbsp; Os nomes e idades das v\u00edtimas n\u00e3o foram divulgados pela PRF. Apesar disso, pessoas que estavam no local [&hellip;]<\/p>\n","protected":false},"author":1,"featured_media":291,"comment_status":"open","ping_status":"open","sticky":false,"template":"","format":"standard","meta":{"footnotes":""},"categories":[10],"tags":[],"class_list":["post-290","post","type-post","status-publish","format-standard","has-post-thumbnail","hentry","category-bahia"],"yoast_head":"<!-- This site is optimized with the Yoast SEO plugin v21.7 - https:\/\/yoast.com\/wordpress\/plugins\/seo\/ -->\n<title>Quatro pessoas morrem ap\u00f3s batida entre carro e \u00f4nibus na BA na v\u00e9spera de Natal - Compartilha Bahia<\/title>\n<meta name=\"robots\" content=\"index, follow, max-snippet:-1, max-image-preview:large, max-video-preview:-1\" \/>\n<link rel=\"canonical\" href=\"https:\/\/compartilhabahia.com.br\/index.php\/2023\/12\/24\/quatro-pessoas-morrem-apos-batida-entre-carro-e-onibus-na-ba-na-vespera-de-natal\/\" \/>\n<meta property=\"og:locale\" content=\"pt_BR\" \/>\n<meta property=\"og:type\" content=\"article\" \/>\n<meta property=\"og:title\" content=\"Quatro pessoas morrem ap\u00f3s batida entre carro e \u00f4nibus na BA na v\u00e9spera de Natal - Compartilha Bahia\" \/>\n<meta property=\"og:description\" content=\"Quatro pessoas morreram ap\u00f3s o carro em que estavam bater em um \u00f4nibus na BR-101, na regi\u00e3o de&nbsp;S\u00e3o Jos\u00e9 da Vit\u00f3ria, no sul da Bahia. Segundo a Pol\u00edcia Rodovi\u00e1ria Federal (PRF), o acidente aconteceu neste domingo (24).&nbsp; Os nomes e idades das v\u00edtimas n\u00e3o foram divulgados pela PRF. Apesar disso, pessoas que estavam no local [&hellip;]\" \/>\n<meta property=\"og:url\" content=\"https:\/\/compartilhabahia.com.br\/index.php\/2023\/12\/24\/quatro-pessoas-morrem-apos-batida-entre-carro-e-onibus-na-ba-na-vespera-de-natal\/\" \/>\n<meta property=\"og:site_name\" content=\"Compartilha Bahia\" \/>\n<meta property=\"article:publisher\" content=\"https:\/\/web.facebook.com\/compartilhabahia\" \/>\n<meta property=\"article:published_time\" content=\"2023-12-24T20:39:54+00:00\" \/>\n<meta property=\"article:modified_time\" content=\"2023-12-24T20:39:56+00:00\" \/>\n<meta property=\"og:image\" content=\"https:\/\/compartilhabahia.com.br\/wp-content\/uploads\/2023\/12\/whatsapp-image-2023-12-24-at-14.14.33-1-.webp\" \/>\n\t<meta property=\"og:image:width\" content=\"984\" \/>\n\t<meta property=\"og:image:height\" content=\"466\" \/>\n\t<meta property=\"og:image:type\" content=\"image\/webp\" \/>\n<meta name=\"author\" content=\"admin\" \/>\n<meta name=\"twitter:card\" content=\"summary_large_image\" \/>\n<meta name=\"twitter:label1\" content=\"Escrito por\" \/>\n\t<meta name=\"twitter:data1\" content=\"admin\" \/>\n\t<meta name=\"twitter:label2\" content=\"Est. tempo de leitura\" \/>\n\t<meta name=\"twitter:data2\" content=\"2 minutos\" \/>\n<script type=\"application\/ld+json\" class=\"yoast-schema-graph\">{\"@context\":\"https:\/\/schema.org\",\"@graph\":[{\"@type\":\"Article\",\"@id\":\"https:\/\/compartilhabahia.com.br\/index.php\/2023\/12\/24\/quatro-pessoas-morrem-apos-batida-entre-carro-e-onibus-na-ba-na-vespera-de-natal\/#article\",\"isPartOf\":{\"@id\":\"https:\/\/compartilhabahia.com.br\/index.php\/2023\/12\/24\/quatro-pessoas-morrem-apos-batida-entre-carro-e-onibus-na-ba-na-vespera-de-natal\/\"},\"author\":{\"name\":\"admin\",\"@id\":\"https:\/\/compartilhabahia.com.br\/#\/schema\/person\/9b4f0c3178793b8248d6686732521c04\"},\"headline\":\"Quatro pessoas morrem ap\u00f3s batida entre carro e \u00f4nibus na BA na v\u00e9spera de Natal\",\"datePublished\":\"2023-12-24T20:39:54+00:00\",\"dateModified\":\"2023-12-24T20:39:56+00:00\",\"mainEntityOfPage\":{\"@id\":\"https:\/\/compartilhabahia.com.br\/index.php\/2023\/12\/24\/quatro-pessoas-morrem-apos-batida-entre-carro-e-onibus-na-ba-na-vespera-de-natal\/\"},\"wordCount\":203,\"commentCount\":0,\"publisher\":{\"@id\":\"https:\/\/compartilhabahia.com.br\/#organization\"},\"articleSection\":[\"Bahia\"],\"inLanguage\":\"pt-BR\",\"potentialAction\":[{\"@type\":\"CommentAction\",\"name\":\"Comment\",\"target\":[\"https:\/\/compartilhabahia.com.br\/index.php\/2023\/12\/24\/quatro-pessoas-morrem-apos-batida-entre-carro-e-onibus-na-ba-na-vespera-de-natal\/#respond\"]}]},{\"@type\":\"WebPage\",\"@id\":\"https:\/\/compartilhabahia.com.br\/index.php\/2023\/12\/24\/quatro-pessoas-morrem-apos-batida-entre-carro-e-onibus-na-ba-na-vespera-de-natal\/\",\"url\":\"https:\/\/compartilhabahia.com.br\/index.php\/2023\/12\/24\/quatro-pessoas-morrem-apos-batida-entre-carro-e-onibus-na-ba-na-vespera-de-natal\/\",\"name\":\"Quatro pessoas morrem ap\u00f3s batida entre carro e \u00f4nibus na BA na v\u00e9spera de Natal - Compartilha Bahia\",\"isPartOf\":{\"@id\":\"https:\/\/compartilhabahia.com.br\/#website\"},\"datePublished\":\"2023-12-24T20:39:54+00:00\",\"dateModified\":\"2023-12-24T20:39:56+00:00\",\"breadcrumb\":{\"@id\":\"https:\/\/compartilhabahia.com.br\/index.php\/2023\/12\/24\/quatro-pessoas-morrem-apos-batida-entre-carro-e-onibus-na-ba-na-vespera-de-natal\/#breadcrumb\"},\"inLanguage\":\"pt-BR\",\"potentialAction\":[{\"@type\":\"ReadAction\",\"target\":[\"https:\/\/compartilhabahia.com.br\/index.php\/2023\/12\/24\/quatro-pessoas-morrem-apos-batida-entre-carro-e-onibus-na-ba-na-vespera-de-natal\/\"]}]},{\"@type\":\"BreadcrumbList\",\"@id\":\"https:\/\/compartilhabahia.com.br\/index.php\/2023\/12\/24\/quatro-pessoas-morrem-apos-batida-entre-carro-e-onibus-na-ba-na-vespera-de-natal\/#breadcrumb\",\"itemListElement\":[{\"@type\":\"ListItem\",\"position\":1,\"name\":\"In\u00edcio\",\"item\":\"https:\/\/compartilhabahia.com.br\/\"},{\"@type\":\"ListItem\",\"position\":2,\"name\":\"Quatro pessoas morrem ap\u00f3s batida entre carro e \u00f4nibus na BA na v\u00e9spera de Natal\"}]},{\"@type\":\"WebSite\",\"@id\":\"https:\/\/compartilhabahia.com.br\/#website\",\"url\":\"https:\/\/compartilhabahia.com.br\/\",\"name\":\"Compartilha Bahia\",\"description\":\"\",\"publisher\":{\"@id\":\"https:\/\/compartilhabahia.com.br\/#organization\"},\"potentialAction\":[{\"@type\":\"SearchAction\",\"target\":{\"@type\":\"EntryPoint\",\"urlTemplate\":\"https:\/\/compartilhabahia.com.br\/?s={search_term_string}\"},\"query-input\":\"required name=search_term_string\"}],\"inLanguage\":\"pt-BR\"},{\"@type\":\"Organization\",\"@id\":\"https:\/\/compartilhabahia.com.br\/#organization\",\"name\":\"Compartilha Bahia\",\"url\":\"https:\/\/compartilhabahia.com.br\/\",\"logo\":{\"@type\":\"ImageObject\",\"inLanguage\":\"pt-BR\",\"@id\":\"https:\/\/compartilhabahia.com.br\/#\/schema\/logo\/image\/\",\"url\":\"https:\/\/compartilhabahia.com.br\/wp-content\/uploads\/2023\/12\/cropped-logo.png\",\"contentUrl\":\"https:\/\/compartilhabahia.com.br\/wp-content\/uploads\/2023\/12\/cropped-logo.png\",\"width\":300,\"height\":106,\"caption\":\"Compartilha Bahia\"},\"image\":{\"@id\":\"https:\/\/compartilhabahia.com.br\/#\/schema\/logo\/image\/\"},\"sameAs\":[\"https:\/\/web.facebook.com\/compartilhabahia\",\"https:\/\/www.instagram.com\/compartilhabahia\/\"]},{\"@type\":\"Person\",\"@id\":\"https:\/\/compartilhabahia.com.br\/#\/schema\/person\/9b4f0c3178793b8248d6686732521c04\",\"name\":\"admin\",\"image\":{\"@type\":\"ImageObject\",\"inLanguage\":\"pt-BR\",\"@id\":\"https:\/\/compartilhabahia.com.br\/#\/schema\/person\/image\/\",\"url\":\"https:\/\/secure.gravatar.com\/avatar\/9600df58751c5acbe914c538c03390ef649ea088cb65f84ba09c7ce66988eed6?s=96&d=mm&r=g\",\"contentUrl\":\"https:\/\/secure.gravatar.com\/avatar\/9600df58751c5acbe914c538c03390ef649ea088cb65f84ba09c7ce66988eed6?s=96&d=mm&r=g\",\"caption\":\"admin\"},\"sameAs\":[\"https:\/\/compartilhabahia.com.br\"],\"url\":\"https:\/\/compartilhabahia.com.br\/index.php\/author\/compartilhabahia\/\"}]}<\/script>\n<!-- \/ Yoast SEO plugin. -->","yoast_head_json":{"title":"Quatro pessoas morrem ap\u00f3s batida entre carro e \u00f4nibus na BA na v\u00e9spera de Natal - Compartilha Bahia","robots":{"index":"index","follow":"follow","max-snippet":"max-snippet:-1","max-image-preview":"max-image-preview:large","max-video-preview":"max-video-preview:-1"},"canonical":"https:\/\/compartilhabahia.com.br\/index.php\/2023\/12\/24\/quatro-pessoas-morrem-apos-batida-entre-carro-e-onibus-na-ba-na-vespera-de-natal\/","og_locale":"pt_BR","og_type":"article","og_title":"Quatro pessoas morrem ap\u00f3s batida entre carro e \u00f4nibus na BA na v\u00e9spera de Natal - Compartilha Bahia","og_description":"Quatro pessoas morreram ap\u00f3s o carro em que estavam bater em um \u00f4nibus na BR-101, na regi\u00e3o de&nbsp;S\u00e3o Jos\u00e9 da Vit\u00f3ria, no sul da Bahia. Segundo a Pol\u00edcia Rodovi\u00e1ria Federal (PRF), o acidente aconteceu neste domingo (24).&nbsp; Os nomes e idades das v\u00edtimas n\u00e3o foram divulgados pela PRF. Apesar disso, pessoas que estavam no local [&hellip;]","og_url":"https:\/\/compartilhabahia.com.br\/index.php\/2023\/12\/24\/quatro-pessoas-morrem-apos-batida-entre-carro-e-onibus-na-ba-na-vespera-de-natal\/","og_site_name":"Compartilha Bahia","article_publisher":"https:\/\/web.facebook.com\/compartilhabahia","article_published_time":"2023-12-24T20:39:54+00:00","article_modified_time":"2023-12-24T20:39:56+00:00","og_image":[{"width":984,"height":466,"url":"https:\/\/compartilhabahia.com.br\/wp-content\/uploads\/2023\/12\/whatsapp-image-2023-12-24-at-14.14.33-1-.webp","type":"image\/webp"}],"author":"admin","twitter_card":"summary_large_image","twitter_misc":{"Escrito por":"admin","Est. tempo de leitura":"2 minutos"},"schema":{"@context":"https:\/\/schema.org","@graph":[{"@type":"Article","@id":"https:\/\/compartilhabahia.com.br\/index.php\/2023\/12\/24\/quatro-pessoas-morrem-apos-batida-entre-carro-e-onibus-na-ba-na-vespera-de-natal\/#article","isPartOf":{"@id":"https:\/\/compartilhabahia.com.br\/index.php\/2023\/12\/24\/quatro-pessoas-morrem-apos-batida-entre-carro-e-onibus-na-ba-na-vespera-de-natal\/"},"author":{"name":"admin","@id":"https:\/\/compartilhabahia.com.br\/#\/schema\/person\/9b4f0c3178793b8248d6686732521c04"},"headline":"Quatro pessoas morrem ap\u00f3s batida entre carro e \u00f4nibus na BA na v\u00e9spera de Natal","datePublished":"2023-12-24T20:39:54+00:00","dateModified":"2023-12-24T20:39:56+00:00","mainEntityOfPage":{"@id":"https:\/\/compartilhabahia.com.br\/index.php\/2023\/12\/24\/quatro-pessoas-morrem-apos-batida-entre-carro-e-onibus-na-ba-na-vespera-de-natal\/"},"wordCount":203,"commentCount":0,"publisher":{"@id":"https:\/\/compartilhabahia.com.br\/#organization"},"articleSection":["Bahia"],"inLanguage":"pt-BR","potentialAction":[{"@type":"CommentAction","name":"Comment","target":["https:\/\/compartilhabahia.com.br\/index.php\/2023\/12\/24\/quatro-pessoas-morrem-apos-batida-entre-carro-e-onibus-na-ba-na-vespera-de-natal\/#respond"]}]},{"@type":"WebPage","@id":"https:\/\/compartilhabahia.com.br\/index.php\/2023\/12\/24\/quatro-pessoas-morrem-apos-batida-entre-carro-e-onibus-na-ba-na-vespera-de-natal\/","url":"https:\/\/compartilhabahia.com.br\/index.php\/2023\/12\/24\/quatro-pessoas-morrem-apos-batida-entre-carro-e-onibus-na-ba-na-vespera-de-natal\/","name":"Quatro pessoas morrem ap\u00f3s batida entre carro e \u00f4nibus na BA na v\u00e9spera de Natal - Compartilha Bahia","isPartOf":{"@id":"https:\/\/compartilhabahia.com.br\/#website"},"datePublished":"2023-12-24T20:39:54+00:00","dateModified":"2023-12-24T20:39:56+00:00","breadcrumb":{"@id":"https:\/\/compartilhabahia.com.br\/index.php\/2023\/12\/24\/quatro-pessoas-morrem-apos-batida-entre-carro-e-onibus-na-ba-na-vespera-de-natal\/#breadcrumb"},"inLanguage":"pt-BR","potentialAction":[{"@type":"ReadAction","target":["https:\/\/compartilhabahia.com.br\/index.php\/2023\/12\/24\/quatro-pessoas-morrem-apos-batida-entre-carro-e-onibus-na-ba-na-vespera-de-natal\/"]}]},{"@type":"BreadcrumbList","@id":"https:\/\/compartilhabahia.com.br\/index.php\/2023\/12\/24\/quatro-pessoas-morrem-apos-batida-entre-carro-e-onibus-na-ba-na-vespera-de-natal\/#breadcrumb","itemListElement":[{"@type":"ListItem","position":1,"name":"In\u00edcio","item":"https:\/\/compartilhabahia.com.br\/"},{"@type":"ListItem","position":2,"name":"Quatro pessoas morrem ap\u00f3s batida entre carro e \u00f4nibus na BA na v\u00e9spera de Natal"}]},{"@type":"WebSite","@id":"https:\/\/compartilhabahia.com.br\/#website","url":"https:\/\/compartilhabahia.com.br\/","name":"Compartilha Bahia","description":"","publisher":{"@id":"https:\/\/compartilhabahia.com.br\/#organization"},"potentialAction":[{"@type":"SearchAction","target":{"@type":"EntryPoint","urlTemplate":"https:\/\/compartilhabahia.com.br\/?s={search_term_string}"},"query-input":"required name=search_term_string"}],"inLanguage":"pt-BR"},{"@type":"Organization","@id":"https:\/\/compartilhabahia.com.br\/#organization","name":"Compartilha Bahia","url":"https:\/\/compartilhabahia.com.br\/","logo":{"@type":"ImageObject","inLanguage":"pt-BR","@id":"https:\/\/compartilhabahia.com.br\/#\/schema\/logo\/image\/","url":"https:\/\/compartilhabahia.com.br\/wp-content\/uploads\/2023\/12\/cropped-logo.png","contentUrl":"https:\/\/compartilhabahia.com.br\/wp-content\/uploads\/2023\/12\/cropped-logo.png","width":300,"height":106,"caption":"Compartilha Bahia"},"image":{"@id":"https:\/\/compartilhabahia.com.br\/#\/schema\/logo\/image\/"},"sameAs":["https:\/\/web.facebook.com\/compartilhabahia","https:\/\/www.instagram.com\/compartilhabahia\/"]},{"@type":"Person","@id":"https:\/\/compartilhabahia.com.br\/#\/schema\/person\/9b4f0c3178793b8248d6686732521c04","name":"admin","image":{"@type":"ImageObject","inLanguage":"pt-BR","@id":"https:\/\/compartilhabahia.com.br\/#\/schema\/person\/image\/","url":"https:\/\/secure.gravatar.com\/avatar\/9600df58751c5acbe914c538c03390ef649ea088cb65f84ba09c7ce66988eed6?s=96&d=mm&r=g","contentUrl":"https:\/\/secure.gravatar.com\/avatar\/9600df58751c5acbe914c538c03390ef649ea088cb65f84ba09c7ce66988eed6?s=96&d=mm&r=g","caption":"admin"},"sameAs":["https:\/\/compartilhabahia.com.br"],"url":"https:\/\/compartilhabahia.com.br\/index.php\/author\/compartilhabahia\/"}]}},"_links":{"self":[{"href":"https:\/\/compartilhabahia.com.br\/index.php\/wp-json\/wp\/v2\/posts\/290","targetHints":{"allow":["GET"]}}],"collection":[{"href":"https:\/\/compartilhabahia.com.br\/index.php\/wp-json\/wp\/v2\/posts"}],"about":[{"href":"https:\/\/compartilhabahia.com.br\/index.php\/wp-json\/wp\/v2\/types\/post"}],"author":[{"embeddable":true,"href":"https:\/\/compartilhabahia.com.br\/index.php\/wp-json\/wp\/v2\/users\/1"}],"replies":[{"embeddable":true,"href":"https:\/\/compartilhabahia.com.br\/index.php\/wp-json\/wp\/v2\/comments?post=290"}],"version-history":[{"count":1,"href":"https:\/\/compartilhabahia.com.br\/index.php\/wp-json\/wp\/v2\/posts\/290\/revisions"}],"predecessor-version":[{"id":292,"href":"https:\/\/compartilhabahia.com.br\/index.php\/wp-json\/wp\/v2\/posts\/290\/revisions\/292"}],"wp:featuredmedia":[{"embeddable":true,"href":"https:\/\/compartilhabahia.com.br\/index.php\/wp-json\/wp\/v2\/media\/291"}],"wp:attachment":[{"href":"https:\/\/compartilhabahia.com.br\/index.php\/wp-json\/wp\/v2\/media?parent=290"}],"wp:term":[{"taxonomy":"category","embeddable":true,"href":"https:\/\/compartilhabahia.com.br\/index.php\/wp-json\/wp\/v2\/categories?post=290"},{"taxonomy":"post_tag","embeddable":true,"href":"https:\/\/compartilhabahia.com.br\/index.php\/wp-json\/wp\/v2\/tags?post=290"}],"curies":[{"name":"wp","href":"https:\/\/api.w.org\/{rel}","templated":true}]}}