{"id":2633,"date":"2024-07-02T20:29:29","date_gmt":"2024-07-02T20:29:29","guid":{"rendered":"https:\/\/compartilhabahia.com.br\/?p=2633"},"modified":"2024-07-02T20:38:23","modified_gmt":"2024-07-02T20:38:23","slug":"policlinica-de-camacari-e-fruto-do-diga-ai-camacari-diz-delma-da-saude","status":"publish","type":"post","link":"https:\/\/compartilhabahia.com.br\/index.php\/2024\/07\/02\/policlinica-de-camacari-e-fruto-do-diga-ai-camacari-diz-delma-da-saude\/","title":{"rendered":"&#8220;Policl\u00ednica de Cama\u00e7ari \u00e9 fruto do Diga Ai Cama\u00e7ari&#8221; diz Delma da Sa\u00fade"},"content":{"rendered":"\n<p><strong><em>O Diga Ai Cama\u00e7ari j\u00e1 esta dando resultado.<\/em><\/strong><\/p>\n\n\n\n<p>&#8220;Desde as primeiras reuni\u00f5es desta pr\u00e9-campanha que acompanhei na regi\u00e3o dos Phocs, desde os primeiros Diga Ai Cama\u00e7ari, que participei na Gleba C e na Gleba B, percebia que o povo cobrava mais e mais sa\u00fade, e foi com grande felicidade, que vi Caetano e Ivoneide buscarem solu\u00e7\u00f5es e darem, agora, em pouco tempo como resposta concreta a confirma\u00e7\u00e3o de uma policl\u00ednica em Cama\u00e7ari, cujo edital de licita\u00e7\u00e3o foi publicado no Di\u00e1rio Oficial da Bahia, neste dia 2 de Julho&#8221;, comemora a pr\u00e9-candidata a vereadora Delma da Sa\u00fade, dizendo &#8220;O Diga Ai Cama\u00e7ari est\u00e1 apontando para Caetano quais medidas mais urgentes ele precisa fazer quando tomar posse como prefeito, mas o Diga Ai j\u00e1 esta dando frutos, e um deles \u00e9 a policl\u00ednica e os \u00f4nibus el\u00e9tricos, j\u00e1 confirmados pelo presidente Lula&#8221;.<\/p>\n\n\n\n<p>&#8220;Quem quiser ajudar nossa cidade e nosso futuro prefeito Caetano esta convidado para participar das pr\u00f3ximas edi\u00e7\u00f5es do Diga Ai Cama\u00e7ari&#8221;, concluiu.<\/p>\n\n\n\n<p><\/p>\n\n\n\n<p><strong>O pr\u00e9-candidato a prefeito Luiz Caetano e a deputada  Ivoneide Caetano, postaram nesta ter\u00e7a-feira nas redes sociais a seguinte publica\u00e7\u00e3o:<\/strong><\/p>\n\n\n\n<p>&#8220;A Policl\u00ednica de Cama\u00e7ari est\u00e1 confirmada! Obrigado, presidente Lula<\/p>\n\n\n\n<p>Foi publicado hoje (2), no Di\u00e1rio Oficial, o edital de licita\u00e7\u00e3o para constru\u00e7\u00e3o dessa obra t\u00e3o esperada pela nossa gente.<\/p>\n\n\n\n<p>Essa \u00e9 mais uma conquista que reafirma a import\u00e2ncia de andar de m\u00e3os dadas com a Bahia e o Brasil para mudar a nossa cidade. S\u00f3 o nosso povo sabe como tem sido desafiador ter acesso aos servi\u00e7os municipais de sa\u00fade e, ouvindo voc\u00eas, eu j\u00e1 sei que devemos come\u00e7ar a mudan\u00e7a garantindo atendimento de qualidade, consultas, exames e medicamentos para a popula\u00e7\u00e3o.<\/p>\n\n\n\n<p>Que Deus continue nos aben\u00e7oando e capacitando para trabalhar ainda mais pra vida melhorar em nosso munic\u00edpio. Estamos juntos!&#8221;<\/p>\n","protected":false},"excerpt":{"rendered":"<p>O Diga Ai Cama\u00e7ari j\u00e1 esta dando resultado. &#8220;Desde as primeiras reuni\u00f5es desta pr\u00e9-campanha que acompanhei na regi\u00e3o dos Phocs, desde os primeiros Diga Ai Cama\u00e7ari, que participei na Gleba C e na Gleba B, percebia que o povo cobrava mais e mais sa\u00fade, e foi com grande felicidade, que vi Caetano e Ivoneide buscarem [&hellip;]<\/p>\n","protected":false},"author":1,"featured_media":2635,"comment_status":"open","ping_status":"open","sticky":false,"template":"","format":"standard","meta":{"footnotes":""},"categories":[8],"tags":[],"class_list":["post-2633","post","type-post","status-publish","format-standard","has-post-thumbnail","hentry","category-camacari"],"yoast_head":"<!-- This site is optimized with the Yoast SEO plugin v21.7 - https:\/\/yoast.com\/wordpress\/plugins\/seo\/ -->\n<title>&quot;Policl\u00ednica de Cama\u00e7ari \u00e9 fruto do Diga Ai Cama\u00e7ari&quot; diz Delma da Sa\u00fade - Compartilha Bahia<\/title>\n<meta name=\"robots\" content=\"index, follow, max-snippet:-1, max-image-preview:large, max-video-preview:-1\" \/>\n<link rel=\"canonical\" href=\"https:\/\/compartilhabahia.com.br\/index.php\/2024\/07\/02\/policlinica-de-camacari-e-fruto-do-diga-ai-camacari-diz-delma-da-saude\/\" \/>\n<meta property=\"og:locale\" content=\"pt_BR\" \/>\n<meta property=\"og:type\" content=\"article\" \/>\n<meta property=\"og:title\" content=\"&quot;Policl\u00ednica de Cama\u00e7ari \u00e9 fruto do Diga Ai Cama\u00e7ari&quot; diz Delma da Sa\u00fade - Compartilha Bahia\" \/>\n<meta property=\"og:description\" content=\"O Diga Ai Cama\u00e7ari j\u00e1 esta dando resultado. &#8220;Desde as primeiras reuni\u00f5es desta pr\u00e9-campanha que acompanhei na regi\u00e3o dos Phocs, desde os primeiros Diga Ai Cama\u00e7ari, que participei na Gleba C e na Gleba B, percebia que o povo cobrava mais e mais sa\u00fade, e foi com grande felicidade, que vi Caetano e Ivoneide buscarem [&hellip;]\" \/>\n<meta property=\"og:url\" content=\"https:\/\/compartilhabahia.com.br\/index.php\/2024\/07\/02\/policlinica-de-camacari-e-fruto-do-diga-ai-camacari-diz-delma-da-saude\/\" \/>\n<meta property=\"og:site_name\" content=\"Compartilha Bahia\" \/>\n<meta property=\"article:publisher\" content=\"https:\/\/web.facebook.com\/compartilhabahia\" \/>\n<meta property=\"article:published_time\" content=\"2024-07-02T20:29:29+00:00\" \/>\n<meta property=\"article:modified_time\" content=\"2024-07-02T20:38:23+00:00\" \/>\n<meta property=\"og:image\" content=\"https:\/\/compartilhabahia.com.br\/wp-content\/uploads\/2024\/07\/delmaecaetanodigaai.jpg\" \/>\n\t<meta property=\"og:image:width\" content=\"1280\" \/>\n\t<meta property=\"og:image:height\" content=\"960\" \/>\n\t<meta property=\"og:image:type\" content=\"image\/jpeg\" \/>\n<meta name=\"author\" content=\"admin\" \/>\n<meta name=\"twitter:card\" content=\"summary_large_image\" \/>\n<meta name=\"twitter:label1\" content=\"Escrito por\" \/>\n\t<meta name=\"twitter:data1\" content=\"admin\" \/>\n\t<meta name=\"twitter:label2\" content=\"Est. tempo de leitura\" \/>\n\t<meta name=\"twitter:data2\" content=\"2 minutos\" \/>\n<script type=\"application\/ld+json\" class=\"yoast-schema-graph\">{\"@context\":\"https:\/\/schema.org\",\"@graph\":[{\"@type\":\"Article\",\"@id\":\"https:\/\/compartilhabahia.com.br\/index.php\/2024\/07\/02\/policlinica-de-camacari-e-fruto-do-diga-ai-camacari-diz-delma-da-saude\/#article\",\"isPartOf\":{\"@id\":\"https:\/\/compartilhabahia.com.br\/index.php\/2024\/07\/02\/policlinica-de-camacari-e-fruto-do-diga-ai-camacari-diz-delma-da-saude\/\"},\"author\":{\"name\":\"admin\",\"@id\":\"https:\/\/compartilhabahia.com.br\/#\/schema\/person\/9b4f0c3178793b8248d6686732521c04\"},\"headline\":\"&#8220;Policl\u00ednica de Cama\u00e7ari \u00e9 fruto do Diga Ai Cama\u00e7ari&#8221; diz Delma da Sa\u00fade\",\"datePublished\":\"2024-07-02T20:29:29+00:00\",\"dateModified\":\"2024-07-02T20:38:23+00:00\",\"mainEntityOfPage\":{\"@id\":\"https:\/\/compartilhabahia.com.br\/index.php\/2024\/07\/02\/policlinica-de-camacari-e-fruto-do-diga-ai-camacari-diz-delma-da-saude\/\"},\"wordCount\":344,\"commentCount\":0,\"publisher\":{\"@id\":\"https:\/\/compartilhabahia.com.br\/#organization\"},\"articleSection\":[\"Cama\u00e7ari\"],\"inLanguage\":\"pt-BR\",\"potentialAction\":[{\"@type\":\"CommentAction\",\"name\":\"Comment\",\"target\":[\"https:\/\/compartilhabahia.com.br\/index.php\/2024\/07\/02\/policlinica-de-camacari-e-fruto-do-diga-ai-camacari-diz-delma-da-saude\/#respond\"]}]},{\"@type\":\"WebPage\",\"@id\":\"https:\/\/compartilhabahia.com.br\/index.php\/2024\/07\/02\/policlinica-de-camacari-e-fruto-do-diga-ai-camacari-diz-delma-da-saude\/\",\"url\":\"https:\/\/compartilhabahia.com.br\/index.php\/2024\/07\/02\/policlinica-de-camacari-e-fruto-do-diga-ai-camacari-diz-delma-da-saude\/\",\"name\":\"\\\"Policl\u00ednica de Cama\u00e7ari \u00e9 fruto do Diga Ai Cama\u00e7ari\\\" diz Delma da Sa\u00fade - Compartilha Bahia\",\"isPartOf\":{\"@id\":\"https:\/\/compartilhabahia.com.br\/#website\"},\"datePublished\":\"2024-07-02T20:29:29+00:00\",\"dateModified\":\"2024-07-02T20:38:23+00:00\",\"breadcrumb\":{\"@id\":\"https:\/\/compartilhabahia.com.br\/index.php\/2024\/07\/02\/policlinica-de-camacari-e-fruto-do-diga-ai-camacari-diz-delma-da-saude\/#breadcrumb\"},\"inLanguage\":\"pt-BR\",\"potentialAction\":[{\"@type\":\"ReadAction\",\"target\":[\"https:\/\/compartilhabahia.com.br\/index.php\/2024\/07\/02\/policlinica-de-camacari-e-fruto-do-diga-ai-camacari-diz-delma-da-saude\/\"]}]},{\"@type\":\"BreadcrumbList\",\"@id\":\"https:\/\/compartilhabahia.com.br\/index.php\/2024\/07\/02\/policlinica-de-camacari-e-fruto-do-diga-ai-camacari-diz-delma-da-saude\/#breadcrumb\",\"itemListElement\":[{\"@type\":\"ListItem\",\"position\":1,\"name\":\"In\u00edcio\",\"item\":\"https:\/\/compartilhabahia.com.br\/\"},{\"@type\":\"ListItem\",\"position\":2,\"name\":\"&#8220;Policl\u00ednica de Cama\u00e7ari \u00e9 fruto do Diga Ai Cama\u00e7ari&#8221; diz Delma da Sa\u00fade\"}]},{\"@type\":\"WebSite\",\"@id\":\"https:\/\/compartilhabahia.com.br\/#website\",\"url\":\"https:\/\/compartilhabahia.com.br\/\",\"name\":\"Compartilha Bahia\",\"description\":\"\",\"publisher\":{\"@id\":\"https:\/\/compartilhabahia.com.br\/#organization\"},\"potentialAction\":[{\"@type\":\"SearchAction\",\"target\":{\"@type\":\"EntryPoint\",\"urlTemplate\":\"https:\/\/compartilhabahia.com.br\/?s={search_term_string}\"},\"query-input\":\"required name=search_term_string\"}],\"inLanguage\":\"pt-BR\"},{\"@type\":\"Organization\",\"@id\":\"https:\/\/compartilhabahia.com.br\/#organization\",\"name\":\"Compartilha Bahia\",\"url\":\"https:\/\/compartilhabahia.com.br\/\",\"logo\":{\"@type\":\"ImageObject\",\"inLanguage\":\"pt-BR\",\"@id\":\"https:\/\/compartilhabahia.com.br\/#\/schema\/logo\/image\/\",\"url\":\"https:\/\/compartilhabahia.com.br\/wp-content\/uploads\/2023\/12\/cropped-logo.png\",\"contentUrl\":\"https:\/\/compartilhabahia.com.br\/wp-content\/uploads\/2023\/12\/cropped-logo.png\",\"width\":300,\"height\":106,\"caption\":\"Compartilha Bahia\"},\"image\":{\"@id\":\"https:\/\/compartilhabahia.com.br\/#\/schema\/logo\/image\/\"},\"sameAs\":[\"https:\/\/web.facebook.com\/compartilhabahia\",\"https:\/\/www.instagram.com\/compartilhabahia\/\"]},{\"@type\":\"Person\",\"@id\":\"https:\/\/compartilhabahia.com.br\/#\/schema\/person\/9b4f0c3178793b8248d6686732521c04\",\"name\":\"admin\",\"image\":{\"@type\":\"ImageObject\",\"inLanguage\":\"pt-BR\",\"@id\":\"https:\/\/compartilhabahia.com.br\/#\/schema\/person\/image\/\",\"url\":\"https:\/\/secure.gravatar.com\/avatar\/9600df58751c5acbe914c538c03390ef649ea088cb65f84ba09c7ce66988eed6?s=96&d=mm&r=g\",\"contentUrl\":\"https:\/\/secure.gravatar.com\/avatar\/9600df58751c5acbe914c538c03390ef649ea088cb65f84ba09c7ce66988eed6?s=96&d=mm&r=g\",\"caption\":\"admin\"},\"sameAs\":[\"https:\/\/compartilhabahia.com.br\"],\"url\":\"https:\/\/compartilhabahia.com.br\/index.php\/author\/compartilhabahia\/\"}]}<\/script>\n<!-- \/ Yoast SEO plugin. -->","yoast_head_json":{"title":"\"Policl\u00ednica de Cama\u00e7ari \u00e9 fruto do Diga Ai Cama\u00e7ari\" diz Delma da Sa\u00fade - Compartilha Bahia","robots":{"index":"index","follow":"follow","max-snippet":"max-snippet:-1","max-image-preview":"max-image-preview:large","max-video-preview":"max-video-preview:-1"},"canonical":"https:\/\/compartilhabahia.com.br\/index.php\/2024\/07\/02\/policlinica-de-camacari-e-fruto-do-diga-ai-camacari-diz-delma-da-saude\/","og_locale":"pt_BR","og_type":"article","og_title":"\"Policl\u00ednica de Cama\u00e7ari \u00e9 fruto do Diga Ai Cama\u00e7ari\" diz Delma da Sa\u00fade - Compartilha Bahia","og_description":"O Diga Ai Cama\u00e7ari j\u00e1 esta dando resultado. &#8220;Desde as primeiras reuni\u00f5es desta pr\u00e9-campanha que acompanhei na regi\u00e3o dos Phocs, desde os primeiros Diga Ai Cama\u00e7ari, que participei na Gleba C e na Gleba B, percebia que o povo cobrava mais e mais sa\u00fade, e foi com grande felicidade, que vi Caetano e Ivoneide buscarem [&hellip;]","og_url":"https:\/\/compartilhabahia.com.br\/index.php\/2024\/07\/02\/policlinica-de-camacari-e-fruto-do-diga-ai-camacari-diz-delma-da-saude\/","og_site_name":"Compartilha Bahia","article_publisher":"https:\/\/web.facebook.com\/compartilhabahia","article_published_time":"2024-07-02T20:29:29+00:00","article_modified_time":"2024-07-02T20:38:23+00:00","og_image":[{"width":1280,"height":960,"url":"https:\/\/compartilhabahia.com.br\/wp-content\/uploads\/2024\/07\/delmaecaetanodigaai.jpg","type":"image\/jpeg"}],"author":"admin","twitter_card":"summary_large_image","twitter_misc":{"Escrito por":"admin","Est. tempo de leitura":"2 minutos"},"schema":{"@context":"https:\/\/schema.org","@graph":[{"@type":"Article","@id":"https:\/\/compartilhabahia.com.br\/index.php\/2024\/07\/02\/policlinica-de-camacari-e-fruto-do-diga-ai-camacari-diz-delma-da-saude\/#article","isPartOf":{"@id":"https:\/\/compartilhabahia.com.br\/index.php\/2024\/07\/02\/policlinica-de-camacari-e-fruto-do-diga-ai-camacari-diz-delma-da-saude\/"},"author":{"name":"admin","@id":"https:\/\/compartilhabahia.com.br\/#\/schema\/person\/9b4f0c3178793b8248d6686732521c04"},"headline":"&#8220;Policl\u00ednica de Cama\u00e7ari \u00e9 fruto do Diga Ai Cama\u00e7ari&#8221; diz Delma da Sa\u00fade","datePublished":"2024-07-02T20:29:29+00:00","dateModified":"2024-07-02T20:38:23+00:00","mainEntityOfPage":{"@id":"https:\/\/compartilhabahia.com.br\/index.php\/2024\/07\/02\/policlinica-de-camacari-e-fruto-do-diga-ai-camacari-diz-delma-da-saude\/"},"wordCount":344,"commentCount":0,"publisher":{"@id":"https:\/\/compartilhabahia.com.br\/#organization"},"articleSection":["Cama\u00e7ari"],"inLanguage":"pt-BR","potentialAction":[{"@type":"CommentAction","name":"Comment","target":["https:\/\/compartilhabahia.com.br\/index.php\/2024\/07\/02\/policlinica-de-camacari-e-fruto-do-diga-ai-camacari-diz-delma-da-saude\/#respond"]}]},{"@type":"WebPage","@id":"https:\/\/compartilhabahia.com.br\/index.php\/2024\/07\/02\/policlinica-de-camacari-e-fruto-do-diga-ai-camacari-diz-delma-da-saude\/","url":"https:\/\/compartilhabahia.com.br\/index.php\/2024\/07\/02\/policlinica-de-camacari-e-fruto-do-diga-ai-camacari-diz-delma-da-saude\/","name":"\"Policl\u00ednica de Cama\u00e7ari \u00e9 fruto do Diga Ai Cama\u00e7ari\" diz Delma da Sa\u00fade - Compartilha Bahia","isPartOf":{"@id":"https:\/\/compartilhabahia.com.br\/#website"},"datePublished":"2024-07-02T20:29:29+00:00","dateModified":"2024-07-02T20:38:23+00:00","breadcrumb":{"@id":"https:\/\/compartilhabahia.com.br\/index.php\/2024\/07\/02\/policlinica-de-camacari-e-fruto-do-diga-ai-camacari-diz-delma-da-saude\/#breadcrumb"},"inLanguage":"pt-BR","potentialAction":[{"@type":"ReadAction","target":["https:\/\/compartilhabahia.com.br\/index.php\/2024\/07\/02\/policlinica-de-camacari-e-fruto-do-diga-ai-camacari-diz-delma-da-saude\/"]}]},{"@type":"BreadcrumbList","@id":"https:\/\/compartilhabahia.com.br\/index.php\/2024\/07\/02\/policlinica-de-camacari-e-fruto-do-diga-ai-camacari-diz-delma-da-saude\/#breadcrumb","itemListElement":[{"@type":"ListItem","position":1,"name":"In\u00edcio","item":"https:\/\/compartilhabahia.com.br\/"},{"@type":"ListItem","position":2,"name":"&#8220;Policl\u00ednica de Cama\u00e7ari \u00e9 fruto do Diga Ai Cama\u00e7ari&#8221; diz Delma da Sa\u00fade"}]},{"@type":"WebSite","@id":"https:\/\/compartilhabahia.com.br\/#website","url":"https:\/\/compartilhabahia.com.br\/","name":"Compartilha Bahia","description":"","publisher":{"@id":"https:\/\/compartilhabahia.com.br\/#organization"},"potentialAction":[{"@type":"SearchAction","target":{"@type":"EntryPoint","urlTemplate":"https:\/\/compartilhabahia.com.br\/?s={search_term_string}"},"query-input":"required name=search_term_string"}],"inLanguage":"pt-BR"},{"@type":"Organization","@id":"https:\/\/compartilhabahia.com.br\/#organization","name":"Compartilha Bahia","url":"https:\/\/compartilhabahia.com.br\/","logo":{"@type":"ImageObject","inLanguage":"pt-BR","@id":"https:\/\/compartilhabahia.com.br\/#\/schema\/logo\/image\/","url":"https:\/\/compartilhabahia.com.br\/wp-content\/uploads\/2023\/12\/cropped-logo.png","contentUrl":"https:\/\/compartilhabahia.com.br\/wp-content\/uploads\/2023\/12\/cropped-logo.png","width":300,"height":106,"caption":"Compartilha Bahia"},"image":{"@id":"https:\/\/compartilhabahia.com.br\/#\/schema\/logo\/image\/"},"sameAs":["https:\/\/web.facebook.com\/compartilhabahia","https:\/\/www.instagram.com\/compartilhabahia\/"]},{"@type":"Person","@id":"https:\/\/compartilhabahia.com.br\/#\/schema\/person\/9b4f0c3178793b8248d6686732521c04","name":"admin","image":{"@type":"ImageObject","inLanguage":"pt-BR","@id":"https:\/\/compartilhabahia.com.br\/#\/schema\/person\/image\/","url":"https:\/\/secure.gravatar.com\/avatar\/9600df58751c5acbe914c538c03390ef649ea088cb65f84ba09c7ce66988eed6?s=96&d=mm&r=g","contentUrl":"https:\/\/secure.gravatar.com\/avatar\/9600df58751c5acbe914c538c03390ef649ea088cb65f84ba09c7ce66988eed6?s=96&d=mm&r=g","caption":"admin"},"sameAs":["https:\/\/compartilhabahia.com.br"],"url":"https:\/\/compartilhabahia.com.br\/index.php\/author\/compartilhabahia\/"}]}},"_links":{"self":[{"href":"https:\/\/compartilhabahia.com.br\/index.php\/wp-json\/wp\/v2\/posts\/2633","targetHints":{"allow":["GET"]}}],"collection":[{"href":"https:\/\/compartilhabahia.com.br\/index.php\/wp-json\/wp\/v2\/posts"}],"about":[{"href":"https:\/\/compartilhabahia.com.br\/index.php\/wp-json\/wp\/v2\/types\/post"}],"author":[{"embeddable":true,"href":"https:\/\/compartilhabahia.com.br\/index.php\/wp-json\/wp\/v2\/users\/1"}],"replies":[{"embeddable":true,"href":"https:\/\/compartilhabahia.com.br\/index.php\/wp-json\/wp\/v2\/comments?post=2633"}],"version-history":[{"count":2,"href":"https:\/\/compartilhabahia.com.br\/index.php\/wp-json\/wp\/v2\/posts\/2633\/revisions"}],"predecessor-version":[{"id":2636,"href":"https:\/\/compartilhabahia.com.br\/index.php\/wp-json\/wp\/v2\/posts\/2633\/revisions\/2636"}],"wp:featuredmedia":[{"embeddable":true,"href":"https:\/\/compartilhabahia.com.br\/index.php\/wp-json\/wp\/v2\/media\/2635"}],"wp:attachment":[{"href":"https:\/\/compartilhabahia.com.br\/index.php\/wp-json\/wp\/v2\/media?parent=2633"}],"wp:term":[{"taxonomy":"category","embeddable":true,"href":"https:\/\/compartilhabahia.com.br\/index.php\/wp-json\/wp\/v2\/categories?post=2633"},{"taxonomy":"post_tag","embeddable":true,"href":"https:\/\/compartilhabahia.com.br\/index.php\/wp-json\/wp\/v2\/tags?post=2633"}],"curies":[{"name":"wp","href":"https:\/\/api.w.org\/{rel}","templated":true}]}}