{"id":2589,"date":"2024-06-29T22:32:27","date_gmt":"2024-06-29T22:32:27","guid":{"rendered":"https:\/\/compartilhabahia.com.br\/?p=2589"},"modified":"2025-02-03T12:52:42","modified_gmt":"2025-02-03T12:52:42","slug":"camacari-vem-a-46-anos-ampliando-papel-impulsionador-do-desenvolvimento-da-bahia","status":"publish","type":"post","link":"https:\/\/compartilhabahia.com.br\/index.php\/2024\/06\/29\/camacari-vem-a-46-anos-ampliando-papel-impulsionador-do-desenvolvimento-da-bahia\/","title":{"rendered":"Cama\u00e7ari vem h\u00e1\u00a046\u00a0anos\u00a0ampliando papel impulsionador do desenvolvimento da Bahia"},"content":{"rendered":"\n<p><\/p>\n\n\n\n<p>O Polo Industrial de Cama\u00e7ari completa no dia 29 de junho 46 anos de uma trajet\u00f3ria vitoriosa, marcada por uma atua\u00e7\u00e3o vers\u00e1til, empreendedora e inovadora na busca de novas oportunidades de investimentos, gera\u00e7\u00e3o de empregos e potencializa\u00e7\u00e3o de mercados. Mant\u00e9m-se, assim, como grande vetor de desenvolvimento da Bahia, especialmente dos munic\u00edpios vizinhos de Cama\u00e7ari, Dias d\u00b4\u00c1vila e em sua \u00e1rea de influ\u00eancia regional, confirmando a posi\u00e7\u00e3o de maior Complexo Industrial integrado do Hemisf\u00e9rio Sul.&nbsp;<\/p>\n\n\n\n<p>Atento \u00e0s novas exig\u00eancias do mercado, sempre voltado para a expans\u00e3o, atraindo novos empreendimentos em diferentes segmentos industriais, o&nbsp;Polo&nbsp;de&nbsp;Cama\u00e7ari confirma, a cada ano, o seu bom desempenho, baseado na competitividade, na diversifica\u00e7\u00e3o industrial, na complementa\u00e7\u00e3o e adensamento de suas cadeias produtivas, a partir de uma gest\u00e3o respons\u00e1vel e moderna.<\/p>\n\n\n\n<p>Em paralelo a a\u00e7\u00f5es de responsabilidade social, incorporando cada vez mais as premissas da ESG (Envirommental, Social and Governance), muitas delas voltadas para as comunidades vizinhas, as empresas do Polo concentram esfor\u00e7os para manter as opera\u00e7\u00f5es industriais de forma segura para seus trabalhadores, al\u00e9m de disseminar programas com foco em meio ambiente e sustentabilidade, com \u00eanfase em responsabilidade socioambiental.<\/p>\n\n\n\n<p><strong>Desenvolvimento econ\u00f4mico<\/strong><\/p>\n\n\n\n<p>Tendo a Seguran\u00e7a, Sa\u00fade e Meio Ambiente como prioridades, o Polo mant\u00e9m o foco na sustentabilidade, expans\u00e3o, diversifica\u00e7\u00e3o e integra\u00e7\u00e3o de suas atividades, atraindo novos empreendimentos em diferentes segmentos industriais. Com investimento global de 16 bilh\u00f5es de d\u00f3lares, gera cerca de 40 mil empregos (10 mil diretos + 30 mil indiretos) e tem faturamento da ordem de 15 bilh\u00f5es de d\u00f3lares\/ano. \u00c9 respons\u00e1vel por 15% das exporta\u00e7\u00f5es baianas, respondendo por 22% do Produto Interno Bruto da ind\u00fastria de transforma\u00e7\u00e3o da Bahia, com uma capacidade produtiva superior a 12 milh\u00f5es de toneladas\/ano (produtos qu\u00edmicos, petroqu\u00edmicos b\u00e1sicos, intermedi\u00e1rios e finais).<\/p>\n\n\n\n<p>Contribui ainda com uma receita superior a R$ 3 bilh\u00f5es\/ano em ICMS para o Estado da Bahia e com mais de 90% da receita tribut\u00e1ria de Cama\u00e7ari e Dias D\u00b4\u00c1vila. Na \u00e1rea social, as empresas do Polo investiram mais de R$ 15 milh\u00f5es nos \u00faltimos dois anos, beneficiando comunidades das \u00e1reas de influ\u00eancia do Complexo Industrial.<\/p>\n\n\n\n<p>Manter-se competitivo \u00e9 o principal desafio do&nbsp;Polo, compartilhado pelas mais de 80 empresas que o integram, representadas pelo Cofic (Comit\u00ea de Fomento Industrial de Cama\u00e7ari). Essas empresas t\u00eam trabalhado firme nessa dire\u00e7\u00e3o, em conjunto com o Governo do Estado, com as prefeituras dos munic\u00edpios de&nbsp;Cama\u00e7ari&nbsp;e Dias d\u00b4\u00c1vila e com a Federa\u00e7\u00e3o das Ind\u00fastrias do Estado da Bahia\/Fieb, dentre outros parceiros importantes, por acreditarem na integra\u00e7\u00e3o operacional, uma das marcas do Complexo Industrial, como modelo empresarial vencedor, que lhe confere um potencial inquestion\u00e1vel de atratividade para novos investimentos.<\/p>\n\n\n\n<p><strong>EMPRESAS L\u00cdDERES<\/strong><\/p>\n\n\n\n<p>Atualmente, o&nbsp;Polo&nbsp;Cama\u00e7ari&nbsp;concentra suas atividades nos segmentos qu\u00edmico-petroqu\u00edmico, pneus, metalurgia do cobre, t\u00eaxtil, bebidas, celulose, fertilizantes, f\u00e1rmacos, energia e\u00f3lica, bebidas e servi\u00e7os (incluindo log\u00edstica). A localiza\u00e7\u00e3o estrat\u00e9gica do&nbsp;Polo, no munic\u00edpio de&nbsp;Cama\u00e7ari, a 50 quil\u00f4metros de Salvador, permite f\u00e1cil acesso \u00e0s ind\u00fastrias atrav\u00e9s das rodovias BA-093, BA-535 (Via Parafuso), Canal de Tr\u00e1fego, ferrovias, portos e aeroportos.<\/p>\n\n\n\n<p>Entre as empresas do Complexo Industrial, destacam-se organiza\u00e7\u00f5es l\u00edderes em seus segmentos, como a Braskem (l\u00edder em resinas termopl\u00e1sticas na Am\u00e9rica Latina), a Deten Qu\u00edmica (\u00fanica produtora no pa\u00eds&nbsp;de LAB &#8211; Linear Alquilbenzeno, mat\u00e9ria-prima b\u00e1sica para produ\u00e7\u00e3o de detergentes biodegrad\u00e1veis), al\u00e9m da Continental e a Bridgestone, destaques no segmento de pneus. No setor da energia e\u00f3lica, com forte poder de crescimento no Estado da Bahia e no pa\u00eds, destacam-se ind\u00fastrias como Siemens-Gamesa e Torrebr\u00e1s. Mais recentemente, tr\u00eas grandes empresas se integraram ao portf\u00f3lio do Polo: a Acelem, que revitalizou e vem fazendo a gest\u00e3o da maior refinaria privada do pa\u00eds (Mataripe); a Unipar,&nbsp;empresa l\u00edder na produ\u00e7\u00e3o de cloro e soda;&nbsp;e a BYD, que iniciou a constru\u00e7\u00e3o de um complexo de tr\u00eas f\u00e1bricas voltadas para o mercado de ve\u00edculos el\u00e9tricos.<\/p>\n\n\n\n<p>Outros empreendimentos tamb\u00e9m se destacam, a exemplo da Oxiteno, Bayer, Unigel e do Complexo Acr\u00edlico da Basf, que representa o maior desafio da empresa fora da Alemanha, com aportes superiores a R$1,5 bilh\u00e3o e produ\u00e7\u00e3o em escala global de \u00e1cido acr\u00edlico, acrilato de butila e pol\u00edmeros superabsorventes (SAP), utilizando como mat\u00e9ria-prima o propeno, fornecido pela Unidade de Petroqu\u00edmicos B\u00e1sicos da Braskem.<\/p>\n\n\n\n<p>Essas novas rotas da produ\u00e7\u00e3o em&nbsp;Cama\u00e7ari&nbsp;atra\u00edram tamb\u00e9m ind\u00fastrias de transforma\u00e7\u00e3o, como a Kimberly-Clark, que fabrica fraldas descart\u00e1veis e produtos de higiene pessoal a partir dos pol\u00edmeros superabsorventes fornecidos pela Basf. O potencial de atratividade do&nbsp;Polo&nbsp;tamb\u00e9m se evidencia na presen\u00e7a de empresas como Knauf (drywall), Votorantim (cimentos), ITF Chemical (medicamentos), dentre outras.<\/p>\n","protected":false},"excerpt":{"rendered":"<p>O Polo Industrial de Cama\u00e7ari completa no dia 29 de junho 46 anos de uma trajet\u00f3ria vitoriosa, marcada por uma atua\u00e7\u00e3o vers\u00e1til, empreendedora e inovadora na busca de novas oportunidades de investimentos, gera\u00e7\u00e3o de empregos e potencializa\u00e7\u00e3o de mercados. Mant\u00e9m-se, assim, como grande vetor de desenvolvimento da Bahia, especialmente dos munic\u00edpios vizinhos de Cama\u00e7ari, Dias [&hellip;]<\/p>\n","protected":false},"author":1,"featured_media":2590,"comment_status":"open","ping_status":"open","sticky":false,"template":"","format":"standard","meta":{"footnotes":""},"categories":[8],"tags":[],"class_list":["post-2589","post","type-post","status-publish","format-standard","has-post-thumbnail","hentry","category-camacari"],"yoast_head":"<!-- This site is optimized with the Yoast SEO plugin v21.7 - https:\/\/yoast.com\/wordpress\/plugins\/seo\/ -->\n<title>Cama\u00e7ari vem h\u00e1\u00a046\u00a0anos\u00a0ampliando papel impulsionador do desenvolvimento da Bahia - Compartilha Bahia<\/title>\n<meta name=\"robots\" content=\"index, follow, max-snippet:-1, max-image-preview:large, max-video-preview:-1\" \/>\n<link rel=\"canonical\" href=\"https:\/\/compartilhabahia.com.br\/index.php\/2024\/06\/29\/camacari-vem-a-46-anos-ampliando-papel-impulsionador-do-desenvolvimento-da-bahia\/\" \/>\n<meta property=\"og:locale\" content=\"pt_BR\" \/>\n<meta property=\"og:type\" content=\"article\" \/>\n<meta property=\"og:title\" content=\"Cama\u00e7ari vem h\u00e1\u00a046\u00a0anos\u00a0ampliando papel impulsionador do desenvolvimento da Bahia - Compartilha Bahia\" \/>\n<meta property=\"og:description\" content=\"O Polo Industrial de Cama\u00e7ari completa no dia 29 de junho 46 anos de uma trajet\u00f3ria vitoriosa, marcada por uma atua\u00e7\u00e3o vers\u00e1til, empreendedora e inovadora na busca de novas oportunidades de investimentos, gera\u00e7\u00e3o de empregos e potencializa\u00e7\u00e3o de mercados. Mant\u00e9m-se, assim, como grande vetor de desenvolvimento da Bahia, especialmente dos munic\u00edpios vizinhos de Cama\u00e7ari, Dias [&hellip;]\" \/>\n<meta property=\"og:url\" content=\"https:\/\/compartilhabahia.com.br\/index.php\/2024\/06\/29\/camacari-vem-a-46-anos-ampliando-papel-impulsionador-do-desenvolvimento-da-bahia\/\" \/>\n<meta property=\"og:site_name\" content=\"Compartilha Bahia\" \/>\n<meta property=\"article:publisher\" content=\"https:\/\/web.facebook.com\/compartilhabahia\" \/>\n<meta property=\"article:published_time\" content=\"2024-06-29T22:32:27+00:00\" \/>\n<meta property=\"article:modified_time\" content=\"2025-02-03T12:52:42+00:00\" \/>\n<meta property=\"og:image\" content=\"https:\/\/compartilhabahia.com.br\/wp-content\/uploads\/2024\/06\/camacariindustrialnoturno.jpg\" \/>\n\t<meta property=\"og:image:width\" content=\"800\" \/>\n\t<meta property=\"og:image:height\" content=\"667\" \/>\n\t<meta property=\"og:image:type\" content=\"image\/jpeg\" \/>\n<meta name=\"author\" content=\"admin\" \/>\n<meta name=\"twitter:card\" content=\"summary_large_image\" \/>\n<meta name=\"twitter:label1\" content=\"Escrito por\" \/>\n\t<meta name=\"twitter:data1\" content=\"admin\" \/>\n\t<meta name=\"twitter:label2\" content=\"Est. tempo de leitura\" \/>\n\t<meta name=\"twitter:data2\" content=\"5 minutos\" \/>\n<script type=\"application\/ld+json\" class=\"yoast-schema-graph\">{\"@context\":\"https:\/\/schema.org\",\"@graph\":[{\"@type\":\"Article\",\"@id\":\"https:\/\/compartilhabahia.com.br\/index.php\/2024\/06\/29\/camacari-vem-a-46-anos-ampliando-papel-impulsionador-do-desenvolvimento-da-bahia\/#article\",\"isPartOf\":{\"@id\":\"https:\/\/compartilhabahia.com.br\/index.php\/2024\/06\/29\/camacari-vem-a-46-anos-ampliando-papel-impulsionador-do-desenvolvimento-da-bahia\/\"},\"author\":{\"name\":\"admin\",\"@id\":\"https:\/\/compartilhabahia.com.br\/#\/schema\/person\/9b4f0c3178793b8248d6686732521c04\"},\"headline\":\"Cama\u00e7ari vem h\u00e1\u00a046\u00a0anos\u00a0ampliando papel impulsionador do desenvolvimento da Bahia\",\"datePublished\":\"2024-06-29T22:32:27+00:00\",\"dateModified\":\"2025-02-03T12:52:42+00:00\",\"mainEntityOfPage\":{\"@id\":\"https:\/\/compartilhabahia.com.br\/index.php\/2024\/06\/29\/camacari-vem-a-46-anos-ampliando-papel-impulsionador-do-desenvolvimento-da-bahia\/\"},\"wordCount\":881,\"commentCount\":0,\"publisher\":{\"@id\":\"https:\/\/compartilhabahia.com.br\/#organization\"},\"articleSection\":[\"Cama\u00e7ari\"],\"inLanguage\":\"pt-BR\",\"potentialAction\":[{\"@type\":\"CommentAction\",\"name\":\"Comment\",\"target\":[\"https:\/\/compartilhabahia.com.br\/index.php\/2024\/06\/29\/camacari-vem-a-46-anos-ampliando-papel-impulsionador-do-desenvolvimento-da-bahia\/#respond\"]}]},{\"@type\":\"WebPage\",\"@id\":\"https:\/\/compartilhabahia.com.br\/index.php\/2024\/06\/29\/camacari-vem-a-46-anos-ampliando-papel-impulsionador-do-desenvolvimento-da-bahia\/\",\"url\":\"https:\/\/compartilhabahia.com.br\/index.php\/2024\/06\/29\/camacari-vem-a-46-anos-ampliando-papel-impulsionador-do-desenvolvimento-da-bahia\/\",\"name\":\"Cama\u00e7ari vem h\u00e1\u00a046\u00a0anos\u00a0ampliando papel impulsionador do desenvolvimento da Bahia - Compartilha Bahia\",\"isPartOf\":{\"@id\":\"https:\/\/compartilhabahia.com.br\/#website\"},\"datePublished\":\"2024-06-29T22:32:27+00:00\",\"dateModified\":\"2025-02-03T12:52:42+00:00\",\"breadcrumb\":{\"@id\":\"https:\/\/compartilhabahia.com.br\/index.php\/2024\/06\/29\/camacari-vem-a-46-anos-ampliando-papel-impulsionador-do-desenvolvimento-da-bahia\/#breadcrumb\"},\"inLanguage\":\"pt-BR\",\"potentialAction\":[{\"@type\":\"ReadAction\",\"target\":[\"https:\/\/compartilhabahia.com.br\/index.php\/2024\/06\/29\/camacari-vem-a-46-anos-ampliando-papel-impulsionador-do-desenvolvimento-da-bahia\/\"]}]},{\"@type\":\"BreadcrumbList\",\"@id\":\"https:\/\/compartilhabahia.com.br\/index.php\/2024\/06\/29\/camacari-vem-a-46-anos-ampliando-papel-impulsionador-do-desenvolvimento-da-bahia\/#breadcrumb\",\"itemListElement\":[{\"@type\":\"ListItem\",\"position\":1,\"name\":\"In\u00edcio\",\"item\":\"https:\/\/compartilhabahia.com.br\/\"},{\"@type\":\"ListItem\",\"position\":2,\"name\":\"Cama\u00e7ari vem h\u00e1\u00a046\u00a0anos\u00a0ampliando papel impulsionador do desenvolvimento da Bahia\"}]},{\"@type\":\"WebSite\",\"@id\":\"https:\/\/compartilhabahia.com.br\/#website\",\"url\":\"https:\/\/compartilhabahia.com.br\/\",\"name\":\"Compartilha Bahia\",\"description\":\"\",\"publisher\":{\"@id\":\"https:\/\/compartilhabahia.com.br\/#organization\"},\"potentialAction\":[{\"@type\":\"SearchAction\",\"target\":{\"@type\":\"EntryPoint\",\"urlTemplate\":\"https:\/\/compartilhabahia.com.br\/?s={search_term_string}\"},\"query-input\":\"required name=search_term_string\"}],\"inLanguage\":\"pt-BR\"},{\"@type\":\"Organization\",\"@id\":\"https:\/\/compartilhabahia.com.br\/#organization\",\"name\":\"Compartilha Bahia\",\"url\":\"https:\/\/compartilhabahia.com.br\/\",\"logo\":{\"@type\":\"ImageObject\",\"inLanguage\":\"pt-BR\",\"@id\":\"https:\/\/compartilhabahia.com.br\/#\/schema\/logo\/image\/\",\"url\":\"https:\/\/compartilhabahia.com.br\/wp-content\/uploads\/2023\/12\/cropped-logo.png\",\"contentUrl\":\"https:\/\/compartilhabahia.com.br\/wp-content\/uploads\/2023\/12\/cropped-logo.png\",\"width\":300,\"height\":106,\"caption\":\"Compartilha Bahia\"},\"image\":{\"@id\":\"https:\/\/compartilhabahia.com.br\/#\/schema\/logo\/image\/\"},\"sameAs\":[\"https:\/\/web.facebook.com\/compartilhabahia\",\"https:\/\/www.instagram.com\/compartilhabahia\/\"]},{\"@type\":\"Person\",\"@id\":\"https:\/\/compartilhabahia.com.br\/#\/schema\/person\/9b4f0c3178793b8248d6686732521c04\",\"name\":\"admin\",\"image\":{\"@type\":\"ImageObject\",\"inLanguage\":\"pt-BR\",\"@id\":\"https:\/\/compartilhabahia.com.br\/#\/schema\/person\/image\/\",\"url\":\"https:\/\/secure.gravatar.com\/avatar\/9600df58751c5acbe914c538c03390ef649ea088cb65f84ba09c7ce66988eed6?s=96&d=mm&r=g\",\"contentUrl\":\"https:\/\/secure.gravatar.com\/avatar\/9600df58751c5acbe914c538c03390ef649ea088cb65f84ba09c7ce66988eed6?s=96&d=mm&r=g\",\"caption\":\"admin\"},\"sameAs\":[\"https:\/\/compartilhabahia.com.br\"],\"url\":\"https:\/\/compartilhabahia.com.br\/index.php\/author\/compartilhabahia\/\"}]}<\/script>\n<!-- \/ Yoast SEO plugin. -->","yoast_head_json":{"title":"Cama\u00e7ari vem h\u00e1\u00a046\u00a0anos\u00a0ampliando papel impulsionador do desenvolvimento da Bahia - Compartilha Bahia","robots":{"index":"index","follow":"follow","max-snippet":"max-snippet:-1","max-image-preview":"max-image-preview:large","max-video-preview":"max-video-preview:-1"},"canonical":"https:\/\/compartilhabahia.com.br\/index.php\/2024\/06\/29\/camacari-vem-a-46-anos-ampliando-papel-impulsionador-do-desenvolvimento-da-bahia\/","og_locale":"pt_BR","og_type":"article","og_title":"Cama\u00e7ari vem h\u00e1\u00a046\u00a0anos\u00a0ampliando papel impulsionador do desenvolvimento da Bahia - Compartilha Bahia","og_description":"O Polo Industrial de Cama\u00e7ari completa no dia 29 de junho 46 anos de uma trajet\u00f3ria vitoriosa, marcada por uma atua\u00e7\u00e3o vers\u00e1til, empreendedora e inovadora na busca de novas oportunidades de investimentos, gera\u00e7\u00e3o de empregos e potencializa\u00e7\u00e3o de mercados. Mant\u00e9m-se, assim, como grande vetor de desenvolvimento da Bahia, especialmente dos munic\u00edpios vizinhos de Cama\u00e7ari, Dias [&hellip;]","og_url":"https:\/\/compartilhabahia.com.br\/index.php\/2024\/06\/29\/camacari-vem-a-46-anos-ampliando-papel-impulsionador-do-desenvolvimento-da-bahia\/","og_site_name":"Compartilha Bahia","article_publisher":"https:\/\/web.facebook.com\/compartilhabahia","article_published_time":"2024-06-29T22:32:27+00:00","article_modified_time":"2025-02-03T12:52:42+00:00","og_image":[{"width":800,"height":667,"url":"https:\/\/compartilhabahia.com.br\/wp-content\/uploads\/2024\/06\/camacariindustrialnoturno.jpg","type":"image\/jpeg"}],"author":"admin","twitter_card":"summary_large_image","twitter_misc":{"Escrito por":"admin","Est. tempo de leitura":"5 minutos"},"schema":{"@context":"https:\/\/schema.org","@graph":[{"@type":"Article","@id":"https:\/\/compartilhabahia.com.br\/index.php\/2024\/06\/29\/camacari-vem-a-46-anos-ampliando-papel-impulsionador-do-desenvolvimento-da-bahia\/#article","isPartOf":{"@id":"https:\/\/compartilhabahia.com.br\/index.php\/2024\/06\/29\/camacari-vem-a-46-anos-ampliando-papel-impulsionador-do-desenvolvimento-da-bahia\/"},"author":{"name":"admin","@id":"https:\/\/compartilhabahia.com.br\/#\/schema\/person\/9b4f0c3178793b8248d6686732521c04"},"headline":"Cama\u00e7ari vem h\u00e1\u00a046\u00a0anos\u00a0ampliando papel impulsionador do desenvolvimento da Bahia","datePublished":"2024-06-29T22:32:27+00:00","dateModified":"2025-02-03T12:52:42+00:00","mainEntityOfPage":{"@id":"https:\/\/compartilhabahia.com.br\/index.php\/2024\/06\/29\/camacari-vem-a-46-anos-ampliando-papel-impulsionador-do-desenvolvimento-da-bahia\/"},"wordCount":881,"commentCount":0,"publisher":{"@id":"https:\/\/compartilhabahia.com.br\/#organization"},"articleSection":["Cama\u00e7ari"],"inLanguage":"pt-BR","potentialAction":[{"@type":"CommentAction","name":"Comment","target":["https:\/\/compartilhabahia.com.br\/index.php\/2024\/06\/29\/camacari-vem-a-46-anos-ampliando-papel-impulsionador-do-desenvolvimento-da-bahia\/#respond"]}]},{"@type":"WebPage","@id":"https:\/\/compartilhabahia.com.br\/index.php\/2024\/06\/29\/camacari-vem-a-46-anos-ampliando-papel-impulsionador-do-desenvolvimento-da-bahia\/","url":"https:\/\/compartilhabahia.com.br\/index.php\/2024\/06\/29\/camacari-vem-a-46-anos-ampliando-papel-impulsionador-do-desenvolvimento-da-bahia\/","name":"Cama\u00e7ari vem h\u00e1\u00a046\u00a0anos\u00a0ampliando papel impulsionador do desenvolvimento da Bahia - Compartilha Bahia","isPartOf":{"@id":"https:\/\/compartilhabahia.com.br\/#website"},"datePublished":"2024-06-29T22:32:27+00:00","dateModified":"2025-02-03T12:52:42+00:00","breadcrumb":{"@id":"https:\/\/compartilhabahia.com.br\/index.php\/2024\/06\/29\/camacari-vem-a-46-anos-ampliando-papel-impulsionador-do-desenvolvimento-da-bahia\/#breadcrumb"},"inLanguage":"pt-BR","potentialAction":[{"@type":"ReadAction","target":["https:\/\/compartilhabahia.com.br\/index.php\/2024\/06\/29\/camacari-vem-a-46-anos-ampliando-papel-impulsionador-do-desenvolvimento-da-bahia\/"]}]},{"@type":"BreadcrumbList","@id":"https:\/\/compartilhabahia.com.br\/index.php\/2024\/06\/29\/camacari-vem-a-46-anos-ampliando-papel-impulsionador-do-desenvolvimento-da-bahia\/#breadcrumb","itemListElement":[{"@type":"ListItem","position":1,"name":"In\u00edcio","item":"https:\/\/compartilhabahia.com.br\/"},{"@type":"ListItem","position":2,"name":"Cama\u00e7ari vem h\u00e1\u00a046\u00a0anos\u00a0ampliando papel impulsionador do desenvolvimento da Bahia"}]},{"@type":"WebSite","@id":"https:\/\/compartilhabahia.com.br\/#website","url":"https:\/\/compartilhabahia.com.br\/","name":"Compartilha Bahia","description":"","publisher":{"@id":"https:\/\/compartilhabahia.com.br\/#organization"},"potentialAction":[{"@type":"SearchAction","target":{"@type":"EntryPoint","urlTemplate":"https:\/\/compartilhabahia.com.br\/?s={search_term_string}"},"query-input":"required name=search_term_string"}],"inLanguage":"pt-BR"},{"@type":"Organization","@id":"https:\/\/compartilhabahia.com.br\/#organization","name":"Compartilha Bahia","url":"https:\/\/compartilhabahia.com.br\/","logo":{"@type":"ImageObject","inLanguage":"pt-BR","@id":"https:\/\/compartilhabahia.com.br\/#\/schema\/logo\/image\/","url":"https:\/\/compartilhabahia.com.br\/wp-content\/uploads\/2023\/12\/cropped-logo.png","contentUrl":"https:\/\/compartilhabahia.com.br\/wp-content\/uploads\/2023\/12\/cropped-logo.png","width":300,"height":106,"caption":"Compartilha Bahia"},"image":{"@id":"https:\/\/compartilhabahia.com.br\/#\/schema\/logo\/image\/"},"sameAs":["https:\/\/web.facebook.com\/compartilhabahia","https:\/\/www.instagram.com\/compartilhabahia\/"]},{"@type":"Person","@id":"https:\/\/compartilhabahia.com.br\/#\/schema\/person\/9b4f0c3178793b8248d6686732521c04","name":"admin","image":{"@type":"ImageObject","inLanguage":"pt-BR","@id":"https:\/\/compartilhabahia.com.br\/#\/schema\/person\/image\/","url":"https:\/\/secure.gravatar.com\/avatar\/9600df58751c5acbe914c538c03390ef649ea088cb65f84ba09c7ce66988eed6?s=96&d=mm&r=g","contentUrl":"https:\/\/secure.gravatar.com\/avatar\/9600df58751c5acbe914c538c03390ef649ea088cb65f84ba09c7ce66988eed6?s=96&d=mm&r=g","caption":"admin"},"sameAs":["https:\/\/compartilhabahia.com.br"],"url":"https:\/\/compartilhabahia.com.br\/index.php\/author\/compartilhabahia\/"}]}},"_links":{"self":[{"href":"https:\/\/compartilhabahia.com.br\/index.php\/wp-json\/wp\/v2\/posts\/2589","targetHints":{"allow":["GET"]}}],"collection":[{"href":"https:\/\/compartilhabahia.com.br\/index.php\/wp-json\/wp\/v2\/posts"}],"about":[{"href":"https:\/\/compartilhabahia.com.br\/index.php\/wp-json\/wp\/v2\/types\/post"}],"author":[{"embeddable":true,"href":"https:\/\/compartilhabahia.com.br\/index.php\/wp-json\/wp\/v2\/users\/1"}],"replies":[{"embeddable":true,"href":"https:\/\/compartilhabahia.com.br\/index.php\/wp-json\/wp\/v2\/comments?post=2589"}],"version-history":[{"count":2,"href":"https:\/\/compartilhabahia.com.br\/index.php\/wp-json\/wp\/v2\/posts\/2589\/revisions"}],"predecessor-version":[{"id":2592,"href":"https:\/\/compartilhabahia.com.br\/index.php\/wp-json\/wp\/v2\/posts\/2589\/revisions\/2592"}],"wp:featuredmedia":[{"embeddable":true,"href":"https:\/\/compartilhabahia.com.br\/index.php\/wp-json\/wp\/v2\/media\/2590"}],"wp:attachment":[{"href":"https:\/\/compartilhabahia.com.br\/index.php\/wp-json\/wp\/v2\/media?parent=2589"}],"wp:term":[{"taxonomy":"category","embeddable":true,"href":"https:\/\/compartilhabahia.com.br\/index.php\/wp-json\/wp\/v2\/categories?post=2589"},{"taxonomy":"post_tag","embeddable":true,"href":"https:\/\/compartilhabahia.com.br\/index.php\/wp-json\/wp\/v2\/tags?post=2589"}],"curies":[{"name":"wp","href":"https:\/\/api.w.org\/{rel}","templated":true}]}}