{"id":2366,"date":"2024-06-09T23:40:08","date_gmt":"2024-06-09T23:40:08","guid":{"rendered":"https:\/\/compartilhabahia.com.br\/?p=2366"},"modified":"2024-06-09T23:45:06","modified_gmt":"2024-06-09T23:45:06","slug":"falta-coerencia-na-proposta-de-matos","status":"publish","type":"post","link":"https:\/\/compartilhabahia.com.br\/index.php\/2024\/06\/09\/falta-coerencia-na-proposta-de-matos\/","title":{"rendered":"Falta coer\u00eancia na proposta de Matos ao tentar ocultar Tude, Elinaldo e Helder"},"content":{"rendered":"\n<p>O vereador Fl\u00e1vio Matos (Uni\u00e3o Brasil) se orgulha em fazer parte do grupo pol\u00edtico de Tude, de Helder e de Elinaldo, que juntos j\u00e1 somam quase 20 anos na prefeitura de Cama\u00e7ari.<\/p>\n\n\n\n<p>Mas, na atual pr\u00e9-campanha eleitoral na qual Fl\u00e1vio postula a vaga de candidato a prefeito ele se apresenta como se fosse o NOVO l\u00edder de um NOVO grupo pol\u00edtico. Isso \u00e9 incoer\u00eancia.<\/p>\n\n\n\n<p>E uma coisa que o eleitor e nem a hist\u00f3ria perdoa, \u00e9 pol\u00edtico incoerente.<\/p>\n\n\n\n<p>O correto seria ele dizer para a popula\u00e7\u00e3o, que em honra aos feitos de Tude, de Helder e de Elinaldo, ele pretende dar continuidade aos trabalhos desse grupo pol\u00edtico. Do jeito que ele esta se apresentando, ele est\u00e1 negando suas origens e tentando apagar a hist\u00f3ria de tr\u00eas prefeitos.<\/p>\n\n\n\n<p><\/p>\n","protected":false},"excerpt":{"rendered":"<p>O vereador Fl\u00e1vio Matos (Uni\u00e3o Brasil) se orgulha em fazer parte do grupo pol\u00edtico de Tude, de Helder e de Elinaldo, que juntos j\u00e1 somam quase 20 anos na prefeitura de Cama\u00e7ari. Mas, na atual pr\u00e9-campanha eleitoral na qual Fl\u00e1vio postula a vaga de candidato a prefeito ele se apresenta como se fosse o NOVO [&hellip;]<\/p>\n","protected":false},"author":1,"featured_media":2367,"comment_status":"open","ping_status":"open","sticky":false,"template":"","format":"standard","meta":{"footnotes":""},"categories":[8],"tags":[],"class_list":["post-2366","post","type-post","status-publish","format-standard","has-post-thumbnail","hentry","category-camacari"],"yoast_head":"<!-- This site is optimized with the Yoast SEO plugin v21.7 - https:\/\/yoast.com\/wordpress\/plugins\/seo\/ -->\n<title>Falta coer\u00eancia na proposta de Matos ao tentar ocultar Tude, Elinaldo e Helder - Compartilha Bahia<\/title>\n<meta name=\"robots\" content=\"index, follow, max-snippet:-1, max-image-preview:large, max-video-preview:-1\" \/>\n<link rel=\"canonical\" href=\"https:\/\/compartilhabahia.com.br\/index.php\/2024\/06\/09\/falta-coerencia-na-proposta-de-matos\/\" \/>\n<meta property=\"og:locale\" content=\"pt_BR\" \/>\n<meta property=\"og:type\" content=\"article\" \/>\n<meta property=\"og:title\" content=\"Falta coer\u00eancia na proposta de Matos ao tentar ocultar Tude, Elinaldo e Helder - Compartilha Bahia\" \/>\n<meta property=\"og:description\" content=\"O vereador Fl\u00e1vio Matos (Uni\u00e3o Brasil) se orgulha em fazer parte do grupo pol\u00edtico de Tude, de Helder e de Elinaldo, que juntos j\u00e1 somam quase 20 anos na prefeitura de Cama\u00e7ari. Mas, na atual pr\u00e9-campanha eleitoral na qual Fl\u00e1vio postula a vaga de candidato a prefeito ele se apresenta como se fosse o NOVO [&hellip;]\" \/>\n<meta property=\"og:url\" content=\"https:\/\/compartilhabahia.com.br\/index.php\/2024\/06\/09\/falta-coerencia-na-proposta-de-matos\/\" \/>\n<meta property=\"og:site_name\" content=\"Compartilha Bahia\" \/>\n<meta property=\"article:publisher\" content=\"https:\/\/web.facebook.com\/compartilhabahia\" \/>\n<meta property=\"article:published_time\" content=\"2024-06-09T23:40:08+00:00\" \/>\n<meta property=\"article:modified_time\" content=\"2024-06-09T23:45:06+00:00\" \/>\n<meta property=\"og:image\" content=\"https:\/\/compartilhabahia.com.br\/wp-content\/uploads\/2024\/06\/tresprefeitos.jpg\" \/>\n\t<meta property=\"og:image:width\" content=\"1000\" \/>\n\t<meta property=\"og:image:height\" content=\"1000\" \/>\n\t<meta property=\"og:image:type\" content=\"image\/jpeg\" \/>\n<meta name=\"author\" content=\"admin\" \/>\n<meta name=\"twitter:card\" content=\"summary_large_image\" \/>\n<meta name=\"twitter:label1\" content=\"Escrito por\" \/>\n\t<meta name=\"twitter:data1\" content=\"admin\" \/>\n\t<meta name=\"twitter:label2\" content=\"Est. tempo de leitura\" \/>\n\t<meta name=\"twitter:data2\" content=\"1 minuto\" \/>\n<script type=\"application\/ld+json\" class=\"yoast-schema-graph\">{\"@context\":\"https:\/\/schema.org\",\"@graph\":[{\"@type\":\"Article\",\"@id\":\"https:\/\/compartilhabahia.com.br\/index.php\/2024\/06\/09\/falta-coerencia-na-proposta-de-matos\/#article\",\"isPartOf\":{\"@id\":\"https:\/\/compartilhabahia.com.br\/index.php\/2024\/06\/09\/falta-coerencia-na-proposta-de-matos\/\"},\"author\":{\"name\":\"admin\",\"@id\":\"https:\/\/compartilhabahia.com.br\/#\/schema\/person\/9b4f0c3178793b8248d6686732521c04\"},\"headline\":\"Falta coer\u00eancia na proposta de Matos ao tentar ocultar Tude, Elinaldo e Helder\",\"datePublished\":\"2024-06-09T23:40:08+00:00\",\"dateModified\":\"2024-06-09T23:45:06+00:00\",\"mainEntityOfPage\":{\"@id\":\"https:\/\/compartilhabahia.com.br\/index.php\/2024\/06\/09\/falta-coerencia-na-proposta-de-matos\/\"},\"wordCount\":153,\"commentCount\":0,\"publisher\":{\"@id\":\"https:\/\/compartilhabahia.com.br\/#organization\"},\"articleSection\":[\"Cama\u00e7ari\"],\"inLanguage\":\"pt-BR\",\"potentialAction\":[{\"@type\":\"CommentAction\",\"name\":\"Comment\",\"target\":[\"https:\/\/compartilhabahia.com.br\/index.php\/2024\/06\/09\/falta-coerencia-na-proposta-de-matos\/#respond\"]}]},{\"@type\":\"WebPage\",\"@id\":\"https:\/\/compartilhabahia.com.br\/index.php\/2024\/06\/09\/falta-coerencia-na-proposta-de-matos\/\",\"url\":\"https:\/\/compartilhabahia.com.br\/index.php\/2024\/06\/09\/falta-coerencia-na-proposta-de-matos\/\",\"name\":\"Falta coer\u00eancia na proposta de Matos ao tentar ocultar Tude, Elinaldo e Helder - Compartilha Bahia\",\"isPartOf\":{\"@id\":\"https:\/\/compartilhabahia.com.br\/#website\"},\"datePublished\":\"2024-06-09T23:40:08+00:00\",\"dateModified\":\"2024-06-09T23:45:06+00:00\",\"breadcrumb\":{\"@id\":\"https:\/\/compartilhabahia.com.br\/index.php\/2024\/06\/09\/falta-coerencia-na-proposta-de-matos\/#breadcrumb\"},\"inLanguage\":\"pt-BR\",\"potentialAction\":[{\"@type\":\"ReadAction\",\"target\":[\"https:\/\/compartilhabahia.com.br\/index.php\/2024\/06\/09\/falta-coerencia-na-proposta-de-matos\/\"]}]},{\"@type\":\"BreadcrumbList\",\"@id\":\"https:\/\/compartilhabahia.com.br\/index.php\/2024\/06\/09\/falta-coerencia-na-proposta-de-matos\/#breadcrumb\",\"itemListElement\":[{\"@type\":\"ListItem\",\"position\":1,\"name\":\"In\u00edcio\",\"item\":\"https:\/\/compartilhabahia.com.br\/\"},{\"@type\":\"ListItem\",\"position\":2,\"name\":\"Falta coer\u00eancia na proposta de Matos ao tentar ocultar Tude, Elinaldo e Helder\"}]},{\"@type\":\"WebSite\",\"@id\":\"https:\/\/compartilhabahia.com.br\/#website\",\"url\":\"https:\/\/compartilhabahia.com.br\/\",\"name\":\"Compartilha Bahia\",\"description\":\"\",\"publisher\":{\"@id\":\"https:\/\/compartilhabahia.com.br\/#organization\"},\"potentialAction\":[{\"@type\":\"SearchAction\",\"target\":{\"@type\":\"EntryPoint\",\"urlTemplate\":\"https:\/\/compartilhabahia.com.br\/?s={search_term_string}\"},\"query-input\":\"required name=search_term_string\"}],\"inLanguage\":\"pt-BR\"},{\"@type\":\"Organization\",\"@id\":\"https:\/\/compartilhabahia.com.br\/#organization\",\"name\":\"Compartilha Bahia\",\"url\":\"https:\/\/compartilhabahia.com.br\/\",\"logo\":{\"@type\":\"ImageObject\",\"inLanguage\":\"pt-BR\",\"@id\":\"https:\/\/compartilhabahia.com.br\/#\/schema\/logo\/image\/\",\"url\":\"https:\/\/compartilhabahia.com.br\/wp-content\/uploads\/2023\/12\/cropped-logo.png\",\"contentUrl\":\"https:\/\/compartilhabahia.com.br\/wp-content\/uploads\/2023\/12\/cropped-logo.png\",\"width\":300,\"height\":106,\"caption\":\"Compartilha Bahia\"},\"image\":{\"@id\":\"https:\/\/compartilhabahia.com.br\/#\/schema\/logo\/image\/\"},\"sameAs\":[\"https:\/\/web.facebook.com\/compartilhabahia\",\"https:\/\/www.instagram.com\/compartilhabahia\/\"]},{\"@type\":\"Person\",\"@id\":\"https:\/\/compartilhabahia.com.br\/#\/schema\/person\/9b4f0c3178793b8248d6686732521c04\",\"name\":\"admin\",\"image\":{\"@type\":\"ImageObject\",\"inLanguage\":\"pt-BR\",\"@id\":\"https:\/\/compartilhabahia.com.br\/#\/schema\/person\/image\/\",\"url\":\"https:\/\/secure.gravatar.com\/avatar\/9600df58751c5acbe914c538c03390ef649ea088cb65f84ba09c7ce66988eed6?s=96&d=mm&r=g\",\"contentUrl\":\"https:\/\/secure.gravatar.com\/avatar\/9600df58751c5acbe914c538c03390ef649ea088cb65f84ba09c7ce66988eed6?s=96&d=mm&r=g\",\"caption\":\"admin\"},\"sameAs\":[\"https:\/\/compartilhabahia.com.br\"],\"url\":\"https:\/\/compartilhabahia.com.br\/index.php\/author\/compartilhabahia\/\"}]}<\/script>\n<!-- \/ Yoast SEO plugin. -->","yoast_head_json":{"title":"Falta coer\u00eancia na proposta de Matos ao tentar ocultar Tude, Elinaldo e Helder - Compartilha Bahia","robots":{"index":"index","follow":"follow","max-snippet":"max-snippet:-1","max-image-preview":"max-image-preview:large","max-video-preview":"max-video-preview:-1"},"canonical":"https:\/\/compartilhabahia.com.br\/index.php\/2024\/06\/09\/falta-coerencia-na-proposta-de-matos\/","og_locale":"pt_BR","og_type":"article","og_title":"Falta coer\u00eancia na proposta de Matos ao tentar ocultar Tude, Elinaldo e Helder - Compartilha Bahia","og_description":"O vereador Fl\u00e1vio Matos (Uni\u00e3o Brasil) se orgulha em fazer parte do grupo pol\u00edtico de Tude, de Helder e de Elinaldo, que juntos j\u00e1 somam quase 20 anos na prefeitura de Cama\u00e7ari. Mas, na atual pr\u00e9-campanha eleitoral na qual Fl\u00e1vio postula a vaga de candidato a prefeito ele se apresenta como se fosse o NOVO [&hellip;]","og_url":"https:\/\/compartilhabahia.com.br\/index.php\/2024\/06\/09\/falta-coerencia-na-proposta-de-matos\/","og_site_name":"Compartilha Bahia","article_publisher":"https:\/\/web.facebook.com\/compartilhabahia","article_published_time":"2024-06-09T23:40:08+00:00","article_modified_time":"2024-06-09T23:45:06+00:00","og_image":[{"width":1000,"height":1000,"url":"https:\/\/compartilhabahia.com.br\/wp-content\/uploads\/2024\/06\/tresprefeitos.jpg","type":"image\/jpeg"}],"author":"admin","twitter_card":"summary_large_image","twitter_misc":{"Escrito por":"admin","Est. tempo de leitura":"1 minuto"},"schema":{"@context":"https:\/\/schema.org","@graph":[{"@type":"Article","@id":"https:\/\/compartilhabahia.com.br\/index.php\/2024\/06\/09\/falta-coerencia-na-proposta-de-matos\/#article","isPartOf":{"@id":"https:\/\/compartilhabahia.com.br\/index.php\/2024\/06\/09\/falta-coerencia-na-proposta-de-matos\/"},"author":{"name":"admin","@id":"https:\/\/compartilhabahia.com.br\/#\/schema\/person\/9b4f0c3178793b8248d6686732521c04"},"headline":"Falta coer\u00eancia na proposta de Matos ao tentar ocultar Tude, Elinaldo e Helder","datePublished":"2024-06-09T23:40:08+00:00","dateModified":"2024-06-09T23:45:06+00:00","mainEntityOfPage":{"@id":"https:\/\/compartilhabahia.com.br\/index.php\/2024\/06\/09\/falta-coerencia-na-proposta-de-matos\/"},"wordCount":153,"commentCount":0,"publisher":{"@id":"https:\/\/compartilhabahia.com.br\/#organization"},"articleSection":["Cama\u00e7ari"],"inLanguage":"pt-BR","potentialAction":[{"@type":"CommentAction","name":"Comment","target":["https:\/\/compartilhabahia.com.br\/index.php\/2024\/06\/09\/falta-coerencia-na-proposta-de-matos\/#respond"]}]},{"@type":"WebPage","@id":"https:\/\/compartilhabahia.com.br\/index.php\/2024\/06\/09\/falta-coerencia-na-proposta-de-matos\/","url":"https:\/\/compartilhabahia.com.br\/index.php\/2024\/06\/09\/falta-coerencia-na-proposta-de-matos\/","name":"Falta coer\u00eancia na proposta de Matos ao tentar ocultar Tude, Elinaldo e Helder - Compartilha Bahia","isPartOf":{"@id":"https:\/\/compartilhabahia.com.br\/#website"},"datePublished":"2024-06-09T23:40:08+00:00","dateModified":"2024-06-09T23:45:06+00:00","breadcrumb":{"@id":"https:\/\/compartilhabahia.com.br\/index.php\/2024\/06\/09\/falta-coerencia-na-proposta-de-matos\/#breadcrumb"},"inLanguage":"pt-BR","potentialAction":[{"@type":"ReadAction","target":["https:\/\/compartilhabahia.com.br\/index.php\/2024\/06\/09\/falta-coerencia-na-proposta-de-matos\/"]}]},{"@type":"BreadcrumbList","@id":"https:\/\/compartilhabahia.com.br\/index.php\/2024\/06\/09\/falta-coerencia-na-proposta-de-matos\/#breadcrumb","itemListElement":[{"@type":"ListItem","position":1,"name":"In\u00edcio","item":"https:\/\/compartilhabahia.com.br\/"},{"@type":"ListItem","position":2,"name":"Falta coer\u00eancia na proposta de Matos ao tentar ocultar Tude, Elinaldo e Helder"}]},{"@type":"WebSite","@id":"https:\/\/compartilhabahia.com.br\/#website","url":"https:\/\/compartilhabahia.com.br\/","name":"Compartilha Bahia","description":"","publisher":{"@id":"https:\/\/compartilhabahia.com.br\/#organization"},"potentialAction":[{"@type":"SearchAction","target":{"@type":"EntryPoint","urlTemplate":"https:\/\/compartilhabahia.com.br\/?s={search_term_string}"},"query-input":"required name=search_term_string"}],"inLanguage":"pt-BR"},{"@type":"Organization","@id":"https:\/\/compartilhabahia.com.br\/#organization","name":"Compartilha Bahia","url":"https:\/\/compartilhabahia.com.br\/","logo":{"@type":"ImageObject","inLanguage":"pt-BR","@id":"https:\/\/compartilhabahia.com.br\/#\/schema\/logo\/image\/","url":"https:\/\/compartilhabahia.com.br\/wp-content\/uploads\/2023\/12\/cropped-logo.png","contentUrl":"https:\/\/compartilhabahia.com.br\/wp-content\/uploads\/2023\/12\/cropped-logo.png","width":300,"height":106,"caption":"Compartilha Bahia"},"image":{"@id":"https:\/\/compartilhabahia.com.br\/#\/schema\/logo\/image\/"},"sameAs":["https:\/\/web.facebook.com\/compartilhabahia","https:\/\/www.instagram.com\/compartilhabahia\/"]},{"@type":"Person","@id":"https:\/\/compartilhabahia.com.br\/#\/schema\/person\/9b4f0c3178793b8248d6686732521c04","name":"admin","image":{"@type":"ImageObject","inLanguage":"pt-BR","@id":"https:\/\/compartilhabahia.com.br\/#\/schema\/person\/image\/","url":"https:\/\/secure.gravatar.com\/avatar\/9600df58751c5acbe914c538c03390ef649ea088cb65f84ba09c7ce66988eed6?s=96&d=mm&r=g","contentUrl":"https:\/\/secure.gravatar.com\/avatar\/9600df58751c5acbe914c538c03390ef649ea088cb65f84ba09c7ce66988eed6?s=96&d=mm&r=g","caption":"admin"},"sameAs":["https:\/\/compartilhabahia.com.br"],"url":"https:\/\/compartilhabahia.com.br\/index.php\/author\/compartilhabahia\/"}]}},"_links":{"self":[{"href":"https:\/\/compartilhabahia.com.br\/index.php\/wp-json\/wp\/v2\/posts\/2366","targetHints":{"allow":["GET"]}}],"collection":[{"href":"https:\/\/compartilhabahia.com.br\/index.php\/wp-json\/wp\/v2\/posts"}],"about":[{"href":"https:\/\/compartilhabahia.com.br\/index.php\/wp-json\/wp\/v2\/types\/post"}],"author":[{"embeddable":true,"href":"https:\/\/compartilhabahia.com.br\/index.php\/wp-json\/wp\/v2\/users\/1"}],"replies":[{"embeddable":true,"href":"https:\/\/compartilhabahia.com.br\/index.php\/wp-json\/wp\/v2\/comments?post=2366"}],"version-history":[{"count":3,"href":"https:\/\/compartilhabahia.com.br\/index.php\/wp-json\/wp\/v2\/posts\/2366\/revisions"}],"predecessor-version":[{"id":2371,"href":"https:\/\/compartilhabahia.com.br\/index.php\/wp-json\/wp\/v2\/posts\/2366\/revisions\/2371"}],"wp:featuredmedia":[{"embeddable":true,"href":"https:\/\/compartilhabahia.com.br\/index.php\/wp-json\/wp\/v2\/media\/2367"}],"wp:attachment":[{"href":"https:\/\/compartilhabahia.com.br\/index.php\/wp-json\/wp\/v2\/media?parent=2366"}],"wp:term":[{"taxonomy":"category","embeddable":true,"href":"https:\/\/compartilhabahia.com.br\/index.php\/wp-json\/wp\/v2\/categories?post=2366"},{"taxonomy":"post_tag","embeddable":true,"href":"https:\/\/compartilhabahia.com.br\/index.php\/wp-json\/wp\/v2\/tags?post=2366"}],"curies":[{"name":"wp","href":"https:\/\/api.w.org\/{rel}","templated":true}]}}