{"id":2344,"date":"2024-06-06T13:58:51","date_gmt":"2024-06-06T13:58:51","guid":{"rendered":"https:\/\/compartilhabahia.com.br\/?p=2344"},"modified":"2024-06-06T14:06:30","modified_gmt":"2024-06-06T14:06:30","slug":"ocilan-pinheiro-e-pre-candidato-a-vereador-no-grupo-de-luiz-caetano","status":"publish","type":"post","link":"https:\/\/compartilhabahia.com.br\/index.php\/2024\/06\/06\/ocilan-pinheiro-e-pre-candidato-a-vereador-no-grupo-de-luiz-caetano\/","title":{"rendered":"Ocilan Pinheiro \u00e9 pr\u00e9-candidato a vereador no grupo de Luiz Caetano"},"content":{"rendered":"\n<p>Filiado ao Avante, Ocilan Pinheiro \u00e9 empres\u00e1rio na regi\u00e3o do Parque das Mangabas, propriet\u00e1rio do restaurante Tempero Baiano, antigo Costela no Bafo na via Cascalheira. Ele esta engajado no projeto de mudan\u00e7a e de virar a chave de Cama\u00e7ari, liderado pelo pr\u00e9-candidato a prefeito Luiz Caetano.<\/p>\n\n\n\n<p>Ocilan tem como projeto ajudar tanto os empres\u00e1rios como a popula\u00e7\u00e3o em geral. Na verdade, ele entende que Cama\u00e7ari est\u00e1 t\u00e3o mal tratada pela atual gest\u00e3o, que quase todos os setores precisar\u00e3o de sua aten\u00e7\u00e3o como vereador.<\/p>\n\n\n\n<p><\/p>\n\n\n\n<p>A sa\u00fade dever\u00e1 ter uma aten\u00e7\u00e3o especial de Ocilan e Caetano, pois existem mais de 129 mil pessoas em Cama\u00e7ari, com algum problema de sa\u00fade, aguardando atendimento m\u00e9dico.<\/p>\n\n\n\n<p>A falta de transporte coletivo tamb\u00e9m foi um massacre, cometido pelo atual prefeito, sobre a popula\u00e7\u00e3o. \u00c9 um setor que precisar\u00e1 toda aten\u00e7\u00e3o de Caetano e Ocilon.<\/p>\n\n\n\n<p>@ocilanpinheiro<\/p>\n","protected":false},"excerpt":{"rendered":"<p>Filiado ao Avante, Ocilan Pinheiro \u00e9 empres\u00e1rio na regi\u00e3o do Parque das Mangabas, propriet\u00e1rio do restaurante Tempero Baiano, antigo Costela no Bafo na via Cascalheira. Ele esta engajado no projeto de mudan\u00e7a e de virar a chave de Cama\u00e7ari, liderado pelo pr\u00e9-candidato a prefeito Luiz Caetano. Ocilan tem como projeto ajudar tanto os empres\u00e1rios como [&hellip;]<\/p>\n","protected":false},"author":1,"featured_media":2345,"comment_status":"open","ping_status":"open","sticky":false,"template":"","format":"standard","meta":{"footnotes":""},"categories":[8],"tags":[],"class_list":["post-2344","post","type-post","status-publish","format-standard","has-post-thumbnail","hentry","category-camacari"],"yoast_head":"<!-- This site is optimized with the Yoast SEO plugin v21.7 - https:\/\/yoast.com\/wordpress\/plugins\/seo\/ -->\n<title>Ocilan Pinheiro \u00e9 pr\u00e9-candidato a vereador no grupo de Luiz Caetano - Compartilha Bahia<\/title>\n<meta name=\"robots\" content=\"index, follow, max-snippet:-1, max-image-preview:large, max-video-preview:-1\" \/>\n<link rel=\"canonical\" href=\"https:\/\/compartilhabahia.com.br\/index.php\/2024\/06\/06\/ocilan-pinheiro-e-pre-candidato-a-vereador-no-grupo-de-luiz-caetano\/\" \/>\n<meta property=\"og:locale\" content=\"pt_BR\" \/>\n<meta property=\"og:type\" content=\"article\" \/>\n<meta property=\"og:title\" content=\"Ocilan Pinheiro \u00e9 pr\u00e9-candidato a vereador no grupo de Luiz Caetano - Compartilha Bahia\" \/>\n<meta property=\"og:description\" content=\"Filiado ao Avante, Ocilan Pinheiro \u00e9 empres\u00e1rio na regi\u00e3o do Parque das Mangabas, propriet\u00e1rio do restaurante Tempero Baiano, antigo Costela no Bafo na via Cascalheira. Ele esta engajado no projeto de mudan\u00e7a e de virar a chave de Cama\u00e7ari, liderado pelo pr\u00e9-candidato a prefeito Luiz Caetano. Ocilan tem como projeto ajudar tanto os empres\u00e1rios como [&hellip;]\" \/>\n<meta property=\"og:url\" content=\"https:\/\/compartilhabahia.com.br\/index.php\/2024\/06\/06\/ocilan-pinheiro-e-pre-candidato-a-vereador-no-grupo-de-luiz-caetano\/\" \/>\n<meta property=\"og:site_name\" content=\"Compartilha Bahia\" \/>\n<meta property=\"article:publisher\" content=\"https:\/\/web.facebook.com\/compartilhabahia\" \/>\n<meta property=\"article:published_time\" content=\"2024-06-06T13:58:51+00:00\" \/>\n<meta property=\"article:modified_time\" content=\"2024-06-06T14:06:30+00:00\" \/>\n<meta property=\"og:image\" content=\"https:\/\/compartilhabahia.com.br\/wp-content\/uploads\/2024\/06\/ociloncaetano.jpg\" \/>\n\t<meta property=\"og:image:width\" content=\"1350\" \/>\n\t<meta property=\"og:image:height\" content=\"1350\" \/>\n\t<meta property=\"og:image:type\" content=\"image\/jpeg\" \/>\n<meta name=\"author\" content=\"admin\" \/>\n<meta name=\"twitter:card\" content=\"summary_large_image\" \/>\n<meta name=\"twitter:label1\" content=\"Escrito por\" \/>\n\t<meta name=\"twitter:data1\" content=\"admin\" \/>\n\t<meta name=\"twitter:label2\" content=\"Est. tempo de leitura\" \/>\n\t<meta name=\"twitter:data2\" content=\"1 minuto\" \/>\n<script type=\"application\/ld+json\" class=\"yoast-schema-graph\">{\"@context\":\"https:\/\/schema.org\",\"@graph\":[{\"@type\":\"Article\",\"@id\":\"https:\/\/compartilhabahia.com.br\/index.php\/2024\/06\/06\/ocilan-pinheiro-e-pre-candidato-a-vereador-no-grupo-de-luiz-caetano\/#article\",\"isPartOf\":{\"@id\":\"https:\/\/compartilhabahia.com.br\/index.php\/2024\/06\/06\/ocilan-pinheiro-e-pre-candidato-a-vereador-no-grupo-de-luiz-caetano\/\"},\"author\":{\"name\":\"admin\",\"@id\":\"https:\/\/compartilhabahia.com.br\/#\/schema\/person\/9b4f0c3178793b8248d6686732521c04\"},\"headline\":\"Ocilan Pinheiro \u00e9 pr\u00e9-candidato a vereador no grupo de Luiz Caetano\",\"datePublished\":\"2024-06-06T13:58:51+00:00\",\"dateModified\":\"2024-06-06T14:06:30+00:00\",\"mainEntityOfPage\":{\"@id\":\"https:\/\/compartilhabahia.com.br\/index.php\/2024\/06\/06\/ocilan-pinheiro-e-pre-candidato-a-vereador-no-grupo-de-luiz-caetano\/\"},\"wordCount\":168,\"commentCount\":0,\"publisher\":{\"@id\":\"https:\/\/compartilhabahia.com.br\/#organization\"},\"articleSection\":[\"Cama\u00e7ari\"],\"inLanguage\":\"pt-BR\",\"potentialAction\":[{\"@type\":\"CommentAction\",\"name\":\"Comment\",\"target\":[\"https:\/\/compartilhabahia.com.br\/index.php\/2024\/06\/06\/ocilan-pinheiro-e-pre-candidato-a-vereador-no-grupo-de-luiz-caetano\/#respond\"]}]},{\"@type\":\"WebPage\",\"@id\":\"https:\/\/compartilhabahia.com.br\/index.php\/2024\/06\/06\/ocilan-pinheiro-e-pre-candidato-a-vereador-no-grupo-de-luiz-caetano\/\",\"url\":\"https:\/\/compartilhabahia.com.br\/index.php\/2024\/06\/06\/ocilan-pinheiro-e-pre-candidato-a-vereador-no-grupo-de-luiz-caetano\/\",\"name\":\"Ocilan Pinheiro \u00e9 pr\u00e9-candidato a vereador no grupo de Luiz Caetano - Compartilha Bahia\",\"isPartOf\":{\"@id\":\"https:\/\/compartilhabahia.com.br\/#website\"},\"datePublished\":\"2024-06-06T13:58:51+00:00\",\"dateModified\":\"2024-06-06T14:06:30+00:00\",\"breadcrumb\":{\"@id\":\"https:\/\/compartilhabahia.com.br\/index.php\/2024\/06\/06\/ocilan-pinheiro-e-pre-candidato-a-vereador-no-grupo-de-luiz-caetano\/#breadcrumb\"},\"inLanguage\":\"pt-BR\",\"potentialAction\":[{\"@type\":\"ReadAction\",\"target\":[\"https:\/\/compartilhabahia.com.br\/index.php\/2024\/06\/06\/ocilan-pinheiro-e-pre-candidato-a-vereador-no-grupo-de-luiz-caetano\/\"]}]},{\"@type\":\"BreadcrumbList\",\"@id\":\"https:\/\/compartilhabahia.com.br\/index.php\/2024\/06\/06\/ocilan-pinheiro-e-pre-candidato-a-vereador-no-grupo-de-luiz-caetano\/#breadcrumb\",\"itemListElement\":[{\"@type\":\"ListItem\",\"position\":1,\"name\":\"In\u00edcio\",\"item\":\"https:\/\/compartilhabahia.com.br\/\"},{\"@type\":\"ListItem\",\"position\":2,\"name\":\"Ocilan Pinheiro \u00e9 pr\u00e9-candidato a vereador no grupo de Luiz Caetano\"}]},{\"@type\":\"WebSite\",\"@id\":\"https:\/\/compartilhabahia.com.br\/#website\",\"url\":\"https:\/\/compartilhabahia.com.br\/\",\"name\":\"Compartilha Bahia\",\"description\":\"\",\"publisher\":{\"@id\":\"https:\/\/compartilhabahia.com.br\/#organization\"},\"potentialAction\":[{\"@type\":\"SearchAction\",\"target\":{\"@type\":\"EntryPoint\",\"urlTemplate\":\"https:\/\/compartilhabahia.com.br\/?s={search_term_string}\"},\"query-input\":\"required name=search_term_string\"}],\"inLanguage\":\"pt-BR\"},{\"@type\":\"Organization\",\"@id\":\"https:\/\/compartilhabahia.com.br\/#organization\",\"name\":\"Compartilha Bahia\",\"url\":\"https:\/\/compartilhabahia.com.br\/\",\"logo\":{\"@type\":\"ImageObject\",\"inLanguage\":\"pt-BR\",\"@id\":\"https:\/\/compartilhabahia.com.br\/#\/schema\/logo\/image\/\",\"url\":\"https:\/\/compartilhabahia.com.br\/wp-content\/uploads\/2023\/12\/cropped-logo.png\",\"contentUrl\":\"https:\/\/compartilhabahia.com.br\/wp-content\/uploads\/2023\/12\/cropped-logo.png\",\"width\":300,\"height\":106,\"caption\":\"Compartilha Bahia\"},\"image\":{\"@id\":\"https:\/\/compartilhabahia.com.br\/#\/schema\/logo\/image\/\"},\"sameAs\":[\"https:\/\/web.facebook.com\/compartilhabahia\",\"https:\/\/www.instagram.com\/compartilhabahia\/\"]},{\"@type\":\"Person\",\"@id\":\"https:\/\/compartilhabahia.com.br\/#\/schema\/person\/9b4f0c3178793b8248d6686732521c04\",\"name\":\"admin\",\"image\":{\"@type\":\"ImageObject\",\"inLanguage\":\"pt-BR\",\"@id\":\"https:\/\/compartilhabahia.com.br\/#\/schema\/person\/image\/\",\"url\":\"https:\/\/secure.gravatar.com\/avatar\/9600df58751c5acbe914c538c03390ef649ea088cb65f84ba09c7ce66988eed6?s=96&d=mm&r=g\",\"contentUrl\":\"https:\/\/secure.gravatar.com\/avatar\/9600df58751c5acbe914c538c03390ef649ea088cb65f84ba09c7ce66988eed6?s=96&d=mm&r=g\",\"caption\":\"admin\"},\"sameAs\":[\"https:\/\/compartilhabahia.com.br\"],\"url\":\"https:\/\/compartilhabahia.com.br\/index.php\/author\/compartilhabahia\/\"}]}<\/script>\n<!-- \/ Yoast SEO plugin. -->","yoast_head_json":{"title":"Ocilan Pinheiro \u00e9 pr\u00e9-candidato a vereador no grupo de Luiz Caetano - Compartilha Bahia","robots":{"index":"index","follow":"follow","max-snippet":"max-snippet:-1","max-image-preview":"max-image-preview:large","max-video-preview":"max-video-preview:-1"},"canonical":"https:\/\/compartilhabahia.com.br\/index.php\/2024\/06\/06\/ocilan-pinheiro-e-pre-candidato-a-vereador-no-grupo-de-luiz-caetano\/","og_locale":"pt_BR","og_type":"article","og_title":"Ocilan Pinheiro \u00e9 pr\u00e9-candidato a vereador no grupo de Luiz Caetano - Compartilha Bahia","og_description":"Filiado ao Avante, Ocilan Pinheiro \u00e9 empres\u00e1rio na regi\u00e3o do Parque das Mangabas, propriet\u00e1rio do restaurante Tempero Baiano, antigo Costela no Bafo na via Cascalheira. Ele esta engajado no projeto de mudan\u00e7a e de virar a chave de Cama\u00e7ari, liderado pelo pr\u00e9-candidato a prefeito Luiz Caetano. Ocilan tem como projeto ajudar tanto os empres\u00e1rios como [&hellip;]","og_url":"https:\/\/compartilhabahia.com.br\/index.php\/2024\/06\/06\/ocilan-pinheiro-e-pre-candidato-a-vereador-no-grupo-de-luiz-caetano\/","og_site_name":"Compartilha Bahia","article_publisher":"https:\/\/web.facebook.com\/compartilhabahia","article_published_time":"2024-06-06T13:58:51+00:00","article_modified_time":"2024-06-06T14:06:30+00:00","og_image":[{"width":1350,"height":1350,"url":"https:\/\/compartilhabahia.com.br\/wp-content\/uploads\/2024\/06\/ociloncaetano.jpg","type":"image\/jpeg"}],"author":"admin","twitter_card":"summary_large_image","twitter_misc":{"Escrito por":"admin","Est. tempo de leitura":"1 minuto"},"schema":{"@context":"https:\/\/schema.org","@graph":[{"@type":"Article","@id":"https:\/\/compartilhabahia.com.br\/index.php\/2024\/06\/06\/ocilan-pinheiro-e-pre-candidato-a-vereador-no-grupo-de-luiz-caetano\/#article","isPartOf":{"@id":"https:\/\/compartilhabahia.com.br\/index.php\/2024\/06\/06\/ocilan-pinheiro-e-pre-candidato-a-vereador-no-grupo-de-luiz-caetano\/"},"author":{"name":"admin","@id":"https:\/\/compartilhabahia.com.br\/#\/schema\/person\/9b4f0c3178793b8248d6686732521c04"},"headline":"Ocilan Pinheiro \u00e9 pr\u00e9-candidato a vereador no grupo de Luiz Caetano","datePublished":"2024-06-06T13:58:51+00:00","dateModified":"2024-06-06T14:06:30+00:00","mainEntityOfPage":{"@id":"https:\/\/compartilhabahia.com.br\/index.php\/2024\/06\/06\/ocilan-pinheiro-e-pre-candidato-a-vereador-no-grupo-de-luiz-caetano\/"},"wordCount":168,"commentCount":0,"publisher":{"@id":"https:\/\/compartilhabahia.com.br\/#organization"},"articleSection":["Cama\u00e7ari"],"inLanguage":"pt-BR","potentialAction":[{"@type":"CommentAction","name":"Comment","target":["https:\/\/compartilhabahia.com.br\/index.php\/2024\/06\/06\/ocilan-pinheiro-e-pre-candidato-a-vereador-no-grupo-de-luiz-caetano\/#respond"]}]},{"@type":"WebPage","@id":"https:\/\/compartilhabahia.com.br\/index.php\/2024\/06\/06\/ocilan-pinheiro-e-pre-candidato-a-vereador-no-grupo-de-luiz-caetano\/","url":"https:\/\/compartilhabahia.com.br\/index.php\/2024\/06\/06\/ocilan-pinheiro-e-pre-candidato-a-vereador-no-grupo-de-luiz-caetano\/","name":"Ocilan Pinheiro \u00e9 pr\u00e9-candidato a vereador no grupo de Luiz Caetano - Compartilha Bahia","isPartOf":{"@id":"https:\/\/compartilhabahia.com.br\/#website"},"datePublished":"2024-06-06T13:58:51+00:00","dateModified":"2024-06-06T14:06:30+00:00","breadcrumb":{"@id":"https:\/\/compartilhabahia.com.br\/index.php\/2024\/06\/06\/ocilan-pinheiro-e-pre-candidato-a-vereador-no-grupo-de-luiz-caetano\/#breadcrumb"},"inLanguage":"pt-BR","potentialAction":[{"@type":"ReadAction","target":["https:\/\/compartilhabahia.com.br\/index.php\/2024\/06\/06\/ocilan-pinheiro-e-pre-candidato-a-vereador-no-grupo-de-luiz-caetano\/"]}]},{"@type":"BreadcrumbList","@id":"https:\/\/compartilhabahia.com.br\/index.php\/2024\/06\/06\/ocilan-pinheiro-e-pre-candidato-a-vereador-no-grupo-de-luiz-caetano\/#breadcrumb","itemListElement":[{"@type":"ListItem","position":1,"name":"In\u00edcio","item":"https:\/\/compartilhabahia.com.br\/"},{"@type":"ListItem","position":2,"name":"Ocilan Pinheiro \u00e9 pr\u00e9-candidato a vereador no grupo de Luiz Caetano"}]},{"@type":"WebSite","@id":"https:\/\/compartilhabahia.com.br\/#website","url":"https:\/\/compartilhabahia.com.br\/","name":"Compartilha Bahia","description":"","publisher":{"@id":"https:\/\/compartilhabahia.com.br\/#organization"},"potentialAction":[{"@type":"SearchAction","target":{"@type":"EntryPoint","urlTemplate":"https:\/\/compartilhabahia.com.br\/?s={search_term_string}"},"query-input":"required name=search_term_string"}],"inLanguage":"pt-BR"},{"@type":"Organization","@id":"https:\/\/compartilhabahia.com.br\/#organization","name":"Compartilha Bahia","url":"https:\/\/compartilhabahia.com.br\/","logo":{"@type":"ImageObject","inLanguage":"pt-BR","@id":"https:\/\/compartilhabahia.com.br\/#\/schema\/logo\/image\/","url":"https:\/\/compartilhabahia.com.br\/wp-content\/uploads\/2023\/12\/cropped-logo.png","contentUrl":"https:\/\/compartilhabahia.com.br\/wp-content\/uploads\/2023\/12\/cropped-logo.png","width":300,"height":106,"caption":"Compartilha Bahia"},"image":{"@id":"https:\/\/compartilhabahia.com.br\/#\/schema\/logo\/image\/"},"sameAs":["https:\/\/web.facebook.com\/compartilhabahia","https:\/\/www.instagram.com\/compartilhabahia\/"]},{"@type":"Person","@id":"https:\/\/compartilhabahia.com.br\/#\/schema\/person\/9b4f0c3178793b8248d6686732521c04","name":"admin","image":{"@type":"ImageObject","inLanguage":"pt-BR","@id":"https:\/\/compartilhabahia.com.br\/#\/schema\/person\/image\/","url":"https:\/\/secure.gravatar.com\/avatar\/9600df58751c5acbe914c538c03390ef649ea088cb65f84ba09c7ce66988eed6?s=96&d=mm&r=g","contentUrl":"https:\/\/secure.gravatar.com\/avatar\/9600df58751c5acbe914c538c03390ef649ea088cb65f84ba09c7ce66988eed6?s=96&d=mm&r=g","caption":"admin"},"sameAs":["https:\/\/compartilhabahia.com.br"],"url":"https:\/\/compartilhabahia.com.br\/index.php\/author\/compartilhabahia\/"}]}},"_links":{"self":[{"href":"https:\/\/compartilhabahia.com.br\/index.php\/wp-json\/wp\/v2\/posts\/2344","targetHints":{"allow":["GET"]}}],"collection":[{"href":"https:\/\/compartilhabahia.com.br\/index.php\/wp-json\/wp\/v2\/posts"}],"about":[{"href":"https:\/\/compartilhabahia.com.br\/index.php\/wp-json\/wp\/v2\/types\/post"}],"author":[{"embeddable":true,"href":"https:\/\/compartilhabahia.com.br\/index.php\/wp-json\/wp\/v2\/users\/1"}],"replies":[{"embeddable":true,"href":"https:\/\/compartilhabahia.com.br\/index.php\/wp-json\/wp\/v2\/comments?post=2344"}],"version-history":[{"count":2,"href":"https:\/\/compartilhabahia.com.br\/index.php\/wp-json\/wp\/v2\/posts\/2344\/revisions"}],"predecessor-version":[{"id":2348,"href":"https:\/\/compartilhabahia.com.br\/index.php\/wp-json\/wp\/v2\/posts\/2344\/revisions\/2348"}],"wp:featuredmedia":[{"embeddable":true,"href":"https:\/\/compartilhabahia.com.br\/index.php\/wp-json\/wp\/v2\/media\/2345"}],"wp:attachment":[{"href":"https:\/\/compartilhabahia.com.br\/index.php\/wp-json\/wp\/v2\/media?parent=2344"}],"wp:term":[{"taxonomy":"category","embeddable":true,"href":"https:\/\/compartilhabahia.com.br\/index.php\/wp-json\/wp\/v2\/categories?post=2344"},{"taxonomy":"post_tag","embeddable":true,"href":"https:\/\/compartilhabahia.com.br\/index.php\/wp-json\/wp\/v2\/tags?post=2344"}],"curies":[{"name":"wp","href":"https:\/\/api.w.org\/{rel}","templated":true}]}}