{"id":2278,"date":"2024-06-02T00:20:34","date_gmt":"2024-06-02T00:20:34","guid":{"rendered":"https:\/\/compartilhabahia.com.br\/?p=2278"},"modified":"2024-06-02T00:20:35","modified_gmt":"2024-06-02T00:20:35","slug":"inauguracao-da-vila-junina-abre-temporada-de-sao-joao-no-boulevard-camacari","status":"publish","type":"post","link":"https:\/\/compartilhabahia.com.br\/index.php\/2024\/06\/02\/inauguracao-da-vila-junina-abre-temporada-de-sao-joao-no-boulevard-camacari\/","title":{"rendered":"Inaugura\u00e7\u00e3o da Vila Junina abre temporada de S\u00e3o Jo\u00e3o no Boulevard Cama\u00e7ari"},"content":{"rendered":"\n<p>O p\u00fablico j\u00e1 pode tirar do guarda-roupa as camisas quadriculadas, vestidos estampados e as botas de caub\u00f3i, porque a inaugura\u00e7\u00e3o da tradicional Vila Junina, do Boulevard Shopping Cama\u00e7ari, abrir\u00e1 a programa\u00e7\u00e3o de junho do empreendimento no melhor estilo. O espa\u00e7o, decorado especialmente para o per\u00edodo, ficar\u00e1 localizado na pra\u00e7a de eventos, no piso t\u00e9rreo, e come\u00e7ou a funcionar neste s\u00e1bado (1), a partir das 9h, com uma variedade de barracas de artesanato, produtos t\u00edpicos e comidas e bebidas da \u00e9poca.<\/p>\n\n\n\n<p><strong>Programa\u00e7\u00e3o Musical<\/strong><\/p>\n\n\n\n<p>Um dia antes, na sexta-feira (31), os visitantes se despediram do m\u00eas de maio com a apresenta\u00e7\u00e3o\u00a0do cantor\u00a0Alexandrino,\u00a0que subir\u00e1 ao palco das 19h \u00e0s 21h. No s\u00e1bado (1), a temporada de forr\u00f3 do happy hour ser\u00e1 oficialmente iniciada com o show de Mell Ara\u00fajo, que retorna ao Boulevard para divertir a plateia com um repert\u00f3rio repleto de hits do S\u00e3o Jo\u00e3o. As atra\u00e7\u00f5es s\u00e3o gratuitas e ser\u00e3o realizadas na pra\u00e7a de alimenta\u00e7\u00e3o.<\/p>\n\n\n\n<p>A agenda musical continuou a todo vapor no empreendimento. Tamb\u00e9m no s\u00e1bado, das 19h \u00e0s 21h, o trio Diagonais do Forr\u00f3 estreou o palco da Vila Junina com o aut\u00eantico forr\u00f3 p\u00e9 de serra. J\u00e1 no domingo (2), no mesmo local, o arrasta-p\u00e9 fica por conta do grupo Simp\u00e1ticos do Forr\u00f3, que vai embalar o p\u00fablico presente das 19h \u00e0s\u00a021h.<\/p>\n\n\n\n<p>Mais cedo, no mesmo dia, a atmosfera junina tamb\u00e9m tomar\u00e1 conta do Domingok\u00ea, uma das atividades mais populares da programa\u00e7\u00e3o de entretenimento do Boulevard, em que os cantores amadores t\u00eam um espa\u00e7o garantido no palco do happy hour, onde podem soltar a voz e se divertir ao lado de pessoas queridas. Seja sertanejo, forr\u00f3 ou piseiro, os participantes podem escolher suas m\u00fasicas favoritas, deixar a timidez de lado e assumir o vocal. A atra\u00e7\u00e3o \u00e9 totalmente gratuita e acontecer\u00e1 das 16h \u00e0s 21h, na pra\u00e7a de alimenta\u00e7\u00e3o.&nbsp;<\/p>\n\n\n\n<p><strong>Esquenta de S\u00e3o Jo\u00e3o&nbsp;do P\u00e9 de Lata<\/strong><\/p>\n\n\n\n<p>As crian\u00e7as tamb\u00e9m entrar\u00e3o no clima festivo com a programa\u00e7\u00e3o infantil preparada especialmente para elas. No domingo, o Esquenta de S\u00e3o Jo\u00e3o, comandado pela&nbsp;turma do P\u00e9 de Lata, convida meninos e meninas para uma tarde de divers\u00e3o com dan\u00e7as t\u00edpicas e brincadeiras tradicionais. Os pequenos podem aproveitar para caprichar no visual caipira com la\u00e7os, chap\u00e9us de palha, tran\u00e7as no cabelo, roupas coloridas e muito mais. O evento \u00e9 gratuito e ser\u00e1 realizado no Espa\u00e7o Kids, em frente \u00e0 Riachuelo, das 16h \u00e0s 17h30.<\/p>\n","protected":false},"excerpt":{"rendered":"<p>O p\u00fablico j\u00e1 pode tirar do guarda-roupa as camisas quadriculadas, vestidos estampados e as botas de caub\u00f3i, porque a inaugura\u00e7\u00e3o da tradicional Vila Junina, do Boulevard Shopping Cama\u00e7ari, abrir\u00e1 a programa\u00e7\u00e3o de junho do empreendimento no melhor estilo. O espa\u00e7o, decorado especialmente para o per\u00edodo, ficar\u00e1 localizado na pra\u00e7a de eventos, no piso t\u00e9rreo, e [&hellip;]<\/p>\n","protected":false},"author":1,"featured_media":2279,"comment_status":"open","ping_status":"open","sticky":false,"template":"","format":"standard","meta":{"footnotes":""},"categories":[8],"tags":[],"class_list":["post-2278","post","type-post","status-publish","format-standard","has-post-thumbnail","hentry","category-camacari"],"yoast_head":"<!-- This site is optimized with the Yoast SEO plugin v21.7 - https:\/\/yoast.com\/wordpress\/plugins\/seo\/ -->\n<title>Inaugura\u00e7\u00e3o da Vila Junina abre temporada de S\u00e3o Jo\u00e3o no Boulevard Cama\u00e7ari - Compartilha Bahia<\/title>\n<meta name=\"robots\" content=\"index, follow, max-snippet:-1, max-image-preview:large, max-video-preview:-1\" \/>\n<link rel=\"canonical\" href=\"https:\/\/compartilhabahia.com.br\/index.php\/2024\/06\/02\/inauguracao-da-vila-junina-abre-temporada-de-sao-joao-no-boulevard-camacari\/\" \/>\n<meta property=\"og:locale\" content=\"pt_BR\" \/>\n<meta property=\"og:type\" content=\"article\" \/>\n<meta property=\"og:title\" content=\"Inaugura\u00e7\u00e3o da Vila Junina abre temporada de S\u00e3o Jo\u00e3o no Boulevard Cama\u00e7ari - Compartilha Bahia\" \/>\n<meta property=\"og:description\" content=\"O p\u00fablico j\u00e1 pode tirar do guarda-roupa as camisas quadriculadas, vestidos estampados e as botas de caub\u00f3i, porque a inaugura\u00e7\u00e3o da tradicional Vila Junina, do Boulevard Shopping Cama\u00e7ari, abrir\u00e1 a programa\u00e7\u00e3o de junho do empreendimento no melhor estilo. O espa\u00e7o, decorado especialmente para o per\u00edodo, ficar\u00e1 localizado na pra\u00e7a de eventos, no piso t\u00e9rreo, e [&hellip;]\" \/>\n<meta property=\"og:url\" content=\"https:\/\/compartilhabahia.com.br\/index.php\/2024\/06\/02\/inauguracao-da-vila-junina-abre-temporada-de-sao-joao-no-boulevard-camacari\/\" \/>\n<meta property=\"og:site_name\" content=\"Compartilha Bahia\" \/>\n<meta property=\"article:publisher\" content=\"https:\/\/web.facebook.com\/compartilhabahia\" \/>\n<meta property=\"article:published_time\" content=\"2024-06-02T00:20:34+00:00\" \/>\n<meta property=\"article:modified_time\" content=\"2024-06-02T00:20:35+00:00\" \/>\n<meta property=\"og:image\" content=\"https:\/\/compartilhabahia.com.br\/wp-content\/uploads\/2024\/06\/IMG_9877.jpg\" \/>\n\t<meta property=\"og:image:width\" content=\"1500\" \/>\n\t<meta property=\"og:image:height\" content=\"1000\" \/>\n\t<meta property=\"og:image:type\" content=\"image\/jpeg\" \/>\n<meta name=\"author\" content=\"admin\" \/>\n<meta name=\"twitter:card\" content=\"summary_large_image\" \/>\n<meta name=\"twitter:label1\" content=\"Escrito por\" \/>\n\t<meta name=\"twitter:data1\" content=\"admin\" \/>\n\t<meta name=\"twitter:label2\" content=\"Est. tempo de leitura\" \/>\n\t<meta name=\"twitter:data2\" content=\"3 minutos\" \/>\n<script type=\"application\/ld+json\" class=\"yoast-schema-graph\">{\"@context\":\"https:\/\/schema.org\",\"@graph\":[{\"@type\":\"Article\",\"@id\":\"https:\/\/compartilhabahia.com.br\/index.php\/2024\/06\/02\/inauguracao-da-vila-junina-abre-temporada-de-sao-joao-no-boulevard-camacari\/#article\",\"isPartOf\":{\"@id\":\"https:\/\/compartilhabahia.com.br\/index.php\/2024\/06\/02\/inauguracao-da-vila-junina-abre-temporada-de-sao-joao-no-boulevard-camacari\/\"},\"author\":{\"name\":\"admin\",\"@id\":\"https:\/\/compartilhabahia.com.br\/#\/schema\/person\/9b4f0c3178793b8248d6686732521c04\"},\"headline\":\"Inaugura\u00e7\u00e3o da Vila Junina abre temporada de S\u00e3o Jo\u00e3o no Boulevard Cama\u00e7ari\",\"datePublished\":\"2024-06-02T00:20:34+00:00\",\"dateModified\":\"2024-06-02T00:20:35+00:00\",\"mainEntityOfPage\":{\"@id\":\"https:\/\/compartilhabahia.com.br\/index.php\/2024\/06\/02\/inauguracao-da-vila-junina-abre-temporada-de-sao-joao-no-boulevard-camacari\/\"},\"wordCount\":462,\"commentCount\":0,\"publisher\":{\"@id\":\"https:\/\/compartilhabahia.com.br\/#organization\"},\"articleSection\":[\"Cama\u00e7ari\"],\"inLanguage\":\"pt-BR\",\"potentialAction\":[{\"@type\":\"CommentAction\",\"name\":\"Comment\",\"target\":[\"https:\/\/compartilhabahia.com.br\/index.php\/2024\/06\/02\/inauguracao-da-vila-junina-abre-temporada-de-sao-joao-no-boulevard-camacari\/#respond\"]}]},{\"@type\":\"WebPage\",\"@id\":\"https:\/\/compartilhabahia.com.br\/index.php\/2024\/06\/02\/inauguracao-da-vila-junina-abre-temporada-de-sao-joao-no-boulevard-camacari\/\",\"url\":\"https:\/\/compartilhabahia.com.br\/index.php\/2024\/06\/02\/inauguracao-da-vila-junina-abre-temporada-de-sao-joao-no-boulevard-camacari\/\",\"name\":\"Inaugura\u00e7\u00e3o da Vila Junina abre temporada de S\u00e3o Jo\u00e3o no Boulevard Cama\u00e7ari - Compartilha Bahia\",\"isPartOf\":{\"@id\":\"https:\/\/compartilhabahia.com.br\/#website\"},\"datePublished\":\"2024-06-02T00:20:34+00:00\",\"dateModified\":\"2024-06-02T00:20:35+00:00\",\"breadcrumb\":{\"@id\":\"https:\/\/compartilhabahia.com.br\/index.php\/2024\/06\/02\/inauguracao-da-vila-junina-abre-temporada-de-sao-joao-no-boulevard-camacari\/#breadcrumb\"},\"inLanguage\":\"pt-BR\",\"potentialAction\":[{\"@type\":\"ReadAction\",\"target\":[\"https:\/\/compartilhabahia.com.br\/index.php\/2024\/06\/02\/inauguracao-da-vila-junina-abre-temporada-de-sao-joao-no-boulevard-camacari\/\"]}]},{\"@type\":\"BreadcrumbList\",\"@id\":\"https:\/\/compartilhabahia.com.br\/index.php\/2024\/06\/02\/inauguracao-da-vila-junina-abre-temporada-de-sao-joao-no-boulevard-camacari\/#breadcrumb\",\"itemListElement\":[{\"@type\":\"ListItem\",\"position\":1,\"name\":\"In\u00edcio\",\"item\":\"https:\/\/compartilhabahia.com.br\/\"},{\"@type\":\"ListItem\",\"position\":2,\"name\":\"Inaugura\u00e7\u00e3o da Vila Junina abre temporada de S\u00e3o Jo\u00e3o no Boulevard Cama\u00e7ari\"}]},{\"@type\":\"WebSite\",\"@id\":\"https:\/\/compartilhabahia.com.br\/#website\",\"url\":\"https:\/\/compartilhabahia.com.br\/\",\"name\":\"Compartilha Bahia\",\"description\":\"\",\"publisher\":{\"@id\":\"https:\/\/compartilhabahia.com.br\/#organization\"},\"potentialAction\":[{\"@type\":\"SearchAction\",\"target\":{\"@type\":\"EntryPoint\",\"urlTemplate\":\"https:\/\/compartilhabahia.com.br\/?s={search_term_string}\"},\"query-input\":\"required name=search_term_string\"}],\"inLanguage\":\"pt-BR\"},{\"@type\":\"Organization\",\"@id\":\"https:\/\/compartilhabahia.com.br\/#organization\",\"name\":\"Compartilha Bahia\",\"url\":\"https:\/\/compartilhabahia.com.br\/\",\"logo\":{\"@type\":\"ImageObject\",\"inLanguage\":\"pt-BR\",\"@id\":\"https:\/\/compartilhabahia.com.br\/#\/schema\/logo\/image\/\",\"url\":\"https:\/\/compartilhabahia.com.br\/wp-content\/uploads\/2023\/12\/cropped-logo.png\",\"contentUrl\":\"https:\/\/compartilhabahia.com.br\/wp-content\/uploads\/2023\/12\/cropped-logo.png\",\"width\":300,\"height\":106,\"caption\":\"Compartilha Bahia\"},\"image\":{\"@id\":\"https:\/\/compartilhabahia.com.br\/#\/schema\/logo\/image\/\"},\"sameAs\":[\"https:\/\/web.facebook.com\/compartilhabahia\",\"https:\/\/www.instagram.com\/compartilhabahia\/\"]},{\"@type\":\"Person\",\"@id\":\"https:\/\/compartilhabahia.com.br\/#\/schema\/person\/9b4f0c3178793b8248d6686732521c04\",\"name\":\"admin\",\"image\":{\"@type\":\"ImageObject\",\"inLanguage\":\"pt-BR\",\"@id\":\"https:\/\/compartilhabahia.com.br\/#\/schema\/person\/image\/\",\"url\":\"https:\/\/secure.gravatar.com\/avatar\/9600df58751c5acbe914c538c03390ef649ea088cb65f84ba09c7ce66988eed6?s=96&d=mm&r=g\",\"contentUrl\":\"https:\/\/secure.gravatar.com\/avatar\/9600df58751c5acbe914c538c03390ef649ea088cb65f84ba09c7ce66988eed6?s=96&d=mm&r=g\",\"caption\":\"admin\"},\"sameAs\":[\"https:\/\/compartilhabahia.com.br\"],\"url\":\"https:\/\/compartilhabahia.com.br\/index.php\/author\/compartilhabahia\/\"}]}<\/script>\n<!-- \/ Yoast SEO plugin. -->","yoast_head_json":{"title":"Inaugura\u00e7\u00e3o da Vila Junina abre temporada de S\u00e3o Jo\u00e3o no Boulevard Cama\u00e7ari - Compartilha Bahia","robots":{"index":"index","follow":"follow","max-snippet":"max-snippet:-1","max-image-preview":"max-image-preview:large","max-video-preview":"max-video-preview:-1"},"canonical":"https:\/\/compartilhabahia.com.br\/index.php\/2024\/06\/02\/inauguracao-da-vila-junina-abre-temporada-de-sao-joao-no-boulevard-camacari\/","og_locale":"pt_BR","og_type":"article","og_title":"Inaugura\u00e7\u00e3o da Vila Junina abre temporada de S\u00e3o Jo\u00e3o no Boulevard Cama\u00e7ari - Compartilha Bahia","og_description":"O p\u00fablico j\u00e1 pode tirar do guarda-roupa as camisas quadriculadas, vestidos estampados e as botas de caub\u00f3i, porque a inaugura\u00e7\u00e3o da tradicional Vila Junina, do Boulevard Shopping Cama\u00e7ari, abrir\u00e1 a programa\u00e7\u00e3o de junho do empreendimento no melhor estilo. O espa\u00e7o, decorado especialmente para o per\u00edodo, ficar\u00e1 localizado na pra\u00e7a de eventos, no piso t\u00e9rreo, e [&hellip;]","og_url":"https:\/\/compartilhabahia.com.br\/index.php\/2024\/06\/02\/inauguracao-da-vila-junina-abre-temporada-de-sao-joao-no-boulevard-camacari\/","og_site_name":"Compartilha Bahia","article_publisher":"https:\/\/web.facebook.com\/compartilhabahia","article_published_time":"2024-06-02T00:20:34+00:00","article_modified_time":"2024-06-02T00:20:35+00:00","og_image":[{"width":1500,"height":1000,"url":"https:\/\/compartilhabahia.com.br\/wp-content\/uploads\/2024\/06\/IMG_9877.jpg","type":"image\/jpeg"}],"author":"admin","twitter_card":"summary_large_image","twitter_misc":{"Escrito por":"admin","Est. tempo de leitura":"3 minutos"},"schema":{"@context":"https:\/\/schema.org","@graph":[{"@type":"Article","@id":"https:\/\/compartilhabahia.com.br\/index.php\/2024\/06\/02\/inauguracao-da-vila-junina-abre-temporada-de-sao-joao-no-boulevard-camacari\/#article","isPartOf":{"@id":"https:\/\/compartilhabahia.com.br\/index.php\/2024\/06\/02\/inauguracao-da-vila-junina-abre-temporada-de-sao-joao-no-boulevard-camacari\/"},"author":{"name":"admin","@id":"https:\/\/compartilhabahia.com.br\/#\/schema\/person\/9b4f0c3178793b8248d6686732521c04"},"headline":"Inaugura\u00e7\u00e3o da Vila Junina abre temporada de S\u00e3o Jo\u00e3o no Boulevard Cama\u00e7ari","datePublished":"2024-06-02T00:20:34+00:00","dateModified":"2024-06-02T00:20:35+00:00","mainEntityOfPage":{"@id":"https:\/\/compartilhabahia.com.br\/index.php\/2024\/06\/02\/inauguracao-da-vila-junina-abre-temporada-de-sao-joao-no-boulevard-camacari\/"},"wordCount":462,"commentCount":0,"publisher":{"@id":"https:\/\/compartilhabahia.com.br\/#organization"},"articleSection":["Cama\u00e7ari"],"inLanguage":"pt-BR","potentialAction":[{"@type":"CommentAction","name":"Comment","target":["https:\/\/compartilhabahia.com.br\/index.php\/2024\/06\/02\/inauguracao-da-vila-junina-abre-temporada-de-sao-joao-no-boulevard-camacari\/#respond"]}]},{"@type":"WebPage","@id":"https:\/\/compartilhabahia.com.br\/index.php\/2024\/06\/02\/inauguracao-da-vila-junina-abre-temporada-de-sao-joao-no-boulevard-camacari\/","url":"https:\/\/compartilhabahia.com.br\/index.php\/2024\/06\/02\/inauguracao-da-vila-junina-abre-temporada-de-sao-joao-no-boulevard-camacari\/","name":"Inaugura\u00e7\u00e3o da Vila Junina abre temporada de S\u00e3o Jo\u00e3o no Boulevard Cama\u00e7ari - Compartilha Bahia","isPartOf":{"@id":"https:\/\/compartilhabahia.com.br\/#website"},"datePublished":"2024-06-02T00:20:34+00:00","dateModified":"2024-06-02T00:20:35+00:00","breadcrumb":{"@id":"https:\/\/compartilhabahia.com.br\/index.php\/2024\/06\/02\/inauguracao-da-vila-junina-abre-temporada-de-sao-joao-no-boulevard-camacari\/#breadcrumb"},"inLanguage":"pt-BR","potentialAction":[{"@type":"ReadAction","target":["https:\/\/compartilhabahia.com.br\/index.php\/2024\/06\/02\/inauguracao-da-vila-junina-abre-temporada-de-sao-joao-no-boulevard-camacari\/"]}]},{"@type":"BreadcrumbList","@id":"https:\/\/compartilhabahia.com.br\/index.php\/2024\/06\/02\/inauguracao-da-vila-junina-abre-temporada-de-sao-joao-no-boulevard-camacari\/#breadcrumb","itemListElement":[{"@type":"ListItem","position":1,"name":"In\u00edcio","item":"https:\/\/compartilhabahia.com.br\/"},{"@type":"ListItem","position":2,"name":"Inaugura\u00e7\u00e3o da Vila Junina abre temporada de S\u00e3o Jo\u00e3o no Boulevard Cama\u00e7ari"}]},{"@type":"WebSite","@id":"https:\/\/compartilhabahia.com.br\/#website","url":"https:\/\/compartilhabahia.com.br\/","name":"Compartilha Bahia","description":"","publisher":{"@id":"https:\/\/compartilhabahia.com.br\/#organization"},"potentialAction":[{"@type":"SearchAction","target":{"@type":"EntryPoint","urlTemplate":"https:\/\/compartilhabahia.com.br\/?s={search_term_string}"},"query-input":"required name=search_term_string"}],"inLanguage":"pt-BR"},{"@type":"Organization","@id":"https:\/\/compartilhabahia.com.br\/#organization","name":"Compartilha Bahia","url":"https:\/\/compartilhabahia.com.br\/","logo":{"@type":"ImageObject","inLanguage":"pt-BR","@id":"https:\/\/compartilhabahia.com.br\/#\/schema\/logo\/image\/","url":"https:\/\/compartilhabahia.com.br\/wp-content\/uploads\/2023\/12\/cropped-logo.png","contentUrl":"https:\/\/compartilhabahia.com.br\/wp-content\/uploads\/2023\/12\/cropped-logo.png","width":300,"height":106,"caption":"Compartilha Bahia"},"image":{"@id":"https:\/\/compartilhabahia.com.br\/#\/schema\/logo\/image\/"},"sameAs":["https:\/\/web.facebook.com\/compartilhabahia","https:\/\/www.instagram.com\/compartilhabahia\/"]},{"@type":"Person","@id":"https:\/\/compartilhabahia.com.br\/#\/schema\/person\/9b4f0c3178793b8248d6686732521c04","name":"admin","image":{"@type":"ImageObject","inLanguage":"pt-BR","@id":"https:\/\/compartilhabahia.com.br\/#\/schema\/person\/image\/","url":"https:\/\/secure.gravatar.com\/avatar\/9600df58751c5acbe914c538c03390ef649ea088cb65f84ba09c7ce66988eed6?s=96&d=mm&r=g","contentUrl":"https:\/\/secure.gravatar.com\/avatar\/9600df58751c5acbe914c538c03390ef649ea088cb65f84ba09c7ce66988eed6?s=96&d=mm&r=g","caption":"admin"},"sameAs":["https:\/\/compartilhabahia.com.br"],"url":"https:\/\/compartilhabahia.com.br\/index.php\/author\/compartilhabahia\/"}]}},"_links":{"self":[{"href":"https:\/\/compartilhabahia.com.br\/index.php\/wp-json\/wp\/v2\/posts\/2278","targetHints":{"allow":["GET"]}}],"collection":[{"href":"https:\/\/compartilhabahia.com.br\/index.php\/wp-json\/wp\/v2\/posts"}],"about":[{"href":"https:\/\/compartilhabahia.com.br\/index.php\/wp-json\/wp\/v2\/types\/post"}],"author":[{"embeddable":true,"href":"https:\/\/compartilhabahia.com.br\/index.php\/wp-json\/wp\/v2\/users\/1"}],"replies":[{"embeddable":true,"href":"https:\/\/compartilhabahia.com.br\/index.php\/wp-json\/wp\/v2\/comments?post=2278"}],"version-history":[{"count":1,"href":"https:\/\/compartilhabahia.com.br\/index.php\/wp-json\/wp\/v2\/posts\/2278\/revisions"}],"predecessor-version":[{"id":2280,"href":"https:\/\/compartilhabahia.com.br\/index.php\/wp-json\/wp\/v2\/posts\/2278\/revisions\/2280"}],"wp:featuredmedia":[{"embeddable":true,"href":"https:\/\/compartilhabahia.com.br\/index.php\/wp-json\/wp\/v2\/media\/2279"}],"wp:attachment":[{"href":"https:\/\/compartilhabahia.com.br\/index.php\/wp-json\/wp\/v2\/media?parent=2278"}],"wp:term":[{"taxonomy":"category","embeddable":true,"href":"https:\/\/compartilhabahia.com.br\/index.php\/wp-json\/wp\/v2\/categories?post=2278"},{"taxonomy":"post_tag","embeddable":true,"href":"https:\/\/compartilhabahia.com.br\/index.php\/wp-json\/wp\/v2\/tags?post=2278"}],"curies":[{"name":"wp","href":"https:\/\/api.w.org\/{rel}","templated":true}]}}