{"id":2120,"date":"2024-05-17T02:20:20","date_gmt":"2024-05-17T02:20:20","guid":{"rendered":"https:\/\/compartilhabahia.com.br\/?p=2120"},"modified":"2024-05-17T02:34:42","modified_gmt":"2024-05-17T02:34:42","slug":"momento-positivo-de-caetano-ultrapassa-a-boa-expectativa-eleitoral","status":"publish","type":"post","link":"https:\/\/compartilhabahia.com.br\/index.php\/2024\/05\/17\/momento-positivo-de-caetano-ultrapassa-a-boa-expectativa-eleitoral\/","title":{"rendered":"Momento positivo de Caetano deixa mais forte a expectativa de vit\u00f3ria eleitoral"},"content":{"rendered":"\n<p>Nos bastidores pol\u00edticos, no dia a dia da cidade, e nas rodas de conversas, imagina-se que Caetano tenha espontaneamente no momento 40% de apoio popular para vencer as elei\u00e7\u00f5es para prefeito de Cama\u00e7ari, no pr\u00f3ximo dia 6 de outubro. Isso se d\u00e1 pela longevidade pol\u00edtica do mesmo, pela reprova\u00e7\u00e3o recorde do atual prefeito e pelo momento prop\u00edcio pra renova\u00e7\u00e3o e altern\u00e2ncia no poder municipal.<\/p>\n\n\n\n<p>Mas, al\u00e9m disso, o momento positivo pelo qual Caetano vem passando, deixa mais forte essa expectativa de vit\u00f3ria eleitoral. Pois ele e seu grupo pol\u00edtico, formado tamb\u00e9m pela deputada federal Ivoneide Caetano, ligado ao Governador Jer\u00f4nimo e ao presidente Lula, nas \u00faltimas semanas anunciaram R$ 95 milh\u00f5es para compra de \u00f4nibus el\u00e9tricos para resolver o problema do transporte p\u00fablico no munic\u00edpio; destinaram recursos para a constru\u00e7\u00e3o de uma policl\u00ednica geral, que ser\u00e1 constru\u00edda em frente ao Hospital Santa Helena, na Avenida Conc\u00eantrica; determinaram a implanta\u00e7\u00e3o de uma UPA Tipo III; iniciaram o projeto do Hospital Municipal; conseguiram uma ag\u00eancia da Caixa Econ\u00f4mica Federal para Vila de Abrantes; conduzem a constru\u00e7\u00e3o de duas escolas de tempo integral; e est\u00e3o revitalizando o esporte com o a constru\u00e7\u00e3o do novo CSU do Bairro Gravat\u00e1, uma obra que tem investimentos de mais de R$ 4 milh\u00f5es e prev\u00ea, entre outros equipamentos, a instala\u00e7\u00e3o de uma arena de lutas, quadra poliesportiva coberta, quadra de v\u00f4lei de areia, campo society e pista de caminhada.<\/p>\n\n\n\n<figure class=\"wp-block-image size-full\"><img loading=\"lazy\" decoding=\"async\" width=\"853\" height=\"568\" src=\"https:\/\/compartilhabahia.com.br\/wp-content\/uploads\/2024\/05\/442399304_18349754998100511_4658587923809480126_n.jpg\" alt=\"\" class=\"wp-image-2122\" srcset=\"https:\/\/compartilhabahia.com.br\/wp-content\/uploads\/2024\/05\/442399304_18349754998100511_4658587923809480126_n.jpg 853w, https:\/\/compartilhabahia.com.br\/wp-content\/uploads\/2024\/05\/442399304_18349754998100511_4658587923809480126_n-300x200.jpg 300w, https:\/\/compartilhabahia.com.br\/wp-content\/uploads\/2024\/05\/442399304_18349754998100511_4658587923809480126_n-768x511.jpg 768w\" sizes=\"auto, (max-width: 853px) 100vw, 853px\" \/><\/figure>\n\n\n\n<p>Com um momento t\u00e3o positivo, faz do politico Caetano um polo de atra\u00e7\u00e3o irresist\u00edvel, fazendo com que diversos setores da sociedade, manifestem interesse em apoiar a sua pr\u00e9-campanha, sugerindo projetos e propostas ao plano de governo.<\/p>\n\n\n\n<p>Foi assim na noite desta quinta-feira (16), onde empres\u00e1rios de in\u00fameros segmentos, realizaram um ato de apoio a Caetano e aos pr\u00e9-candidatos a vereador do grupo pol\u00edtico que ele representa.<\/p>\n\n\n\n<p>Ser\u00e1 assim, tamb\u00e9m, na noite desta sexta-feira (17), no Clube Social no Diga Ai Cama\u00e7ari, e nas atividades de s\u00e1bado e domingo, onde Caetano realizar\u00e1, mais de trinta reuni\u00f5es pelos bairros da cidade e da orla mar\u00edtima de Cama\u00e7ari.<\/p>\n\n\n\n<figure class=\"wp-block-image size-full\"><img loading=\"lazy\" decoding=\"async\" width=\"853\" height=\"568\" src=\"https:\/\/compartilhabahia.com.br\/wp-content\/uploads\/2024\/05\/441507960_18349754983100511_925243209120393229_n.jpg\" alt=\"\" class=\"wp-image-2123\" srcset=\"https:\/\/compartilhabahia.com.br\/wp-content\/uploads\/2024\/05\/441507960_18349754983100511_925243209120393229_n.jpg 853w, https:\/\/compartilhabahia.com.br\/wp-content\/uploads\/2024\/05\/441507960_18349754983100511_925243209120393229_n-300x200.jpg 300w, https:\/\/compartilhabahia.com.br\/wp-content\/uploads\/2024\/05\/441507960_18349754983100511_925243209120393229_n-768x511.jpg 768w\" sizes=\"auto, (max-width: 853px) 100vw, 853px\" \/><\/figure>\n\n\n\n<p><\/p>\n\n\n\n<p><\/p>\n","protected":false},"excerpt":{"rendered":"<p>Nos bastidores pol\u00edticos, no dia a dia da cidade, e nas rodas de conversas, imagina-se que Caetano tenha espontaneamente no momento 40% de apoio popular para vencer as elei\u00e7\u00f5es para prefeito de Cama\u00e7ari, no pr\u00f3ximo dia 6 de outubro. Isso se d\u00e1 pela longevidade pol\u00edtica do mesmo, pela reprova\u00e7\u00e3o recorde do atual prefeito e pelo [&hellip;]<\/p>\n","protected":false},"author":1,"featured_media":2121,"comment_status":"open","ping_status":"open","sticky":false,"template":"","format":"standard","meta":{"footnotes":""},"categories":[8],"tags":[],"class_list":["post-2120","post","type-post","status-publish","format-standard","has-post-thumbnail","hentry","category-camacari"],"yoast_head":"<!-- This site is optimized with the Yoast SEO plugin v21.7 - https:\/\/yoast.com\/wordpress\/plugins\/seo\/ -->\n<title>Momento positivo de Caetano deixa mais forte a expectativa de vit\u00f3ria eleitoral - Compartilha Bahia<\/title>\n<meta name=\"robots\" content=\"index, follow, max-snippet:-1, max-image-preview:large, max-video-preview:-1\" \/>\n<link rel=\"canonical\" href=\"https:\/\/compartilhabahia.com.br\/index.php\/2024\/05\/17\/momento-positivo-de-caetano-ultrapassa-a-boa-expectativa-eleitoral\/\" \/>\n<meta property=\"og:locale\" content=\"pt_BR\" \/>\n<meta property=\"og:type\" content=\"article\" \/>\n<meta property=\"og:title\" content=\"Momento positivo de Caetano deixa mais forte a expectativa de vit\u00f3ria eleitoral - Compartilha Bahia\" \/>\n<meta property=\"og:description\" content=\"Nos bastidores pol\u00edticos, no dia a dia da cidade, e nas rodas de conversas, imagina-se que Caetano tenha espontaneamente no momento 40% de apoio popular para vencer as elei\u00e7\u00f5es para prefeito de Cama\u00e7ari, no pr\u00f3ximo dia 6 de outubro. Isso se d\u00e1 pela longevidade pol\u00edtica do mesmo, pela reprova\u00e7\u00e3o recorde do atual prefeito e pelo [&hellip;]\" \/>\n<meta property=\"og:url\" content=\"https:\/\/compartilhabahia.com.br\/index.php\/2024\/05\/17\/momento-positivo-de-caetano-ultrapassa-a-boa-expectativa-eleitoral\/\" \/>\n<meta property=\"og:site_name\" content=\"Compartilha Bahia\" \/>\n<meta property=\"article:publisher\" content=\"https:\/\/web.facebook.com\/compartilhabahia\" \/>\n<meta property=\"article:published_time\" content=\"2024-05-17T02:20:20+00:00\" \/>\n<meta property=\"article:modified_time\" content=\"2024-05-17T02:34:42+00:00\" \/>\n<meta property=\"og:image\" content=\"https:\/\/compartilhabahia.com.br\/wp-content\/uploads\/2024\/05\/442412632_18349754980100511_1520253532554181552_n.jpg\" \/>\n\t<meta property=\"og:image:width\" content=\"853\" \/>\n\t<meta property=\"og:image:height\" content=\"568\" \/>\n\t<meta property=\"og:image:type\" content=\"image\/jpeg\" \/>\n<meta name=\"author\" content=\"admin\" \/>\n<meta name=\"twitter:card\" content=\"summary_large_image\" \/>\n<meta name=\"twitter:label1\" content=\"Escrito por\" \/>\n\t<meta name=\"twitter:data1\" content=\"admin\" \/>\n\t<meta name=\"twitter:label2\" content=\"Est. tempo de leitura\" \/>\n\t<meta name=\"twitter:data2\" content=\"3 minutos\" \/>\n<script type=\"application\/ld+json\" class=\"yoast-schema-graph\">{\"@context\":\"https:\/\/schema.org\",\"@graph\":[{\"@type\":\"Article\",\"@id\":\"https:\/\/compartilhabahia.com.br\/index.php\/2024\/05\/17\/momento-positivo-de-caetano-ultrapassa-a-boa-expectativa-eleitoral\/#article\",\"isPartOf\":{\"@id\":\"https:\/\/compartilhabahia.com.br\/index.php\/2024\/05\/17\/momento-positivo-de-caetano-ultrapassa-a-boa-expectativa-eleitoral\/\"},\"author\":{\"name\":\"admin\",\"@id\":\"https:\/\/compartilhabahia.com.br\/#\/schema\/person\/9b4f0c3178793b8248d6686732521c04\"},\"headline\":\"Momento positivo de Caetano deixa mais forte a expectativa de vit\u00f3ria eleitoral\",\"datePublished\":\"2024-05-17T02:20:20+00:00\",\"dateModified\":\"2024-05-17T02:34:42+00:00\",\"mainEntityOfPage\":{\"@id\":\"https:\/\/compartilhabahia.com.br\/index.php\/2024\/05\/17\/momento-positivo-de-caetano-ultrapassa-a-boa-expectativa-eleitoral\/\"},\"wordCount\":389,\"commentCount\":0,\"publisher\":{\"@id\":\"https:\/\/compartilhabahia.com.br\/#organization\"},\"articleSection\":[\"Cama\u00e7ari\"],\"inLanguage\":\"pt-BR\",\"potentialAction\":[{\"@type\":\"CommentAction\",\"name\":\"Comment\",\"target\":[\"https:\/\/compartilhabahia.com.br\/index.php\/2024\/05\/17\/momento-positivo-de-caetano-ultrapassa-a-boa-expectativa-eleitoral\/#respond\"]}]},{\"@type\":\"WebPage\",\"@id\":\"https:\/\/compartilhabahia.com.br\/index.php\/2024\/05\/17\/momento-positivo-de-caetano-ultrapassa-a-boa-expectativa-eleitoral\/\",\"url\":\"https:\/\/compartilhabahia.com.br\/index.php\/2024\/05\/17\/momento-positivo-de-caetano-ultrapassa-a-boa-expectativa-eleitoral\/\",\"name\":\"Momento positivo de Caetano deixa mais forte a expectativa de vit\u00f3ria eleitoral - Compartilha Bahia\",\"isPartOf\":{\"@id\":\"https:\/\/compartilhabahia.com.br\/#website\"},\"datePublished\":\"2024-05-17T02:20:20+00:00\",\"dateModified\":\"2024-05-17T02:34:42+00:00\",\"breadcrumb\":{\"@id\":\"https:\/\/compartilhabahia.com.br\/index.php\/2024\/05\/17\/momento-positivo-de-caetano-ultrapassa-a-boa-expectativa-eleitoral\/#breadcrumb\"},\"inLanguage\":\"pt-BR\",\"potentialAction\":[{\"@type\":\"ReadAction\",\"target\":[\"https:\/\/compartilhabahia.com.br\/index.php\/2024\/05\/17\/momento-positivo-de-caetano-ultrapassa-a-boa-expectativa-eleitoral\/\"]}]},{\"@type\":\"BreadcrumbList\",\"@id\":\"https:\/\/compartilhabahia.com.br\/index.php\/2024\/05\/17\/momento-positivo-de-caetano-ultrapassa-a-boa-expectativa-eleitoral\/#breadcrumb\",\"itemListElement\":[{\"@type\":\"ListItem\",\"position\":1,\"name\":\"In\u00edcio\",\"item\":\"https:\/\/compartilhabahia.com.br\/\"},{\"@type\":\"ListItem\",\"position\":2,\"name\":\"Momento positivo de Caetano deixa mais forte a expectativa de vit\u00f3ria eleitoral\"}]},{\"@type\":\"WebSite\",\"@id\":\"https:\/\/compartilhabahia.com.br\/#website\",\"url\":\"https:\/\/compartilhabahia.com.br\/\",\"name\":\"Compartilha Bahia\",\"description\":\"\",\"publisher\":{\"@id\":\"https:\/\/compartilhabahia.com.br\/#organization\"},\"potentialAction\":[{\"@type\":\"SearchAction\",\"target\":{\"@type\":\"EntryPoint\",\"urlTemplate\":\"https:\/\/compartilhabahia.com.br\/?s={search_term_string}\"},\"query-input\":\"required name=search_term_string\"}],\"inLanguage\":\"pt-BR\"},{\"@type\":\"Organization\",\"@id\":\"https:\/\/compartilhabahia.com.br\/#organization\",\"name\":\"Compartilha Bahia\",\"url\":\"https:\/\/compartilhabahia.com.br\/\",\"logo\":{\"@type\":\"ImageObject\",\"inLanguage\":\"pt-BR\",\"@id\":\"https:\/\/compartilhabahia.com.br\/#\/schema\/logo\/image\/\",\"url\":\"https:\/\/compartilhabahia.com.br\/wp-content\/uploads\/2023\/12\/cropped-logo.png\",\"contentUrl\":\"https:\/\/compartilhabahia.com.br\/wp-content\/uploads\/2023\/12\/cropped-logo.png\",\"width\":300,\"height\":106,\"caption\":\"Compartilha Bahia\"},\"image\":{\"@id\":\"https:\/\/compartilhabahia.com.br\/#\/schema\/logo\/image\/\"},\"sameAs\":[\"https:\/\/web.facebook.com\/compartilhabahia\",\"https:\/\/www.instagram.com\/compartilhabahia\/\"]},{\"@type\":\"Person\",\"@id\":\"https:\/\/compartilhabahia.com.br\/#\/schema\/person\/9b4f0c3178793b8248d6686732521c04\",\"name\":\"admin\",\"image\":{\"@type\":\"ImageObject\",\"inLanguage\":\"pt-BR\",\"@id\":\"https:\/\/compartilhabahia.com.br\/#\/schema\/person\/image\/\",\"url\":\"https:\/\/secure.gravatar.com\/avatar\/9600df58751c5acbe914c538c03390ef649ea088cb65f84ba09c7ce66988eed6?s=96&d=mm&r=g\",\"contentUrl\":\"https:\/\/secure.gravatar.com\/avatar\/9600df58751c5acbe914c538c03390ef649ea088cb65f84ba09c7ce66988eed6?s=96&d=mm&r=g\",\"caption\":\"admin\"},\"sameAs\":[\"https:\/\/compartilhabahia.com.br\"],\"url\":\"https:\/\/compartilhabahia.com.br\/index.php\/author\/compartilhabahia\/\"}]}<\/script>\n<!-- \/ Yoast SEO plugin. -->","yoast_head_json":{"title":"Momento positivo de Caetano deixa mais forte a expectativa de vit\u00f3ria eleitoral - Compartilha Bahia","robots":{"index":"index","follow":"follow","max-snippet":"max-snippet:-1","max-image-preview":"max-image-preview:large","max-video-preview":"max-video-preview:-1"},"canonical":"https:\/\/compartilhabahia.com.br\/index.php\/2024\/05\/17\/momento-positivo-de-caetano-ultrapassa-a-boa-expectativa-eleitoral\/","og_locale":"pt_BR","og_type":"article","og_title":"Momento positivo de Caetano deixa mais forte a expectativa de vit\u00f3ria eleitoral - Compartilha Bahia","og_description":"Nos bastidores pol\u00edticos, no dia a dia da cidade, e nas rodas de conversas, imagina-se que Caetano tenha espontaneamente no momento 40% de apoio popular para vencer as elei\u00e7\u00f5es para prefeito de Cama\u00e7ari, no pr\u00f3ximo dia 6 de outubro. Isso se d\u00e1 pela longevidade pol\u00edtica do mesmo, pela reprova\u00e7\u00e3o recorde do atual prefeito e pelo [&hellip;]","og_url":"https:\/\/compartilhabahia.com.br\/index.php\/2024\/05\/17\/momento-positivo-de-caetano-ultrapassa-a-boa-expectativa-eleitoral\/","og_site_name":"Compartilha Bahia","article_publisher":"https:\/\/web.facebook.com\/compartilhabahia","article_published_time":"2024-05-17T02:20:20+00:00","article_modified_time":"2024-05-17T02:34:42+00:00","og_image":[{"width":853,"height":568,"url":"https:\/\/compartilhabahia.com.br\/wp-content\/uploads\/2024\/05\/442412632_18349754980100511_1520253532554181552_n.jpg","type":"image\/jpeg"}],"author":"admin","twitter_card":"summary_large_image","twitter_misc":{"Escrito por":"admin","Est. tempo de leitura":"3 minutos"},"schema":{"@context":"https:\/\/schema.org","@graph":[{"@type":"Article","@id":"https:\/\/compartilhabahia.com.br\/index.php\/2024\/05\/17\/momento-positivo-de-caetano-ultrapassa-a-boa-expectativa-eleitoral\/#article","isPartOf":{"@id":"https:\/\/compartilhabahia.com.br\/index.php\/2024\/05\/17\/momento-positivo-de-caetano-ultrapassa-a-boa-expectativa-eleitoral\/"},"author":{"name":"admin","@id":"https:\/\/compartilhabahia.com.br\/#\/schema\/person\/9b4f0c3178793b8248d6686732521c04"},"headline":"Momento positivo de Caetano deixa mais forte a expectativa de vit\u00f3ria eleitoral","datePublished":"2024-05-17T02:20:20+00:00","dateModified":"2024-05-17T02:34:42+00:00","mainEntityOfPage":{"@id":"https:\/\/compartilhabahia.com.br\/index.php\/2024\/05\/17\/momento-positivo-de-caetano-ultrapassa-a-boa-expectativa-eleitoral\/"},"wordCount":389,"commentCount":0,"publisher":{"@id":"https:\/\/compartilhabahia.com.br\/#organization"},"articleSection":["Cama\u00e7ari"],"inLanguage":"pt-BR","potentialAction":[{"@type":"CommentAction","name":"Comment","target":["https:\/\/compartilhabahia.com.br\/index.php\/2024\/05\/17\/momento-positivo-de-caetano-ultrapassa-a-boa-expectativa-eleitoral\/#respond"]}]},{"@type":"WebPage","@id":"https:\/\/compartilhabahia.com.br\/index.php\/2024\/05\/17\/momento-positivo-de-caetano-ultrapassa-a-boa-expectativa-eleitoral\/","url":"https:\/\/compartilhabahia.com.br\/index.php\/2024\/05\/17\/momento-positivo-de-caetano-ultrapassa-a-boa-expectativa-eleitoral\/","name":"Momento positivo de Caetano deixa mais forte a expectativa de vit\u00f3ria eleitoral - Compartilha Bahia","isPartOf":{"@id":"https:\/\/compartilhabahia.com.br\/#website"},"datePublished":"2024-05-17T02:20:20+00:00","dateModified":"2024-05-17T02:34:42+00:00","breadcrumb":{"@id":"https:\/\/compartilhabahia.com.br\/index.php\/2024\/05\/17\/momento-positivo-de-caetano-ultrapassa-a-boa-expectativa-eleitoral\/#breadcrumb"},"inLanguage":"pt-BR","potentialAction":[{"@type":"ReadAction","target":["https:\/\/compartilhabahia.com.br\/index.php\/2024\/05\/17\/momento-positivo-de-caetano-ultrapassa-a-boa-expectativa-eleitoral\/"]}]},{"@type":"BreadcrumbList","@id":"https:\/\/compartilhabahia.com.br\/index.php\/2024\/05\/17\/momento-positivo-de-caetano-ultrapassa-a-boa-expectativa-eleitoral\/#breadcrumb","itemListElement":[{"@type":"ListItem","position":1,"name":"In\u00edcio","item":"https:\/\/compartilhabahia.com.br\/"},{"@type":"ListItem","position":2,"name":"Momento positivo de Caetano deixa mais forte a expectativa de vit\u00f3ria eleitoral"}]},{"@type":"WebSite","@id":"https:\/\/compartilhabahia.com.br\/#website","url":"https:\/\/compartilhabahia.com.br\/","name":"Compartilha Bahia","description":"","publisher":{"@id":"https:\/\/compartilhabahia.com.br\/#organization"},"potentialAction":[{"@type":"SearchAction","target":{"@type":"EntryPoint","urlTemplate":"https:\/\/compartilhabahia.com.br\/?s={search_term_string}"},"query-input":"required name=search_term_string"}],"inLanguage":"pt-BR"},{"@type":"Organization","@id":"https:\/\/compartilhabahia.com.br\/#organization","name":"Compartilha Bahia","url":"https:\/\/compartilhabahia.com.br\/","logo":{"@type":"ImageObject","inLanguage":"pt-BR","@id":"https:\/\/compartilhabahia.com.br\/#\/schema\/logo\/image\/","url":"https:\/\/compartilhabahia.com.br\/wp-content\/uploads\/2023\/12\/cropped-logo.png","contentUrl":"https:\/\/compartilhabahia.com.br\/wp-content\/uploads\/2023\/12\/cropped-logo.png","width":300,"height":106,"caption":"Compartilha Bahia"},"image":{"@id":"https:\/\/compartilhabahia.com.br\/#\/schema\/logo\/image\/"},"sameAs":["https:\/\/web.facebook.com\/compartilhabahia","https:\/\/www.instagram.com\/compartilhabahia\/"]},{"@type":"Person","@id":"https:\/\/compartilhabahia.com.br\/#\/schema\/person\/9b4f0c3178793b8248d6686732521c04","name":"admin","image":{"@type":"ImageObject","inLanguage":"pt-BR","@id":"https:\/\/compartilhabahia.com.br\/#\/schema\/person\/image\/","url":"https:\/\/secure.gravatar.com\/avatar\/9600df58751c5acbe914c538c03390ef649ea088cb65f84ba09c7ce66988eed6?s=96&d=mm&r=g","contentUrl":"https:\/\/secure.gravatar.com\/avatar\/9600df58751c5acbe914c538c03390ef649ea088cb65f84ba09c7ce66988eed6?s=96&d=mm&r=g","caption":"admin"},"sameAs":["https:\/\/compartilhabahia.com.br"],"url":"https:\/\/compartilhabahia.com.br\/index.php\/author\/compartilhabahia\/"}]}},"_links":{"self":[{"href":"https:\/\/compartilhabahia.com.br\/index.php\/wp-json\/wp\/v2\/posts\/2120","targetHints":{"allow":["GET"]}}],"collection":[{"href":"https:\/\/compartilhabahia.com.br\/index.php\/wp-json\/wp\/v2\/posts"}],"about":[{"href":"https:\/\/compartilhabahia.com.br\/index.php\/wp-json\/wp\/v2\/types\/post"}],"author":[{"embeddable":true,"href":"https:\/\/compartilhabahia.com.br\/index.php\/wp-json\/wp\/v2\/users\/1"}],"replies":[{"embeddable":true,"href":"https:\/\/compartilhabahia.com.br\/index.php\/wp-json\/wp\/v2\/comments?post=2120"}],"version-history":[{"count":3,"href":"https:\/\/compartilhabahia.com.br\/index.php\/wp-json\/wp\/v2\/posts\/2120\/revisions"}],"predecessor-version":[{"id":2128,"href":"https:\/\/compartilhabahia.com.br\/index.php\/wp-json\/wp\/v2\/posts\/2120\/revisions\/2128"}],"wp:featuredmedia":[{"embeddable":true,"href":"https:\/\/compartilhabahia.com.br\/index.php\/wp-json\/wp\/v2\/media\/2121"}],"wp:attachment":[{"href":"https:\/\/compartilhabahia.com.br\/index.php\/wp-json\/wp\/v2\/media?parent=2120"}],"wp:term":[{"taxonomy":"category","embeddable":true,"href":"https:\/\/compartilhabahia.com.br\/index.php\/wp-json\/wp\/v2\/categories?post=2120"},{"taxonomy":"post_tag","embeddable":true,"href":"https:\/\/compartilhabahia.com.br\/index.php\/wp-json\/wp\/v2\/tags?post=2120"}],"curies":[{"name":"wp","href":"https:\/\/api.w.org\/{rel}","templated":true}]}}