{"id":1964,"date":"2024-05-03T00:10:57","date_gmt":"2024-05-03T00:10:57","guid":{"rendered":"https:\/\/compartilhabahia.com.br\/?p=1964"},"modified":"2024-05-03T00:10:58","modified_gmt":"2024-05-03T00:10:58","slug":"camara-de-camacari-promulga-emenda-que-aumenta-de-21-para-23-o-numero-de-vereadores","status":"publish","type":"post","link":"https:\/\/compartilhabahia.com.br\/index.php\/2024\/05\/03\/camara-de-camacari-promulga-emenda-que-aumenta-de-21-para-23-o-numero-de-vereadores\/","title":{"rendered":"C\u00e2mara de Cama\u00e7ari promulga emenda que aumenta de 21 para 23 o n\u00famero de vereadores"},"content":{"rendered":"\n<p><\/p>\n\n\n\n<p>A C\u00e2mara de Cama\u00e7ari realizou, na manh\u00e3 desta quinta-feira (02\/05), Sess\u00e3o de Promulga\u00e7\u00e3o da Proposta de Emenda \u00e0 Lei Org\u00e2nica, aprovada em 25 de abril de 2024, alterando o artigo 39 da Lei Org\u00e2nica Municipal (LOM), para adequar o n\u00famero de parlamentares da C\u00e2mara de Cama\u00e7ari \u00e0 quantidade de eleitores do munic\u00edpio, conforme \u00faltimo censo do Instituto Brasileiro de Geografia e Estat\u00edstica (IBGE). Ap\u00f3s publica\u00e7\u00e3o no Di\u00e1rio Oficial do Executivo, o n\u00famero de vereadores passar\u00e1 de 21 para 23, j\u00e1 valendo para as elei\u00e7\u00f5es municipais deste ano.<\/p>\n\n\n\n<p>A proposta de mudan\u00e7a do aumento de cadeiras no Poder Legislativo come\u00e7ou a tramitar em 14 de dezembro de 2023, sendo de autoria de todos os vereadores da Casa. Uma Comiss\u00e3o Especial formada pelos parlamentares Niltinho (PRD), Herbinho (Uni\u00e3o), Jamel\u00e3o (Cidadania), Tagner (PT) e Vavau (PSB), analisou a emenda e encaminhou a mat\u00e9ria para vota\u00e7\u00e3o em plen\u00e1rio. Na primeira aprecia\u00e7\u00e3o a mat\u00e9ria recebeu 17 votos a favor e na segunda 18 votos a favor, sendo aprovada por unanimidade dos vereadores presentes nas respectivas sess\u00f5es.<\/p>\n\n\n\n<p><\/p>\n","protected":false},"excerpt":{"rendered":"<p>A C\u00e2mara de Cama\u00e7ari realizou, na manh\u00e3 desta quinta-feira (02\/05), Sess\u00e3o de Promulga\u00e7\u00e3o da Proposta de Emenda \u00e0 Lei Org\u00e2nica, aprovada em 25 de abril de 2024, alterando o artigo 39 da Lei Org\u00e2nica Municipal (LOM), para adequar o n\u00famero de parlamentares da C\u00e2mara de Cama\u00e7ari \u00e0 quantidade de eleitores do munic\u00edpio, conforme \u00faltimo censo [&hellip;]<\/p>\n","protected":false},"author":1,"featured_media":1965,"comment_status":"open","ping_status":"open","sticky":false,"template":"","format":"standard","meta":{"footnotes":""},"categories":[8],"tags":[],"class_list":["post-1964","post","type-post","status-publish","format-standard","has-post-thumbnail","hentry","category-camacari"],"yoast_head":"<!-- This site is optimized with the Yoast SEO plugin v21.7 - https:\/\/yoast.com\/wordpress\/plugins\/seo\/ -->\n<title>C\u00e2mara de Cama\u00e7ari promulga emenda que aumenta de 21 para 23 o n\u00famero de vereadores - Compartilha Bahia<\/title>\n<meta name=\"robots\" content=\"index, follow, max-snippet:-1, max-image-preview:large, max-video-preview:-1\" \/>\n<link rel=\"canonical\" href=\"https:\/\/compartilhabahia.com.br\/index.php\/2024\/05\/03\/camara-de-camacari-promulga-emenda-que-aumenta-de-21-para-23-o-numero-de-vereadores\/\" \/>\n<meta property=\"og:locale\" content=\"pt_BR\" \/>\n<meta property=\"og:type\" content=\"article\" \/>\n<meta property=\"og:title\" content=\"C\u00e2mara de Cama\u00e7ari promulga emenda que aumenta de 21 para 23 o n\u00famero de vereadores - Compartilha Bahia\" \/>\n<meta property=\"og:description\" content=\"A C\u00e2mara de Cama\u00e7ari realizou, na manh\u00e3 desta quinta-feira (02\/05), Sess\u00e3o de Promulga\u00e7\u00e3o da Proposta de Emenda \u00e0 Lei Org\u00e2nica, aprovada em 25 de abril de 2024, alterando o artigo 39 da Lei Org\u00e2nica Municipal (LOM), para adequar o n\u00famero de parlamentares da C\u00e2mara de Cama\u00e7ari \u00e0 quantidade de eleitores do munic\u00edpio, conforme \u00faltimo censo [&hellip;]\" \/>\n<meta property=\"og:url\" content=\"https:\/\/compartilhabahia.com.br\/index.php\/2024\/05\/03\/camara-de-camacari-promulga-emenda-que-aumenta-de-21-para-23-o-numero-de-vereadores\/\" \/>\n<meta property=\"og:site_name\" content=\"Compartilha Bahia\" \/>\n<meta property=\"article:publisher\" content=\"https:\/\/web.facebook.com\/compartilhabahia\" \/>\n<meta property=\"article:published_time\" content=\"2024-05-03T00:10:57+00:00\" \/>\n<meta property=\"article:modified_time\" content=\"2024-05-03T00:10:58+00:00\" \/>\n<meta property=\"og:image\" content=\"https:\/\/compartilhabahia.com.br\/wp-content\/uploads\/2024\/05\/sessao.jpg\" \/>\n\t<meta property=\"og:image:width\" content=\"1920\" \/>\n\t<meta property=\"og:image:height\" content=\"1080\" \/>\n\t<meta property=\"og:image:type\" content=\"image\/jpeg\" \/>\n<meta name=\"author\" content=\"admin\" \/>\n<meta name=\"twitter:card\" content=\"summary_large_image\" \/>\n<meta name=\"twitter:label1\" content=\"Escrito por\" \/>\n\t<meta name=\"twitter:data1\" content=\"admin\" \/>\n\t<meta name=\"twitter:label2\" content=\"Est. tempo de leitura\" \/>\n\t<meta name=\"twitter:data2\" content=\"2 minutos\" \/>\n<script type=\"application\/ld+json\" class=\"yoast-schema-graph\">{\"@context\":\"https:\/\/schema.org\",\"@graph\":[{\"@type\":\"Article\",\"@id\":\"https:\/\/compartilhabahia.com.br\/index.php\/2024\/05\/03\/camara-de-camacari-promulga-emenda-que-aumenta-de-21-para-23-o-numero-de-vereadores\/#article\",\"isPartOf\":{\"@id\":\"https:\/\/compartilhabahia.com.br\/index.php\/2024\/05\/03\/camara-de-camacari-promulga-emenda-que-aumenta-de-21-para-23-o-numero-de-vereadores\/\"},\"author\":{\"name\":\"admin\",\"@id\":\"https:\/\/compartilhabahia.com.br\/#\/schema\/person\/9b4f0c3178793b8248d6686732521c04\"},\"headline\":\"C\u00e2mara de Cama\u00e7ari promulga emenda que aumenta de 21 para 23 o n\u00famero de vereadores\",\"datePublished\":\"2024-05-03T00:10:57+00:00\",\"dateModified\":\"2024-05-03T00:10:58+00:00\",\"mainEntityOfPage\":{\"@id\":\"https:\/\/compartilhabahia.com.br\/index.php\/2024\/05\/03\/camara-de-camacari-promulga-emenda-que-aumenta-de-21-para-23-o-numero-de-vereadores\/\"},\"wordCount\":202,\"commentCount\":0,\"publisher\":{\"@id\":\"https:\/\/compartilhabahia.com.br\/#organization\"},\"articleSection\":[\"Cama\u00e7ari\"],\"inLanguage\":\"pt-BR\",\"potentialAction\":[{\"@type\":\"CommentAction\",\"name\":\"Comment\",\"target\":[\"https:\/\/compartilhabahia.com.br\/index.php\/2024\/05\/03\/camara-de-camacari-promulga-emenda-que-aumenta-de-21-para-23-o-numero-de-vereadores\/#respond\"]}]},{\"@type\":\"WebPage\",\"@id\":\"https:\/\/compartilhabahia.com.br\/index.php\/2024\/05\/03\/camara-de-camacari-promulga-emenda-que-aumenta-de-21-para-23-o-numero-de-vereadores\/\",\"url\":\"https:\/\/compartilhabahia.com.br\/index.php\/2024\/05\/03\/camara-de-camacari-promulga-emenda-que-aumenta-de-21-para-23-o-numero-de-vereadores\/\",\"name\":\"C\u00e2mara de Cama\u00e7ari promulga emenda que aumenta de 21 para 23 o n\u00famero de vereadores - Compartilha Bahia\",\"isPartOf\":{\"@id\":\"https:\/\/compartilhabahia.com.br\/#website\"},\"datePublished\":\"2024-05-03T00:10:57+00:00\",\"dateModified\":\"2024-05-03T00:10:58+00:00\",\"breadcrumb\":{\"@id\":\"https:\/\/compartilhabahia.com.br\/index.php\/2024\/05\/03\/camara-de-camacari-promulga-emenda-que-aumenta-de-21-para-23-o-numero-de-vereadores\/#breadcrumb\"},\"inLanguage\":\"pt-BR\",\"potentialAction\":[{\"@type\":\"ReadAction\",\"target\":[\"https:\/\/compartilhabahia.com.br\/index.php\/2024\/05\/03\/camara-de-camacari-promulga-emenda-que-aumenta-de-21-para-23-o-numero-de-vereadores\/\"]}]},{\"@type\":\"BreadcrumbList\",\"@id\":\"https:\/\/compartilhabahia.com.br\/index.php\/2024\/05\/03\/camara-de-camacari-promulga-emenda-que-aumenta-de-21-para-23-o-numero-de-vereadores\/#breadcrumb\",\"itemListElement\":[{\"@type\":\"ListItem\",\"position\":1,\"name\":\"In\u00edcio\",\"item\":\"https:\/\/compartilhabahia.com.br\/\"},{\"@type\":\"ListItem\",\"position\":2,\"name\":\"C\u00e2mara de Cama\u00e7ari promulga emenda que aumenta de 21 para 23 o n\u00famero de vereadores\"}]},{\"@type\":\"WebSite\",\"@id\":\"https:\/\/compartilhabahia.com.br\/#website\",\"url\":\"https:\/\/compartilhabahia.com.br\/\",\"name\":\"Compartilha Bahia\",\"description\":\"\",\"publisher\":{\"@id\":\"https:\/\/compartilhabahia.com.br\/#organization\"},\"potentialAction\":[{\"@type\":\"SearchAction\",\"target\":{\"@type\":\"EntryPoint\",\"urlTemplate\":\"https:\/\/compartilhabahia.com.br\/?s={search_term_string}\"},\"query-input\":\"required name=search_term_string\"}],\"inLanguage\":\"pt-BR\"},{\"@type\":\"Organization\",\"@id\":\"https:\/\/compartilhabahia.com.br\/#organization\",\"name\":\"Compartilha Bahia\",\"url\":\"https:\/\/compartilhabahia.com.br\/\",\"logo\":{\"@type\":\"ImageObject\",\"inLanguage\":\"pt-BR\",\"@id\":\"https:\/\/compartilhabahia.com.br\/#\/schema\/logo\/image\/\",\"url\":\"https:\/\/compartilhabahia.com.br\/wp-content\/uploads\/2023\/12\/cropped-logo.png\",\"contentUrl\":\"https:\/\/compartilhabahia.com.br\/wp-content\/uploads\/2023\/12\/cropped-logo.png\",\"width\":300,\"height\":106,\"caption\":\"Compartilha Bahia\"},\"image\":{\"@id\":\"https:\/\/compartilhabahia.com.br\/#\/schema\/logo\/image\/\"},\"sameAs\":[\"https:\/\/web.facebook.com\/compartilhabahia\",\"https:\/\/www.instagram.com\/compartilhabahia\/\"]},{\"@type\":\"Person\",\"@id\":\"https:\/\/compartilhabahia.com.br\/#\/schema\/person\/9b4f0c3178793b8248d6686732521c04\",\"name\":\"admin\",\"image\":{\"@type\":\"ImageObject\",\"inLanguage\":\"pt-BR\",\"@id\":\"https:\/\/compartilhabahia.com.br\/#\/schema\/person\/image\/\",\"url\":\"https:\/\/secure.gravatar.com\/avatar\/9600df58751c5acbe914c538c03390ef649ea088cb65f84ba09c7ce66988eed6?s=96&d=mm&r=g\",\"contentUrl\":\"https:\/\/secure.gravatar.com\/avatar\/9600df58751c5acbe914c538c03390ef649ea088cb65f84ba09c7ce66988eed6?s=96&d=mm&r=g\",\"caption\":\"admin\"},\"sameAs\":[\"https:\/\/compartilhabahia.com.br\"],\"url\":\"https:\/\/compartilhabahia.com.br\/index.php\/author\/compartilhabahia\/\"}]}<\/script>\n<!-- \/ Yoast SEO plugin. -->","yoast_head_json":{"title":"C\u00e2mara de Cama\u00e7ari promulga emenda que aumenta de 21 para 23 o n\u00famero de vereadores - Compartilha Bahia","robots":{"index":"index","follow":"follow","max-snippet":"max-snippet:-1","max-image-preview":"max-image-preview:large","max-video-preview":"max-video-preview:-1"},"canonical":"https:\/\/compartilhabahia.com.br\/index.php\/2024\/05\/03\/camara-de-camacari-promulga-emenda-que-aumenta-de-21-para-23-o-numero-de-vereadores\/","og_locale":"pt_BR","og_type":"article","og_title":"C\u00e2mara de Cama\u00e7ari promulga emenda que aumenta de 21 para 23 o n\u00famero de vereadores - Compartilha Bahia","og_description":"A C\u00e2mara de Cama\u00e7ari realizou, na manh\u00e3 desta quinta-feira (02\/05), Sess\u00e3o de Promulga\u00e7\u00e3o da Proposta de Emenda \u00e0 Lei Org\u00e2nica, aprovada em 25 de abril de 2024, alterando o artigo 39 da Lei Org\u00e2nica Municipal (LOM), para adequar o n\u00famero de parlamentares da C\u00e2mara de Cama\u00e7ari \u00e0 quantidade de eleitores do munic\u00edpio, conforme \u00faltimo censo [&hellip;]","og_url":"https:\/\/compartilhabahia.com.br\/index.php\/2024\/05\/03\/camara-de-camacari-promulga-emenda-que-aumenta-de-21-para-23-o-numero-de-vereadores\/","og_site_name":"Compartilha Bahia","article_publisher":"https:\/\/web.facebook.com\/compartilhabahia","article_published_time":"2024-05-03T00:10:57+00:00","article_modified_time":"2024-05-03T00:10:58+00:00","og_image":[{"width":1920,"height":1080,"url":"https:\/\/compartilhabahia.com.br\/wp-content\/uploads\/2024\/05\/sessao.jpg","type":"image\/jpeg"}],"author":"admin","twitter_card":"summary_large_image","twitter_misc":{"Escrito por":"admin","Est. tempo de leitura":"2 minutos"},"schema":{"@context":"https:\/\/schema.org","@graph":[{"@type":"Article","@id":"https:\/\/compartilhabahia.com.br\/index.php\/2024\/05\/03\/camara-de-camacari-promulga-emenda-que-aumenta-de-21-para-23-o-numero-de-vereadores\/#article","isPartOf":{"@id":"https:\/\/compartilhabahia.com.br\/index.php\/2024\/05\/03\/camara-de-camacari-promulga-emenda-que-aumenta-de-21-para-23-o-numero-de-vereadores\/"},"author":{"name":"admin","@id":"https:\/\/compartilhabahia.com.br\/#\/schema\/person\/9b4f0c3178793b8248d6686732521c04"},"headline":"C\u00e2mara de Cama\u00e7ari promulga emenda que aumenta de 21 para 23 o n\u00famero de vereadores","datePublished":"2024-05-03T00:10:57+00:00","dateModified":"2024-05-03T00:10:58+00:00","mainEntityOfPage":{"@id":"https:\/\/compartilhabahia.com.br\/index.php\/2024\/05\/03\/camara-de-camacari-promulga-emenda-que-aumenta-de-21-para-23-o-numero-de-vereadores\/"},"wordCount":202,"commentCount":0,"publisher":{"@id":"https:\/\/compartilhabahia.com.br\/#organization"},"articleSection":["Cama\u00e7ari"],"inLanguage":"pt-BR","potentialAction":[{"@type":"CommentAction","name":"Comment","target":["https:\/\/compartilhabahia.com.br\/index.php\/2024\/05\/03\/camara-de-camacari-promulga-emenda-que-aumenta-de-21-para-23-o-numero-de-vereadores\/#respond"]}]},{"@type":"WebPage","@id":"https:\/\/compartilhabahia.com.br\/index.php\/2024\/05\/03\/camara-de-camacari-promulga-emenda-que-aumenta-de-21-para-23-o-numero-de-vereadores\/","url":"https:\/\/compartilhabahia.com.br\/index.php\/2024\/05\/03\/camara-de-camacari-promulga-emenda-que-aumenta-de-21-para-23-o-numero-de-vereadores\/","name":"C\u00e2mara de Cama\u00e7ari promulga emenda que aumenta de 21 para 23 o n\u00famero de vereadores - Compartilha Bahia","isPartOf":{"@id":"https:\/\/compartilhabahia.com.br\/#website"},"datePublished":"2024-05-03T00:10:57+00:00","dateModified":"2024-05-03T00:10:58+00:00","breadcrumb":{"@id":"https:\/\/compartilhabahia.com.br\/index.php\/2024\/05\/03\/camara-de-camacari-promulga-emenda-que-aumenta-de-21-para-23-o-numero-de-vereadores\/#breadcrumb"},"inLanguage":"pt-BR","potentialAction":[{"@type":"ReadAction","target":["https:\/\/compartilhabahia.com.br\/index.php\/2024\/05\/03\/camara-de-camacari-promulga-emenda-que-aumenta-de-21-para-23-o-numero-de-vereadores\/"]}]},{"@type":"BreadcrumbList","@id":"https:\/\/compartilhabahia.com.br\/index.php\/2024\/05\/03\/camara-de-camacari-promulga-emenda-que-aumenta-de-21-para-23-o-numero-de-vereadores\/#breadcrumb","itemListElement":[{"@type":"ListItem","position":1,"name":"In\u00edcio","item":"https:\/\/compartilhabahia.com.br\/"},{"@type":"ListItem","position":2,"name":"C\u00e2mara de Cama\u00e7ari promulga emenda que aumenta de 21 para 23 o n\u00famero de vereadores"}]},{"@type":"WebSite","@id":"https:\/\/compartilhabahia.com.br\/#website","url":"https:\/\/compartilhabahia.com.br\/","name":"Compartilha Bahia","description":"","publisher":{"@id":"https:\/\/compartilhabahia.com.br\/#organization"},"potentialAction":[{"@type":"SearchAction","target":{"@type":"EntryPoint","urlTemplate":"https:\/\/compartilhabahia.com.br\/?s={search_term_string}"},"query-input":"required name=search_term_string"}],"inLanguage":"pt-BR"},{"@type":"Organization","@id":"https:\/\/compartilhabahia.com.br\/#organization","name":"Compartilha Bahia","url":"https:\/\/compartilhabahia.com.br\/","logo":{"@type":"ImageObject","inLanguage":"pt-BR","@id":"https:\/\/compartilhabahia.com.br\/#\/schema\/logo\/image\/","url":"https:\/\/compartilhabahia.com.br\/wp-content\/uploads\/2023\/12\/cropped-logo.png","contentUrl":"https:\/\/compartilhabahia.com.br\/wp-content\/uploads\/2023\/12\/cropped-logo.png","width":300,"height":106,"caption":"Compartilha Bahia"},"image":{"@id":"https:\/\/compartilhabahia.com.br\/#\/schema\/logo\/image\/"},"sameAs":["https:\/\/web.facebook.com\/compartilhabahia","https:\/\/www.instagram.com\/compartilhabahia\/"]},{"@type":"Person","@id":"https:\/\/compartilhabahia.com.br\/#\/schema\/person\/9b4f0c3178793b8248d6686732521c04","name":"admin","image":{"@type":"ImageObject","inLanguage":"pt-BR","@id":"https:\/\/compartilhabahia.com.br\/#\/schema\/person\/image\/","url":"https:\/\/secure.gravatar.com\/avatar\/9600df58751c5acbe914c538c03390ef649ea088cb65f84ba09c7ce66988eed6?s=96&d=mm&r=g","contentUrl":"https:\/\/secure.gravatar.com\/avatar\/9600df58751c5acbe914c538c03390ef649ea088cb65f84ba09c7ce66988eed6?s=96&d=mm&r=g","caption":"admin"},"sameAs":["https:\/\/compartilhabahia.com.br"],"url":"https:\/\/compartilhabahia.com.br\/index.php\/author\/compartilhabahia\/"}]}},"_links":{"self":[{"href":"https:\/\/compartilhabahia.com.br\/index.php\/wp-json\/wp\/v2\/posts\/1964","targetHints":{"allow":["GET"]}}],"collection":[{"href":"https:\/\/compartilhabahia.com.br\/index.php\/wp-json\/wp\/v2\/posts"}],"about":[{"href":"https:\/\/compartilhabahia.com.br\/index.php\/wp-json\/wp\/v2\/types\/post"}],"author":[{"embeddable":true,"href":"https:\/\/compartilhabahia.com.br\/index.php\/wp-json\/wp\/v2\/users\/1"}],"replies":[{"embeddable":true,"href":"https:\/\/compartilhabahia.com.br\/index.php\/wp-json\/wp\/v2\/comments?post=1964"}],"version-history":[{"count":1,"href":"https:\/\/compartilhabahia.com.br\/index.php\/wp-json\/wp\/v2\/posts\/1964\/revisions"}],"predecessor-version":[{"id":1966,"href":"https:\/\/compartilhabahia.com.br\/index.php\/wp-json\/wp\/v2\/posts\/1964\/revisions\/1966"}],"wp:featuredmedia":[{"embeddable":true,"href":"https:\/\/compartilhabahia.com.br\/index.php\/wp-json\/wp\/v2\/media\/1965"}],"wp:attachment":[{"href":"https:\/\/compartilhabahia.com.br\/index.php\/wp-json\/wp\/v2\/media?parent=1964"}],"wp:term":[{"taxonomy":"category","embeddable":true,"href":"https:\/\/compartilhabahia.com.br\/index.php\/wp-json\/wp\/v2\/categories?post=1964"},{"taxonomy":"post_tag","embeddable":true,"href":"https:\/\/compartilhabahia.com.br\/index.php\/wp-json\/wp\/v2\/tags?post=1964"}],"curies":[{"name":"wp","href":"https:\/\/api.w.org\/{rel}","templated":true}]}}