{"id":1930,"date":"2024-04-30T01:12:53","date_gmt":"2024-04-30T01:12:53","guid":{"rendered":"https:\/\/compartilhabahia.com.br\/?p=1930"},"modified":"2024-04-30T18:31:17","modified_gmt":"2024-04-30T18:31:17","slug":"planejamento-estrategico-de-campanha-e-marketing-digital-curso-gratis-em-camacari","status":"publish","type":"post","link":"https:\/\/compartilhabahia.com.br\/index.php\/2024\/04\/30\/planejamento-estrategico-de-campanha-e-marketing-digital-curso-gratis-em-camacari\/","title":{"rendered":"Planejamento Estrat\u00e9gico de Campanha e Marketing Digital: curso gr\u00e1tis em Cama\u00e7ari"},"content":{"rendered":"\n<p>A consultora Carla Mendes da <a href=\"https:\/\/www.instagram.com\/consultoria.3d\/\">@consultoria.3d<\/a> ministra nesta ter\u00e7a-feira (30) as 19h, no Col\u00e9gio Dom Pedro II, direcionado a pr\u00e9-candidatos a vereador de forma gratuita, o treinamento denominado: &#8220;Planejamento Estrat\u00e9gico de Campanha e Marketing Digital&#8221;.<\/p>\n\n\n\n<p>Esse curso, que foi idealizado pela professora Adriana Marcele, nasceu da vontade que a mesma tem em proporcionar aos participantes habilidades valiosas e experi\u00eancias transformadoras.<\/p>\n\n\n\n<p>A ministrante Carla Mendes tem em seu curr\u00edculo, al\u00e9m de outras atividades marcantes, o fato de ter exercido o cargo de presidente municipal do Partido dos Trabalhadores em Cama\u00e7ari e participado como uma das coordenadoras da campanha vitoriosa na reelei\u00e7\u00e3o de Luiz Caetano em 2008. <\/p>\n","protected":false},"excerpt":{"rendered":"<p>A consultora Carla Mendes da @consultoria.3d ministra nesta ter\u00e7a-feira (30) as 19h, no Col\u00e9gio Dom Pedro II, direcionado a pr\u00e9-candidatos a vereador de forma gratuita, o treinamento denominado: &#8220;Planejamento Estrat\u00e9gico de Campanha e Marketing Digital&#8221;. Esse curso, que foi idealizado pela professora Adriana Marcele, nasceu da vontade que a mesma tem em proporcionar aos participantes [&hellip;]<\/p>\n","protected":false},"author":1,"featured_media":1931,"comment_status":"open","ping_status":"open","sticky":false,"template":"","format":"standard","meta":{"footnotes":""},"categories":[8],"tags":[],"class_list":["post-1930","post","type-post","status-publish","format-standard","has-post-thumbnail","hentry","category-camacari"],"yoast_head":"<!-- This site is optimized with the Yoast SEO plugin v21.7 - https:\/\/yoast.com\/wordpress\/plugins\/seo\/ -->\n<title>Planejamento Estrat\u00e9gico de Campanha e Marketing Digital: curso gr\u00e1tis em Cama\u00e7ari - Compartilha Bahia<\/title>\n<meta name=\"robots\" content=\"index, follow, max-snippet:-1, max-image-preview:large, max-video-preview:-1\" \/>\n<link rel=\"canonical\" href=\"https:\/\/compartilhabahia.com.br\/index.php\/2024\/04\/30\/planejamento-estrategico-de-campanha-e-marketing-digital-curso-gratis-em-camacari\/\" \/>\n<meta property=\"og:locale\" content=\"pt_BR\" \/>\n<meta property=\"og:type\" content=\"article\" \/>\n<meta property=\"og:title\" content=\"Planejamento Estrat\u00e9gico de Campanha e Marketing Digital: curso gr\u00e1tis em Cama\u00e7ari - Compartilha Bahia\" \/>\n<meta property=\"og:description\" content=\"A consultora Carla Mendes da @consultoria.3d ministra nesta ter\u00e7a-feira (30) as 19h, no Col\u00e9gio Dom Pedro II, direcionado a pr\u00e9-candidatos a vereador de forma gratuita, o treinamento denominado: &#8220;Planejamento Estrat\u00e9gico de Campanha e Marketing Digital&#8221;. Esse curso, que foi idealizado pela professora Adriana Marcele, nasceu da vontade que a mesma tem em proporcionar aos participantes [&hellip;]\" \/>\n<meta property=\"og:url\" content=\"https:\/\/compartilhabahia.com.br\/index.php\/2024\/04\/30\/planejamento-estrategico-de-campanha-e-marketing-digital-curso-gratis-em-camacari\/\" \/>\n<meta property=\"og:site_name\" content=\"Compartilha Bahia\" \/>\n<meta property=\"article:publisher\" content=\"https:\/\/web.facebook.com\/compartilhabahia\" \/>\n<meta property=\"article:published_time\" content=\"2024-04-30T01:12:53+00:00\" \/>\n<meta property=\"article:modified_time\" content=\"2024-04-30T18:31:17+00:00\" \/>\n<meta property=\"og:image\" content=\"https:\/\/compartilhabahia.com.br\/wp-content\/uploads\/2024\/04\/carla_adriana.jpg\" \/>\n\t<meta property=\"og:image:width\" content=\"967\" \/>\n\t<meta property=\"og:image:height\" content=\"557\" \/>\n\t<meta property=\"og:image:type\" content=\"image\/jpeg\" \/>\n<meta name=\"author\" content=\"admin\" \/>\n<meta name=\"twitter:card\" content=\"summary_large_image\" \/>\n<meta name=\"twitter:label1\" content=\"Escrito por\" \/>\n\t<meta name=\"twitter:data1\" content=\"admin\" \/>\n\t<meta name=\"twitter:label2\" content=\"Est. tempo de leitura\" \/>\n\t<meta name=\"twitter:data2\" content=\"1 minuto\" \/>\n<script type=\"application\/ld+json\" class=\"yoast-schema-graph\">{\"@context\":\"https:\/\/schema.org\",\"@graph\":[{\"@type\":\"Article\",\"@id\":\"https:\/\/compartilhabahia.com.br\/index.php\/2024\/04\/30\/planejamento-estrategico-de-campanha-e-marketing-digital-curso-gratis-em-camacari\/#article\",\"isPartOf\":{\"@id\":\"https:\/\/compartilhabahia.com.br\/index.php\/2024\/04\/30\/planejamento-estrategico-de-campanha-e-marketing-digital-curso-gratis-em-camacari\/\"},\"author\":{\"name\":\"admin\",\"@id\":\"https:\/\/compartilhabahia.com.br\/#\/schema\/person\/9b4f0c3178793b8248d6686732521c04\"},\"headline\":\"Planejamento Estrat\u00e9gico de Campanha e Marketing Digital: curso gr\u00e1tis em Cama\u00e7ari\",\"datePublished\":\"2024-04-30T01:12:53+00:00\",\"dateModified\":\"2024-04-30T18:31:17+00:00\",\"mainEntityOfPage\":{\"@id\":\"https:\/\/compartilhabahia.com.br\/index.php\/2024\/04\/30\/planejamento-estrategico-de-campanha-e-marketing-digital-curso-gratis-em-camacari\/\"},\"wordCount\":127,\"commentCount\":0,\"publisher\":{\"@id\":\"https:\/\/compartilhabahia.com.br\/#organization\"},\"articleSection\":[\"Cama\u00e7ari\"],\"inLanguage\":\"pt-BR\",\"potentialAction\":[{\"@type\":\"CommentAction\",\"name\":\"Comment\",\"target\":[\"https:\/\/compartilhabahia.com.br\/index.php\/2024\/04\/30\/planejamento-estrategico-de-campanha-e-marketing-digital-curso-gratis-em-camacari\/#respond\"]}]},{\"@type\":\"WebPage\",\"@id\":\"https:\/\/compartilhabahia.com.br\/index.php\/2024\/04\/30\/planejamento-estrategico-de-campanha-e-marketing-digital-curso-gratis-em-camacari\/\",\"url\":\"https:\/\/compartilhabahia.com.br\/index.php\/2024\/04\/30\/planejamento-estrategico-de-campanha-e-marketing-digital-curso-gratis-em-camacari\/\",\"name\":\"Planejamento Estrat\u00e9gico de Campanha e Marketing Digital: curso gr\u00e1tis em Cama\u00e7ari - Compartilha Bahia\",\"isPartOf\":{\"@id\":\"https:\/\/compartilhabahia.com.br\/#website\"},\"datePublished\":\"2024-04-30T01:12:53+00:00\",\"dateModified\":\"2024-04-30T18:31:17+00:00\",\"breadcrumb\":{\"@id\":\"https:\/\/compartilhabahia.com.br\/index.php\/2024\/04\/30\/planejamento-estrategico-de-campanha-e-marketing-digital-curso-gratis-em-camacari\/#breadcrumb\"},\"inLanguage\":\"pt-BR\",\"potentialAction\":[{\"@type\":\"ReadAction\",\"target\":[\"https:\/\/compartilhabahia.com.br\/index.php\/2024\/04\/30\/planejamento-estrategico-de-campanha-e-marketing-digital-curso-gratis-em-camacari\/\"]}]},{\"@type\":\"BreadcrumbList\",\"@id\":\"https:\/\/compartilhabahia.com.br\/index.php\/2024\/04\/30\/planejamento-estrategico-de-campanha-e-marketing-digital-curso-gratis-em-camacari\/#breadcrumb\",\"itemListElement\":[{\"@type\":\"ListItem\",\"position\":1,\"name\":\"In\u00edcio\",\"item\":\"https:\/\/compartilhabahia.com.br\/\"},{\"@type\":\"ListItem\",\"position\":2,\"name\":\"Planejamento Estrat\u00e9gico de Campanha e Marketing Digital: curso gr\u00e1tis em Cama\u00e7ari\"}]},{\"@type\":\"WebSite\",\"@id\":\"https:\/\/compartilhabahia.com.br\/#website\",\"url\":\"https:\/\/compartilhabahia.com.br\/\",\"name\":\"Compartilha Bahia\",\"description\":\"\",\"publisher\":{\"@id\":\"https:\/\/compartilhabahia.com.br\/#organization\"},\"potentialAction\":[{\"@type\":\"SearchAction\",\"target\":{\"@type\":\"EntryPoint\",\"urlTemplate\":\"https:\/\/compartilhabahia.com.br\/?s={search_term_string}\"},\"query-input\":\"required name=search_term_string\"}],\"inLanguage\":\"pt-BR\"},{\"@type\":\"Organization\",\"@id\":\"https:\/\/compartilhabahia.com.br\/#organization\",\"name\":\"Compartilha Bahia\",\"url\":\"https:\/\/compartilhabahia.com.br\/\",\"logo\":{\"@type\":\"ImageObject\",\"inLanguage\":\"pt-BR\",\"@id\":\"https:\/\/compartilhabahia.com.br\/#\/schema\/logo\/image\/\",\"url\":\"https:\/\/compartilhabahia.com.br\/wp-content\/uploads\/2023\/12\/cropped-logo.png\",\"contentUrl\":\"https:\/\/compartilhabahia.com.br\/wp-content\/uploads\/2023\/12\/cropped-logo.png\",\"width\":300,\"height\":106,\"caption\":\"Compartilha Bahia\"},\"image\":{\"@id\":\"https:\/\/compartilhabahia.com.br\/#\/schema\/logo\/image\/\"},\"sameAs\":[\"https:\/\/web.facebook.com\/compartilhabahia\",\"https:\/\/www.instagram.com\/compartilhabahia\/\"]},{\"@type\":\"Person\",\"@id\":\"https:\/\/compartilhabahia.com.br\/#\/schema\/person\/9b4f0c3178793b8248d6686732521c04\",\"name\":\"admin\",\"image\":{\"@type\":\"ImageObject\",\"inLanguage\":\"pt-BR\",\"@id\":\"https:\/\/compartilhabahia.com.br\/#\/schema\/person\/image\/\",\"url\":\"https:\/\/secure.gravatar.com\/avatar\/9600df58751c5acbe914c538c03390ef649ea088cb65f84ba09c7ce66988eed6?s=96&d=mm&r=g\",\"contentUrl\":\"https:\/\/secure.gravatar.com\/avatar\/9600df58751c5acbe914c538c03390ef649ea088cb65f84ba09c7ce66988eed6?s=96&d=mm&r=g\",\"caption\":\"admin\"},\"sameAs\":[\"https:\/\/compartilhabahia.com.br\"],\"url\":\"https:\/\/compartilhabahia.com.br\/index.php\/author\/compartilhabahia\/\"}]}<\/script>\n<!-- \/ Yoast SEO plugin. -->","yoast_head_json":{"title":"Planejamento Estrat\u00e9gico de Campanha e Marketing Digital: curso gr\u00e1tis em Cama\u00e7ari - Compartilha Bahia","robots":{"index":"index","follow":"follow","max-snippet":"max-snippet:-1","max-image-preview":"max-image-preview:large","max-video-preview":"max-video-preview:-1"},"canonical":"https:\/\/compartilhabahia.com.br\/index.php\/2024\/04\/30\/planejamento-estrategico-de-campanha-e-marketing-digital-curso-gratis-em-camacari\/","og_locale":"pt_BR","og_type":"article","og_title":"Planejamento Estrat\u00e9gico de Campanha e Marketing Digital: curso gr\u00e1tis em Cama\u00e7ari - Compartilha Bahia","og_description":"A consultora Carla Mendes da @consultoria.3d ministra nesta ter\u00e7a-feira (30) as 19h, no Col\u00e9gio Dom Pedro II, direcionado a pr\u00e9-candidatos a vereador de forma gratuita, o treinamento denominado: &#8220;Planejamento Estrat\u00e9gico de Campanha e Marketing Digital&#8221;. Esse curso, que foi idealizado pela professora Adriana Marcele, nasceu da vontade que a mesma tem em proporcionar aos participantes [&hellip;]","og_url":"https:\/\/compartilhabahia.com.br\/index.php\/2024\/04\/30\/planejamento-estrategico-de-campanha-e-marketing-digital-curso-gratis-em-camacari\/","og_site_name":"Compartilha Bahia","article_publisher":"https:\/\/web.facebook.com\/compartilhabahia","article_published_time":"2024-04-30T01:12:53+00:00","article_modified_time":"2024-04-30T18:31:17+00:00","og_image":[{"width":967,"height":557,"url":"https:\/\/compartilhabahia.com.br\/wp-content\/uploads\/2024\/04\/carla_adriana.jpg","type":"image\/jpeg"}],"author":"admin","twitter_card":"summary_large_image","twitter_misc":{"Escrito por":"admin","Est. tempo de leitura":"1 minuto"},"schema":{"@context":"https:\/\/schema.org","@graph":[{"@type":"Article","@id":"https:\/\/compartilhabahia.com.br\/index.php\/2024\/04\/30\/planejamento-estrategico-de-campanha-e-marketing-digital-curso-gratis-em-camacari\/#article","isPartOf":{"@id":"https:\/\/compartilhabahia.com.br\/index.php\/2024\/04\/30\/planejamento-estrategico-de-campanha-e-marketing-digital-curso-gratis-em-camacari\/"},"author":{"name":"admin","@id":"https:\/\/compartilhabahia.com.br\/#\/schema\/person\/9b4f0c3178793b8248d6686732521c04"},"headline":"Planejamento Estrat\u00e9gico de Campanha e Marketing Digital: curso gr\u00e1tis em Cama\u00e7ari","datePublished":"2024-04-30T01:12:53+00:00","dateModified":"2024-04-30T18:31:17+00:00","mainEntityOfPage":{"@id":"https:\/\/compartilhabahia.com.br\/index.php\/2024\/04\/30\/planejamento-estrategico-de-campanha-e-marketing-digital-curso-gratis-em-camacari\/"},"wordCount":127,"commentCount":0,"publisher":{"@id":"https:\/\/compartilhabahia.com.br\/#organization"},"articleSection":["Cama\u00e7ari"],"inLanguage":"pt-BR","potentialAction":[{"@type":"CommentAction","name":"Comment","target":["https:\/\/compartilhabahia.com.br\/index.php\/2024\/04\/30\/planejamento-estrategico-de-campanha-e-marketing-digital-curso-gratis-em-camacari\/#respond"]}]},{"@type":"WebPage","@id":"https:\/\/compartilhabahia.com.br\/index.php\/2024\/04\/30\/planejamento-estrategico-de-campanha-e-marketing-digital-curso-gratis-em-camacari\/","url":"https:\/\/compartilhabahia.com.br\/index.php\/2024\/04\/30\/planejamento-estrategico-de-campanha-e-marketing-digital-curso-gratis-em-camacari\/","name":"Planejamento Estrat\u00e9gico de Campanha e Marketing Digital: curso gr\u00e1tis em Cama\u00e7ari - Compartilha Bahia","isPartOf":{"@id":"https:\/\/compartilhabahia.com.br\/#website"},"datePublished":"2024-04-30T01:12:53+00:00","dateModified":"2024-04-30T18:31:17+00:00","breadcrumb":{"@id":"https:\/\/compartilhabahia.com.br\/index.php\/2024\/04\/30\/planejamento-estrategico-de-campanha-e-marketing-digital-curso-gratis-em-camacari\/#breadcrumb"},"inLanguage":"pt-BR","potentialAction":[{"@type":"ReadAction","target":["https:\/\/compartilhabahia.com.br\/index.php\/2024\/04\/30\/planejamento-estrategico-de-campanha-e-marketing-digital-curso-gratis-em-camacari\/"]}]},{"@type":"BreadcrumbList","@id":"https:\/\/compartilhabahia.com.br\/index.php\/2024\/04\/30\/planejamento-estrategico-de-campanha-e-marketing-digital-curso-gratis-em-camacari\/#breadcrumb","itemListElement":[{"@type":"ListItem","position":1,"name":"In\u00edcio","item":"https:\/\/compartilhabahia.com.br\/"},{"@type":"ListItem","position":2,"name":"Planejamento Estrat\u00e9gico de Campanha e Marketing Digital: curso gr\u00e1tis em Cama\u00e7ari"}]},{"@type":"WebSite","@id":"https:\/\/compartilhabahia.com.br\/#website","url":"https:\/\/compartilhabahia.com.br\/","name":"Compartilha Bahia","description":"","publisher":{"@id":"https:\/\/compartilhabahia.com.br\/#organization"},"potentialAction":[{"@type":"SearchAction","target":{"@type":"EntryPoint","urlTemplate":"https:\/\/compartilhabahia.com.br\/?s={search_term_string}"},"query-input":"required name=search_term_string"}],"inLanguage":"pt-BR"},{"@type":"Organization","@id":"https:\/\/compartilhabahia.com.br\/#organization","name":"Compartilha Bahia","url":"https:\/\/compartilhabahia.com.br\/","logo":{"@type":"ImageObject","inLanguage":"pt-BR","@id":"https:\/\/compartilhabahia.com.br\/#\/schema\/logo\/image\/","url":"https:\/\/compartilhabahia.com.br\/wp-content\/uploads\/2023\/12\/cropped-logo.png","contentUrl":"https:\/\/compartilhabahia.com.br\/wp-content\/uploads\/2023\/12\/cropped-logo.png","width":300,"height":106,"caption":"Compartilha Bahia"},"image":{"@id":"https:\/\/compartilhabahia.com.br\/#\/schema\/logo\/image\/"},"sameAs":["https:\/\/web.facebook.com\/compartilhabahia","https:\/\/www.instagram.com\/compartilhabahia\/"]},{"@type":"Person","@id":"https:\/\/compartilhabahia.com.br\/#\/schema\/person\/9b4f0c3178793b8248d6686732521c04","name":"admin","image":{"@type":"ImageObject","inLanguage":"pt-BR","@id":"https:\/\/compartilhabahia.com.br\/#\/schema\/person\/image\/","url":"https:\/\/secure.gravatar.com\/avatar\/9600df58751c5acbe914c538c03390ef649ea088cb65f84ba09c7ce66988eed6?s=96&d=mm&r=g","contentUrl":"https:\/\/secure.gravatar.com\/avatar\/9600df58751c5acbe914c538c03390ef649ea088cb65f84ba09c7ce66988eed6?s=96&d=mm&r=g","caption":"admin"},"sameAs":["https:\/\/compartilhabahia.com.br"],"url":"https:\/\/compartilhabahia.com.br\/index.php\/author\/compartilhabahia\/"}]}},"_links":{"self":[{"href":"https:\/\/compartilhabahia.com.br\/index.php\/wp-json\/wp\/v2\/posts\/1930","targetHints":{"allow":["GET"]}}],"collection":[{"href":"https:\/\/compartilhabahia.com.br\/index.php\/wp-json\/wp\/v2\/posts"}],"about":[{"href":"https:\/\/compartilhabahia.com.br\/index.php\/wp-json\/wp\/v2\/types\/post"}],"author":[{"embeddable":true,"href":"https:\/\/compartilhabahia.com.br\/index.php\/wp-json\/wp\/v2\/users\/1"}],"replies":[{"embeddable":true,"href":"https:\/\/compartilhabahia.com.br\/index.php\/wp-json\/wp\/v2\/comments?post=1930"}],"version-history":[{"count":2,"href":"https:\/\/compartilhabahia.com.br\/index.php\/wp-json\/wp\/v2\/posts\/1930\/revisions"}],"predecessor-version":[{"id":1955,"href":"https:\/\/compartilhabahia.com.br\/index.php\/wp-json\/wp\/v2\/posts\/1930\/revisions\/1955"}],"wp:featuredmedia":[{"embeddable":true,"href":"https:\/\/compartilhabahia.com.br\/index.php\/wp-json\/wp\/v2\/media\/1931"}],"wp:attachment":[{"href":"https:\/\/compartilhabahia.com.br\/index.php\/wp-json\/wp\/v2\/media?parent=1930"}],"wp:term":[{"taxonomy":"category","embeddable":true,"href":"https:\/\/compartilhabahia.com.br\/index.php\/wp-json\/wp\/v2\/categories?post=1930"},{"taxonomy":"post_tag","embeddable":true,"href":"https:\/\/compartilhabahia.com.br\/index.php\/wp-json\/wp\/v2\/tags?post=1930"}],"curies":[{"name":"wp","href":"https:\/\/api.w.org\/{rel}","templated":true}]}}