{"id":1883,"date":"2024-04-25T10:49:30","date_gmt":"2024-04-25T10:49:30","guid":{"rendered":"https:\/\/compartilhabahia.com.br\/?p=1883"},"modified":"2024-04-25T10:49:31","modified_gmt":"2024-04-25T10:49:31","slug":"preso-dentista-suspeito-de-dar-mais-de-20-facadas-em-motorista-de-app-em-camacari-vitima-se-fingiu-de-morta","status":"publish","type":"post","link":"https:\/\/compartilhabahia.com.br\/index.php\/2024\/04\/25\/preso-dentista-suspeito-de-dar-mais-de-20-facadas-em-motorista-de-app-em-camacari-vitima-se-fingiu-de-morta\/","title":{"rendered":"Preso dentista suspeito de dar mais de 20 facadas em motorista de app em Cama\u00e7ari; v\u00edtima se fingiu de morta"},"content":{"rendered":"\n<p>Foi preso na tarde desta quarta-feira (24\/4) o dentista Rodrigo Barreto, suspeito de esfaquear a motorista de aplicativo Lilian Borges, no \u00faltimo dia 15 de abril, em Cama\u00e7ari, na Regi\u00e3o Metropolitana de Salvador (RMS). Ele estava escondido na casa dos pais, no bairro do Imbu\u00ed, em Salvador, segundo confirmou a pol\u00edcia \u2013 com exclusividade \u2013 ao Al\u00f4 Juca.\u00a0Ele foi conduzido para a 26\u00aa Delegacia, em Abrantes, Cama\u00e7ari.<\/p>\n\n\n\n<p>Segundo a Pol\u00edcia Civil, uma r\u00e9plica de pistola foi apreendida com o homem, que confessou o crime, durante interrogat\u00f3rio, e atribuiu o motivo a um momento de f\u00faria durante um desentendimento com a v\u00edtima. Mesmo assim, a\u00a0motiva\u00e7\u00e3o do crime ainda est\u00e1 sendo apurada pela 26\u00aa DT\/Vila de Abrantes.<\/p>\n\n\n\n<p>Rodrigo passou por exames de les\u00f5es corporais e seguir\u00e1 preso \u00e0 disposi\u00e7\u00e3o do Poder Judici\u00e1rio. As investiga\u00e7\u00f5es t\u00eam continuidade na unidade, com o objetivo de esclarecer o caso.<\/p>\n\n\n\n<p>ilian recebeu mais de 20 facadas e se fingiu de morta, na ocasi\u00e3o. Nessa ter\u00e7a-feira (23), durante entrevista ao&nbsp;<strong>Aratu Agora<\/strong>, ela disse que&nbsp;est\u00e1 se recuperando bem do ocorrido, atribuindo a sua situa\u00e7\u00e3o a uma a\u00e7\u00e3o do divino. \u201cPosso dizer que foi um milagre de Deus eu estar aqui agora. Praticamente n\u00e3o corro mais risco de morte\u201d, contou.<\/p>\n\n\n\n<p><strong>RELEMBRE O CASO<\/strong><\/p>\n\n\n\n<p>De acordo com depoimento gravado por ela, diretamente do Hospital Geral de Cama\u00e7ari (HGC), onde ficou internada, e enviado exclusivamente para a&nbsp;<strong>TV Aratu<\/strong>&nbsp;e o&nbsp;<strong>Aratu On<\/strong>, ela havia marcado uma corrida com uma pessoa conhecida, saindo da regi\u00e3o do Doron, em Salvador, para o bairro de Inocoop, na cidade de Cama\u00e7ari, Regi\u00e3o Metropolitana de Salvador.<\/p>\n\n\n\n<p>Na altura da Estrada da Cascalheira, o passageiro abordou a motorista e a obrigou a dirigir at\u00e9 uma \u00e1rea deserta, onde o crime ocorreu. \u201cEle pediu que eu ajoelhasse e, quando ajoelhei, ele desferiu v\u00e1rios golpes em mim. [\u2026] Ele s\u00f3 me deixou porque eu me fingi de morta\u201d, revelou.<\/p>\n\n\n\n<p>Nas imagens, obtidas pelo&nbsp;<strong>Grupo Aratu<\/strong>, \u00e9 poss\u00edvel ver os ferimentos em diversas regi\u00f5es do corpo da v\u00edtima, como cabe\u00e7a, pesco\u00e7o e costas. Perplexa, ela relata ainda que \u201cDeus quem salvou\u201d, diante das v\u00e1rias facadas recebidas.<\/p>\n\n\n\n<p>O agressor deixou a mulher no local e levou o carro e demais pertences dela. Essa n\u00e3o teria sido a primeira vez que a v\u00edtima transportava o homem.<\/p>\n\n\n\n<p><strong>SUSPEITO<\/strong><\/p>\n\n\n\n<p>De acordo com familiares da motorista de aplicativo, o carro roubado foi localizado em Cama\u00e7ari, em um condom\u00ednio fechado, onde ficaria a resid\u00eancia do suspeito. Ainda segundo a fam\u00edlia, o rapaz \u00e9 um empres\u00e1rio conhecido da cidade.<\/p>\n\n\n\n<p>O&nbsp;<strong>Aratu On<\/strong>&nbsp;entrou em contato com a Pol\u00edcia Civil para buscar mais informa\u00e7\u00f5es sobre o caso, mas a corpora\u00e7\u00e3o informou n\u00e3o ter localizado a ocorr\u00eancia. Apesar disso, a fam\u00edlia contou que policiais civis estiveram no hospital, nesta ter\u00e7a (16),&nbsp; para ouvir a v\u00edtima, acrescentando que as investiga\u00e7\u00f5es foram transferidas para a 26\u00aa Delegacia Territorial de Abrantes.<\/p>\n\n\n\n<p><em>Acompanhe nossas transmiss\u00f5es ao vivo no&nbsp;<a href=\"http:\/\/www.aratuon.com.br\/aovivo\"><strong><em>www.aratuon.com.br\/aovivo<\/em><\/strong><\/a>. Siga a gente no&nbsp;<a href=\"https:\/\/instagram.com\/aratuonline\" target=\"_blank\" rel=\"noreferrer noopener\"><strong><em>Insta<\/em><\/strong><\/a>,&nbsp;<a href=\"https:\/\/www.facebook.com\/aratuon\/\" target=\"_blank\" rel=\"noreferrer noopener\"><strong><em>Facebook<\/em><\/strong><\/a>&nbsp;e&nbsp;<a href=\"https:\/\/twitter.com\/aratuonline?ref_src=twsrc%5Egoogle%7Ctwcamp%5Eserp%7Ctwgr%5Eauthor\" target=\"_blank\" rel=\"noreferrer noopener\"><strong><em>Twitter<\/em><\/strong><\/a>. Envie den\u00fancia ou sugest\u00e3o de pauta para&nbsp;(71) 99940 \u2013 7440 (WhatsApp).<\/em><\/p>\n","protected":false},"excerpt":{"rendered":"<p>Foi preso na tarde desta quarta-feira (24\/4) o dentista Rodrigo Barreto, suspeito de esfaquear a motorista de aplicativo Lilian Borges, no \u00faltimo dia 15 de abril, em Cama\u00e7ari, na Regi\u00e3o Metropolitana de Salvador (RMS). Ele estava escondido na casa dos pais, no bairro do Imbu\u00ed, em Salvador, segundo confirmou a pol\u00edcia \u2013 com exclusividade \u2013 [&hellip;]<\/p>\n","protected":false},"author":1,"featured_media":1884,"comment_status":"open","ping_status":"open","sticky":false,"template":"","format":"standard","meta":{"footnotes":""},"categories":[8],"tags":[],"class_list":["post-1883","post","type-post","status-publish","format-standard","has-post-thumbnail","hentry","category-camacari"],"yoast_head":"<!-- This site is optimized with the Yoast SEO plugin v21.7 - https:\/\/yoast.com\/wordpress\/plugins\/seo\/ -->\n<title>Preso dentista suspeito de dar mais de 20 facadas em motorista de app em Cama\u00e7ari; v\u00edtima se fingiu de morta - Compartilha Bahia<\/title>\n<meta name=\"robots\" content=\"index, follow, max-snippet:-1, max-image-preview:large, max-video-preview:-1\" \/>\n<link rel=\"canonical\" href=\"https:\/\/compartilhabahia.com.br\/index.php\/2024\/04\/25\/preso-dentista-suspeito-de-dar-mais-de-20-facadas-em-motorista-de-app-em-camacari-vitima-se-fingiu-de-morta\/\" \/>\n<meta property=\"og:locale\" content=\"pt_BR\" \/>\n<meta property=\"og:type\" content=\"article\" \/>\n<meta property=\"og:title\" content=\"Preso dentista suspeito de dar mais de 20 facadas em motorista de app em Cama\u00e7ari; v\u00edtima se fingiu de morta - Compartilha Bahia\" \/>\n<meta property=\"og:description\" content=\"Foi preso na tarde desta quarta-feira (24\/4) o dentista Rodrigo Barreto, suspeito de esfaquear a motorista de aplicativo Lilian Borges, no \u00faltimo dia 15 de abril, em Cama\u00e7ari, na Regi\u00e3o Metropolitana de Salvador (RMS). Ele estava escondido na casa dos pais, no bairro do Imbu\u00ed, em Salvador, segundo confirmou a pol\u00edcia \u2013 com exclusividade \u2013 [&hellip;]\" \/>\n<meta property=\"og:url\" content=\"https:\/\/compartilhabahia.com.br\/index.php\/2024\/04\/25\/preso-dentista-suspeito-de-dar-mais-de-20-facadas-em-motorista-de-app-em-camacari-vitima-se-fingiu-de-morta\/\" \/>\n<meta property=\"og:site_name\" content=\"Compartilha Bahia\" \/>\n<meta property=\"article:publisher\" content=\"https:\/\/web.facebook.com\/compartilhabahia\" \/>\n<meta property=\"article:published_time\" content=\"2024-04-25T10:49:30+00:00\" \/>\n<meta property=\"article:modified_time\" content=\"2024-04-25T10:49:31+00:00\" \/>\n<meta property=\"og:image\" content=\"https:\/\/compartilhabahia.com.br\/wp-content\/uploads\/2024\/04\/dentista-preso-.jpg\" \/>\n\t<meta property=\"og:image:width\" content=\"740\" \/>\n\t<meta property=\"og:image:height\" content=\"470\" \/>\n\t<meta property=\"og:image:type\" content=\"image\/jpeg\" \/>\n<meta name=\"author\" content=\"admin\" \/>\n<meta name=\"twitter:card\" content=\"summary_large_image\" \/>\n<meta name=\"twitter:label1\" content=\"Escrito por\" \/>\n\t<meta name=\"twitter:data1\" content=\"admin\" \/>\n\t<meta name=\"twitter:label2\" content=\"Est. tempo de leitura\" \/>\n\t<meta name=\"twitter:data2\" content=\"3 minutos\" \/>\n<script type=\"application\/ld+json\" class=\"yoast-schema-graph\">{\"@context\":\"https:\/\/schema.org\",\"@graph\":[{\"@type\":\"Article\",\"@id\":\"https:\/\/compartilhabahia.com.br\/index.php\/2024\/04\/25\/preso-dentista-suspeito-de-dar-mais-de-20-facadas-em-motorista-de-app-em-camacari-vitima-se-fingiu-de-morta\/#article\",\"isPartOf\":{\"@id\":\"https:\/\/compartilhabahia.com.br\/index.php\/2024\/04\/25\/preso-dentista-suspeito-de-dar-mais-de-20-facadas-em-motorista-de-app-em-camacari-vitima-se-fingiu-de-morta\/\"},\"author\":{\"name\":\"admin\",\"@id\":\"https:\/\/compartilhabahia.com.br\/#\/schema\/person\/9b4f0c3178793b8248d6686732521c04\"},\"headline\":\"Preso dentista suspeito de dar mais de 20 facadas em motorista de app em Cama\u00e7ari; v\u00edtima se fingiu de morta\",\"datePublished\":\"2024-04-25T10:49:30+00:00\",\"dateModified\":\"2024-04-25T10:49:31+00:00\",\"mainEntityOfPage\":{\"@id\":\"https:\/\/compartilhabahia.com.br\/index.php\/2024\/04\/25\/preso-dentista-suspeito-de-dar-mais-de-20-facadas-em-motorista-de-app-em-camacari-vitima-se-fingiu-de-morta\/\"},\"wordCount\":573,\"commentCount\":0,\"publisher\":{\"@id\":\"https:\/\/compartilhabahia.com.br\/#organization\"},\"articleSection\":[\"Cama\u00e7ari\"],\"inLanguage\":\"pt-BR\",\"potentialAction\":[{\"@type\":\"CommentAction\",\"name\":\"Comment\",\"target\":[\"https:\/\/compartilhabahia.com.br\/index.php\/2024\/04\/25\/preso-dentista-suspeito-de-dar-mais-de-20-facadas-em-motorista-de-app-em-camacari-vitima-se-fingiu-de-morta\/#respond\"]}]},{\"@type\":\"WebPage\",\"@id\":\"https:\/\/compartilhabahia.com.br\/index.php\/2024\/04\/25\/preso-dentista-suspeito-de-dar-mais-de-20-facadas-em-motorista-de-app-em-camacari-vitima-se-fingiu-de-morta\/\",\"url\":\"https:\/\/compartilhabahia.com.br\/index.php\/2024\/04\/25\/preso-dentista-suspeito-de-dar-mais-de-20-facadas-em-motorista-de-app-em-camacari-vitima-se-fingiu-de-morta\/\",\"name\":\"Preso dentista suspeito de dar mais de 20 facadas em motorista de app em Cama\u00e7ari; v\u00edtima se fingiu de morta - Compartilha Bahia\",\"isPartOf\":{\"@id\":\"https:\/\/compartilhabahia.com.br\/#website\"},\"datePublished\":\"2024-04-25T10:49:30+00:00\",\"dateModified\":\"2024-04-25T10:49:31+00:00\",\"breadcrumb\":{\"@id\":\"https:\/\/compartilhabahia.com.br\/index.php\/2024\/04\/25\/preso-dentista-suspeito-de-dar-mais-de-20-facadas-em-motorista-de-app-em-camacari-vitima-se-fingiu-de-morta\/#breadcrumb\"},\"inLanguage\":\"pt-BR\",\"potentialAction\":[{\"@type\":\"ReadAction\",\"target\":[\"https:\/\/compartilhabahia.com.br\/index.php\/2024\/04\/25\/preso-dentista-suspeito-de-dar-mais-de-20-facadas-em-motorista-de-app-em-camacari-vitima-se-fingiu-de-morta\/\"]}]},{\"@type\":\"BreadcrumbList\",\"@id\":\"https:\/\/compartilhabahia.com.br\/index.php\/2024\/04\/25\/preso-dentista-suspeito-de-dar-mais-de-20-facadas-em-motorista-de-app-em-camacari-vitima-se-fingiu-de-morta\/#breadcrumb\",\"itemListElement\":[{\"@type\":\"ListItem\",\"position\":1,\"name\":\"In\u00edcio\",\"item\":\"https:\/\/compartilhabahia.com.br\/\"},{\"@type\":\"ListItem\",\"position\":2,\"name\":\"Preso dentista suspeito de dar mais de 20 facadas em motorista de app em Cama\u00e7ari; v\u00edtima se fingiu de morta\"}]},{\"@type\":\"WebSite\",\"@id\":\"https:\/\/compartilhabahia.com.br\/#website\",\"url\":\"https:\/\/compartilhabahia.com.br\/\",\"name\":\"Compartilha Bahia\",\"description\":\"\",\"publisher\":{\"@id\":\"https:\/\/compartilhabahia.com.br\/#organization\"},\"potentialAction\":[{\"@type\":\"SearchAction\",\"target\":{\"@type\":\"EntryPoint\",\"urlTemplate\":\"https:\/\/compartilhabahia.com.br\/?s={search_term_string}\"},\"query-input\":\"required name=search_term_string\"}],\"inLanguage\":\"pt-BR\"},{\"@type\":\"Organization\",\"@id\":\"https:\/\/compartilhabahia.com.br\/#organization\",\"name\":\"Compartilha Bahia\",\"url\":\"https:\/\/compartilhabahia.com.br\/\",\"logo\":{\"@type\":\"ImageObject\",\"inLanguage\":\"pt-BR\",\"@id\":\"https:\/\/compartilhabahia.com.br\/#\/schema\/logo\/image\/\",\"url\":\"https:\/\/compartilhabahia.com.br\/wp-content\/uploads\/2023\/12\/cropped-logo.png\",\"contentUrl\":\"https:\/\/compartilhabahia.com.br\/wp-content\/uploads\/2023\/12\/cropped-logo.png\",\"width\":300,\"height\":106,\"caption\":\"Compartilha Bahia\"},\"image\":{\"@id\":\"https:\/\/compartilhabahia.com.br\/#\/schema\/logo\/image\/\"},\"sameAs\":[\"https:\/\/web.facebook.com\/compartilhabahia\",\"https:\/\/www.instagram.com\/compartilhabahia\/\"]},{\"@type\":\"Person\",\"@id\":\"https:\/\/compartilhabahia.com.br\/#\/schema\/person\/9b4f0c3178793b8248d6686732521c04\",\"name\":\"admin\",\"image\":{\"@type\":\"ImageObject\",\"inLanguage\":\"pt-BR\",\"@id\":\"https:\/\/compartilhabahia.com.br\/#\/schema\/person\/image\/\",\"url\":\"https:\/\/secure.gravatar.com\/avatar\/9600df58751c5acbe914c538c03390ef649ea088cb65f84ba09c7ce66988eed6?s=96&d=mm&r=g\",\"contentUrl\":\"https:\/\/secure.gravatar.com\/avatar\/9600df58751c5acbe914c538c03390ef649ea088cb65f84ba09c7ce66988eed6?s=96&d=mm&r=g\",\"caption\":\"admin\"},\"sameAs\":[\"https:\/\/compartilhabahia.com.br\"],\"url\":\"https:\/\/compartilhabahia.com.br\/index.php\/author\/compartilhabahia\/\"}]}<\/script>\n<!-- \/ Yoast SEO plugin. -->","yoast_head_json":{"title":"Preso dentista suspeito de dar mais de 20 facadas em motorista de app em Cama\u00e7ari; v\u00edtima se fingiu de morta - Compartilha Bahia","robots":{"index":"index","follow":"follow","max-snippet":"max-snippet:-1","max-image-preview":"max-image-preview:large","max-video-preview":"max-video-preview:-1"},"canonical":"https:\/\/compartilhabahia.com.br\/index.php\/2024\/04\/25\/preso-dentista-suspeito-de-dar-mais-de-20-facadas-em-motorista-de-app-em-camacari-vitima-se-fingiu-de-morta\/","og_locale":"pt_BR","og_type":"article","og_title":"Preso dentista suspeito de dar mais de 20 facadas em motorista de app em Cama\u00e7ari; v\u00edtima se fingiu de morta - Compartilha Bahia","og_description":"Foi preso na tarde desta quarta-feira (24\/4) o dentista Rodrigo Barreto, suspeito de esfaquear a motorista de aplicativo Lilian Borges, no \u00faltimo dia 15 de abril, em Cama\u00e7ari, na Regi\u00e3o Metropolitana de Salvador (RMS). Ele estava escondido na casa dos pais, no bairro do Imbu\u00ed, em Salvador, segundo confirmou a pol\u00edcia \u2013 com exclusividade \u2013 [&hellip;]","og_url":"https:\/\/compartilhabahia.com.br\/index.php\/2024\/04\/25\/preso-dentista-suspeito-de-dar-mais-de-20-facadas-em-motorista-de-app-em-camacari-vitima-se-fingiu-de-morta\/","og_site_name":"Compartilha Bahia","article_publisher":"https:\/\/web.facebook.com\/compartilhabahia","article_published_time":"2024-04-25T10:49:30+00:00","article_modified_time":"2024-04-25T10:49:31+00:00","og_image":[{"width":740,"height":470,"url":"https:\/\/compartilhabahia.com.br\/wp-content\/uploads\/2024\/04\/dentista-preso-.jpg","type":"image\/jpeg"}],"author":"admin","twitter_card":"summary_large_image","twitter_misc":{"Escrito por":"admin","Est. tempo de leitura":"3 minutos"},"schema":{"@context":"https:\/\/schema.org","@graph":[{"@type":"Article","@id":"https:\/\/compartilhabahia.com.br\/index.php\/2024\/04\/25\/preso-dentista-suspeito-de-dar-mais-de-20-facadas-em-motorista-de-app-em-camacari-vitima-se-fingiu-de-morta\/#article","isPartOf":{"@id":"https:\/\/compartilhabahia.com.br\/index.php\/2024\/04\/25\/preso-dentista-suspeito-de-dar-mais-de-20-facadas-em-motorista-de-app-em-camacari-vitima-se-fingiu-de-morta\/"},"author":{"name":"admin","@id":"https:\/\/compartilhabahia.com.br\/#\/schema\/person\/9b4f0c3178793b8248d6686732521c04"},"headline":"Preso dentista suspeito de dar mais de 20 facadas em motorista de app em Cama\u00e7ari; v\u00edtima se fingiu de morta","datePublished":"2024-04-25T10:49:30+00:00","dateModified":"2024-04-25T10:49:31+00:00","mainEntityOfPage":{"@id":"https:\/\/compartilhabahia.com.br\/index.php\/2024\/04\/25\/preso-dentista-suspeito-de-dar-mais-de-20-facadas-em-motorista-de-app-em-camacari-vitima-se-fingiu-de-morta\/"},"wordCount":573,"commentCount":0,"publisher":{"@id":"https:\/\/compartilhabahia.com.br\/#organization"},"articleSection":["Cama\u00e7ari"],"inLanguage":"pt-BR","potentialAction":[{"@type":"CommentAction","name":"Comment","target":["https:\/\/compartilhabahia.com.br\/index.php\/2024\/04\/25\/preso-dentista-suspeito-de-dar-mais-de-20-facadas-em-motorista-de-app-em-camacari-vitima-se-fingiu-de-morta\/#respond"]}]},{"@type":"WebPage","@id":"https:\/\/compartilhabahia.com.br\/index.php\/2024\/04\/25\/preso-dentista-suspeito-de-dar-mais-de-20-facadas-em-motorista-de-app-em-camacari-vitima-se-fingiu-de-morta\/","url":"https:\/\/compartilhabahia.com.br\/index.php\/2024\/04\/25\/preso-dentista-suspeito-de-dar-mais-de-20-facadas-em-motorista-de-app-em-camacari-vitima-se-fingiu-de-morta\/","name":"Preso dentista suspeito de dar mais de 20 facadas em motorista de app em Cama\u00e7ari; v\u00edtima se fingiu de morta - Compartilha Bahia","isPartOf":{"@id":"https:\/\/compartilhabahia.com.br\/#website"},"datePublished":"2024-04-25T10:49:30+00:00","dateModified":"2024-04-25T10:49:31+00:00","breadcrumb":{"@id":"https:\/\/compartilhabahia.com.br\/index.php\/2024\/04\/25\/preso-dentista-suspeito-de-dar-mais-de-20-facadas-em-motorista-de-app-em-camacari-vitima-se-fingiu-de-morta\/#breadcrumb"},"inLanguage":"pt-BR","potentialAction":[{"@type":"ReadAction","target":["https:\/\/compartilhabahia.com.br\/index.php\/2024\/04\/25\/preso-dentista-suspeito-de-dar-mais-de-20-facadas-em-motorista-de-app-em-camacari-vitima-se-fingiu-de-morta\/"]}]},{"@type":"BreadcrumbList","@id":"https:\/\/compartilhabahia.com.br\/index.php\/2024\/04\/25\/preso-dentista-suspeito-de-dar-mais-de-20-facadas-em-motorista-de-app-em-camacari-vitima-se-fingiu-de-morta\/#breadcrumb","itemListElement":[{"@type":"ListItem","position":1,"name":"In\u00edcio","item":"https:\/\/compartilhabahia.com.br\/"},{"@type":"ListItem","position":2,"name":"Preso dentista suspeito de dar mais de 20 facadas em motorista de app em Cama\u00e7ari; v\u00edtima se fingiu de morta"}]},{"@type":"WebSite","@id":"https:\/\/compartilhabahia.com.br\/#website","url":"https:\/\/compartilhabahia.com.br\/","name":"Compartilha Bahia","description":"","publisher":{"@id":"https:\/\/compartilhabahia.com.br\/#organization"},"potentialAction":[{"@type":"SearchAction","target":{"@type":"EntryPoint","urlTemplate":"https:\/\/compartilhabahia.com.br\/?s={search_term_string}"},"query-input":"required name=search_term_string"}],"inLanguage":"pt-BR"},{"@type":"Organization","@id":"https:\/\/compartilhabahia.com.br\/#organization","name":"Compartilha Bahia","url":"https:\/\/compartilhabahia.com.br\/","logo":{"@type":"ImageObject","inLanguage":"pt-BR","@id":"https:\/\/compartilhabahia.com.br\/#\/schema\/logo\/image\/","url":"https:\/\/compartilhabahia.com.br\/wp-content\/uploads\/2023\/12\/cropped-logo.png","contentUrl":"https:\/\/compartilhabahia.com.br\/wp-content\/uploads\/2023\/12\/cropped-logo.png","width":300,"height":106,"caption":"Compartilha Bahia"},"image":{"@id":"https:\/\/compartilhabahia.com.br\/#\/schema\/logo\/image\/"},"sameAs":["https:\/\/web.facebook.com\/compartilhabahia","https:\/\/www.instagram.com\/compartilhabahia\/"]},{"@type":"Person","@id":"https:\/\/compartilhabahia.com.br\/#\/schema\/person\/9b4f0c3178793b8248d6686732521c04","name":"admin","image":{"@type":"ImageObject","inLanguage":"pt-BR","@id":"https:\/\/compartilhabahia.com.br\/#\/schema\/person\/image\/","url":"https:\/\/secure.gravatar.com\/avatar\/9600df58751c5acbe914c538c03390ef649ea088cb65f84ba09c7ce66988eed6?s=96&d=mm&r=g","contentUrl":"https:\/\/secure.gravatar.com\/avatar\/9600df58751c5acbe914c538c03390ef649ea088cb65f84ba09c7ce66988eed6?s=96&d=mm&r=g","caption":"admin"},"sameAs":["https:\/\/compartilhabahia.com.br"],"url":"https:\/\/compartilhabahia.com.br\/index.php\/author\/compartilhabahia\/"}]}},"_links":{"self":[{"href":"https:\/\/compartilhabahia.com.br\/index.php\/wp-json\/wp\/v2\/posts\/1883","targetHints":{"allow":["GET"]}}],"collection":[{"href":"https:\/\/compartilhabahia.com.br\/index.php\/wp-json\/wp\/v2\/posts"}],"about":[{"href":"https:\/\/compartilhabahia.com.br\/index.php\/wp-json\/wp\/v2\/types\/post"}],"author":[{"embeddable":true,"href":"https:\/\/compartilhabahia.com.br\/index.php\/wp-json\/wp\/v2\/users\/1"}],"replies":[{"embeddable":true,"href":"https:\/\/compartilhabahia.com.br\/index.php\/wp-json\/wp\/v2\/comments?post=1883"}],"version-history":[{"count":1,"href":"https:\/\/compartilhabahia.com.br\/index.php\/wp-json\/wp\/v2\/posts\/1883\/revisions"}],"predecessor-version":[{"id":1885,"href":"https:\/\/compartilhabahia.com.br\/index.php\/wp-json\/wp\/v2\/posts\/1883\/revisions\/1885"}],"wp:featuredmedia":[{"embeddable":true,"href":"https:\/\/compartilhabahia.com.br\/index.php\/wp-json\/wp\/v2\/media\/1884"}],"wp:attachment":[{"href":"https:\/\/compartilhabahia.com.br\/index.php\/wp-json\/wp\/v2\/media?parent=1883"}],"wp:term":[{"taxonomy":"category","embeddable":true,"href":"https:\/\/compartilhabahia.com.br\/index.php\/wp-json\/wp\/v2\/categories?post=1883"},{"taxonomy":"post_tag","embeddable":true,"href":"https:\/\/compartilhabahia.com.br\/index.php\/wp-json\/wp\/v2\/tags?post=1883"}],"curies":[{"name":"wp","href":"https:\/\/api.w.org\/{rel}","templated":true}]}}