{"id":1878,"date":"2024-04-24T12:51:33","date_gmt":"2024-04-24T12:51:33","guid":{"rendered":"https:\/\/compartilhabahia.com.br\/?p=1878"},"modified":"2024-04-24T12:51:34","modified_gmt":"2024-04-24T12:51:34","slug":"daniel-do-pet-faz-aniversario-e-dando-os-parabens-os-cachorros-latem-e-os-gatos-miam","status":"publish","type":"post","link":"https:\/\/compartilhabahia.com.br\/index.php\/2024\/04\/24\/daniel-do-pet-faz-aniversario-e-dando-os-parabens-os-cachorros-latem-e-os-gatos-miam\/","title":{"rendered":"Daniel do PET faz anivers\u00e1rio e dando os parab\u00e9ns os cachorros latem e os gatos miam"},"content":{"rendered":"\n<p>Brincadeira a parte, hoje queremos homenagear o Daniel do PET, que completa anivers\u00e1rio. No meio de tantas alegrias mais esta, que torna esta quarta-feira (24), amplamente especial, nos permitindo um instante de reflex\u00e3o para contemplar a import\u00e2ncia, que a exist\u00eancia de pessoas como ele tem nas nossas vidas.<\/p>\n\n\n\n<p>A vida com voc\u00ea Daniel, fica mais f\u00e1cil. Voc\u00ea \u00e9 um cara grand\u00e3o, do bem, que estende a m\u00e3o, que s\u00f3 faz ajudar.<\/p>\n\n\n\n<p>Parab\u00e9ns, feliz anivers\u00e1rio. \u00c9 o que deseja amigos, familiares e os pets.<\/p>\n","protected":false},"excerpt":{"rendered":"<p>Brincadeira a parte, hoje queremos homenagear o Daniel do PET, que completa anivers\u00e1rio. No meio de tantas alegrias mais esta, que torna esta quarta-feira (24), amplamente especial, nos permitindo um instante de reflex\u00e3o para contemplar a import\u00e2ncia, que a exist\u00eancia de pessoas como ele tem nas nossas vidas. A vida com voc\u00ea Daniel, fica mais [&hellip;]<\/p>\n","protected":false},"author":1,"featured_media":1730,"comment_status":"open","ping_status":"open","sticky":false,"template":"","format":"standard","meta":{"footnotes":""},"categories":[8],"tags":[],"class_list":["post-1878","post","type-post","status-publish","format-standard","has-post-thumbnail","hentry","category-camacari"],"yoast_head":"<!-- This site is optimized with the Yoast SEO plugin v21.7 - https:\/\/yoast.com\/wordpress\/plugins\/seo\/ -->\n<title>Daniel do PET faz anivers\u00e1rio e dando os parab\u00e9ns os cachorros latem e os gatos miam - Compartilha Bahia<\/title>\n<meta name=\"robots\" content=\"index, follow, max-snippet:-1, max-image-preview:large, max-video-preview:-1\" \/>\n<link rel=\"canonical\" href=\"https:\/\/compartilhabahia.com.br\/index.php\/2024\/04\/24\/daniel-do-pet-faz-aniversario-e-dando-os-parabens-os-cachorros-latem-e-os-gatos-miam\/\" \/>\n<meta property=\"og:locale\" content=\"pt_BR\" \/>\n<meta property=\"og:type\" content=\"article\" \/>\n<meta property=\"og:title\" content=\"Daniel do PET faz anivers\u00e1rio e dando os parab\u00e9ns os cachorros latem e os gatos miam - Compartilha Bahia\" \/>\n<meta property=\"og:description\" content=\"Brincadeira a parte, hoje queremos homenagear o Daniel do PET, que completa anivers\u00e1rio. No meio de tantas alegrias mais esta, que torna esta quarta-feira (24), amplamente especial, nos permitindo um instante de reflex\u00e3o para contemplar a import\u00e2ncia, que a exist\u00eancia de pessoas como ele tem nas nossas vidas. A vida com voc\u00ea Daniel, fica mais [&hellip;]\" \/>\n<meta property=\"og:url\" content=\"https:\/\/compartilhabahia.com.br\/index.php\/2024\/04\/24\/daniel-do-pet-faz-aniversario-e-dando-os-parabens-os-cachorros-latem-e-os-gatos-miam\/\" \/>\n<meta property=\"og:site_name\" content=\"Compartilha Bahia\" \/>\n<meta property=\"article:publisher\" content=\"https:\/\/web.facebook.com\/compartilhabahia\" \/>\n<meta property=\"article:published_time\" content=\"2024-04-24T12:51:33+00:00\" \/>\n<meta property=\"article:modified_time\" content=\"2024-04-24T12:51:34+00:00\" \/>\n<meta property=\"og:image\" content=\"https:\/\/compartilhabahia.com.br\/wp-content\/uploads\/2024\/04\/danieldopet.jpg\" \/>\n\t<meta property=\"og:image:width\" content=\"1080\" \/>\n\t<meta property=\"og:image:height\" content=\"1080\" \/>\n\t<meta property=\"og:image:type\" content=\"image\/jpeg\" \/>\n<meta name=\"author\" content=\"admin\" \/>\n<meta name=\"twitter:card\" content=\"summary_large_image\" \/>\n<meta name=\"twitter:label1\" content=\"Escrito por\" \/>\n\t<meta name=\"twitter:data1\" content=\"admin\" \/>\n\t<meta name=\"twitter:label2\" content=\"Est. tempo de leitura\" \/>\n\t<meta name=\"twitter:data2\" content=\"1 minuto\" \/>\n<script type=\"application\/ld+json\" class=\"yoast-schema-graph\">{\"@context\":\"https:\/\/schema.org\",\"@graph\":[{\"@type\":\"Article\",\"@id\":\"https:\/\/compartilhabahia.com.br\/index.php\/2024\/04\/24\/daniel-do-pet-faz-aniversario-e-dando-os-parabens-os-cachorros-latem-e-os-gatos-miam\/#article\",\"isPartOf\":{\"@id\":\"https:\/\/compartilhabahia.com.br\/index.php\/2024\/04\/24\/daniel-do-pet-faz-aniversario-e-dando-os-parabens-os-cachorros-latem-e-os-gatos-miam\/\"},\"author\":{\"name\":\"admin\",\"@id\":\"https:\/\/compartilhabahia.com.br\/#\/schema\/person\/9b4f0c3178793b8248d6686732521c04\"},\"headline\":\"Daniel do PET faz anivers\u00e1rio e dando os parab\u00e9ns os cachorros latem e os gatos miam\",\"datePublished\":\"2024-04-24T12:51:33+00:00\",\"dateModified\":\"2024-04-24T12:51:34+00:00\",\"mainEntityOfPage\":{\"@id\":\"https:\/\/compartilhabahia.com.br\/index.php\/2024\/04\/24\/daniel-do-pet-faz-aniversario-e-dando-os-parabens-os-cachorros-latem-e-os-gatos-miam\/\"},\"wordCount\":107,\"commentCount\":0,\"publisher\":{\"@id\":\"https:\/\/compartilhabahia.com.br\/#organization\"},\"articleSection\":[\"Cama\u00e7ari\"],\"inLanguage\":\"pt-BR\",\"potentialAction\":[{\"@type\":\"CommentAction\",\"name\":\"Comment\",\"target\":[\"https:\/\/compartilhabahia.com.br\/index.php\/2024\/04\/24\/daniel-do-pet-faz-aniversario-e-dando-os-parabens-os-cachorros-latem-e-os-gatos-miam\/#respond\"]}]},{\"@type\":\"WebPage\",\"@id\":\"https:\/\/compartilhabahia.com.br\/index.php\/2024\/04\/24\/daniel-do-pet-faz-aniversario-e-dando-os-parabens-os-cachorros-latem-e-os-gatos-miam\/\",\"url\":\"https:\/\/compartilhabahia.com.br\/index.php\/2024\/04\/24\/daniel-do-pet-faz-aniversario-e-dando-os-parabens-os-cachorros-latem-e-os-gatos-miam\/\",\"name\":\"Daniel do PET faz anivers\u00e1rio e dando os parab\u00e9ns os cachorros latem e os gatos miam - Compartilha Bahia\",\"isPartOf\":{\"@id\":\"https:\/\/compartilhabahia.com.br\/#website\"},\"datePublished\":\"2024-04-24T12:51:33+00:00\",\"dateModified\":\"2024-04-24T12:51:34+00:00\",\"breadcrumb\":{\"@id\":\"https:\/\/compartilhabahia.com.br\/index.php\/2024\/04\/24\/daniel-do-pet-faz-aniversario-e-dando-os-parabens-os-cachorros-latem-e-os-gatos-miam\/#breadcrumb\"},\"inLanguage\":\"pt-BR\",\"potentialAction\":[{\"@type\":\"ReadAction\",\"target\":[\"https:\/\/compartilhabahia.com.br\/index.php\/2024\/04\/24\/daniel-do-pet-faz-aniversario-e-dando-os-parabens-os-cachorros-latem-e-os-gatos-miam\/\"]}]},{\"@type\":\"BreadcrumbList\",\"@id\":\"https:\/\/compartilhabahia.com.br\/index.php\/2024\/04\/24\/daniel-do-pet-faz-aniversario-e-dando-os-parabens-os-cachorros-latem-e-os-gatos-miam\/#breadcrumb\",\"itemListElement\":[{\"@type\":\"ListItem\",\"position\":1,\"name\":\"In\u00edcio\",\"item\":\"https:\/\/compartilhabahia.com.br\/\"},{\"@type\":\"ListItem\",\"position\":2,\"name\":\"Daniel do PET faz anivers\u00e1rio e dando os parab\u00e9ns os cachorros latem e os gatos miam\"}]},{\"@type\":\"WebSite\",\"@id\":\"https:\/\/compartilhabahia.com.br\/#website\",\"url\":\"https:\/\/compartilhabahia.com.br\/\",\"name\":\"Compartilha Bahia\",\"description\":\"\",\"publisher\":{\"@id\":\"https:\/\/compartilhabahia.com.br\/#organization\"},\"potentialAction\":[{\"@type\":\"SearchAction\",\"target\":{\"@type\":\"EntryPoint\",\"urlTemplate\":\"https:\/\/compartilhabahia.com.br\/?s={search_term_string}\"},\"query-input\":\"required name=search_term_string\"}],\"inLanguage\":\"pt-BR\"},{\"@type\":\"Organization\",\"@id\":\"https:\/\/compartilhabahia.com.br\/#organization\",\"name\":\"Compartilha Bahia\",\"url\":\"https:\/\/compartilhabahia.com.br\/\",\"logo\":{\"@type\":\"ImageObject\",\"inLanguage\":\"pt-BR\",\"@id\":\"https:\/\/compartilhabahia.com.br\/#\/schema\/logo\/image\/\",\"url\":\"https:\/\/compartilhabahia.com.br\/wp-content\/uploads\/2023\/12\/cropped-logo.png\",\"contentUrl\":\"https:\/\/compartilhabahia.com.br\/wp-content\/uploads\/2023\/12\/cropped-logo.png\",\"width\":300,\"height\":106,\"caption\":\"Compartilha Bahia\"},\"image\":{\"@id\":\"https:\/\/compartilhabahia.com.br\/#\/schema\/logo\/image\/\"},\"sameAs\":[\"https:\/\/web.facebook.com\/compartilhabahia\",\"https:\/\/www.instagram.com\/compartilhabahia\/\"]},{\"@type\":\"Person\",\"@id\":\"https:\/\/compartilhabahia.com.br\/#\/schema\/person\/9b4f0c3178793b8248d6686732521c04\",\"name\":\"admin\",\"image\":{\"@type\":\"ImageObject\",\"inLanguage\":\"pt-BR\",\"@id\":\"https:\/\/compartilhabahia.com.br\/#\/schema\/person\/image\/\",\"url\":\"https:\/\/secure.gravatar.com\/avatar\/9600df58751c5acbe914c538c03390ef649ea088cb65f84ba09c7ce66988eed6?s=96&d=mm&r=g\",\"contentUrl\":\"https:\/\/secure.gravatar.com\/avatar\/9600df58751c5acbe914c538c03390ef649ea088cb65f84ba09c7ce66988eed6?s=96&d=mm&r=g\",\"caption\":\"admin\"},\"sameAs\":[\"https:\/\/compartilhabahia.com.br\"],\"url\":\"https:\/\/compartilhabahia.com.br\/index.php\/author\/compartilhabahia\/\"}]}<\/script>\n<!-- \/ Yoast SEO plugin. -->","yoast_head_json":{"title":"Daniel do PET faz anivers\u00e1rio e dando os parab\u00e9ns os cachorros latem e os gatos miam - Compartilha Bahia","robots":{"index":"index","follow":"follow","max-snippet":"max-snippet:-1","max-image-preview":"max-image-preview:large","max-video-preview":"max-video-preview:-1"},"canonical":"https:\/\/compartilhabahia.com.br\/index.php\/2024\/04\/24\/daniel-do-pet-faz-aniversario-e-dando-os-parabens-os-cachorros-latem-e-os-gatos-miam\/","og_locale":"pt_BR","og_type":"article","og_title":"Daniel do PET faz anivers\u00e1rio e dando os parab\u00e9ns os cachorros latem e os gatos miam - Compartilha Bahia","og_description":"Brincadeira a parte, hoje queremos homenagear o Daniel do PET, que completa anivers\u00e1rio. No meio de tantas alegrias mais esta, que torna esta quarta-feira (24), amplamente especial, nos permitindo um instante de reflex\u00e3o para contemplar a import\u00e2ncia, que a exist\u00eancia de pessoas como ele tem nas nossas vidas. A vida com voc\u00ea Daniel, fica mais [&hellip;]","og_url":"https:\/\/compartilhabahia.com.br\/index.php\/2024\/04\/24\/daniel-do-pet-faz-aniversario-e-dando-os-parabens-os-cachorros-latem-e-os-gatos-miam\/","og_site_name":"Compartilha Bahia","article_publisher":"https:\/\/web.facebook.com\/compartilhabahia","article_published_time":"2024-04-24T12:51:33+00:00","article_modified_time":"2024-04-24T12:51:34+00:00","og_image":[{"width":1080,"height":1080,"url":"https:\/\/compartilhabahia.com.br\/wp-content\/uploads\/2024\/04\/danieldopet.jpg","type":"image\/jpeg"}],"author":"admin","twitter_card":"summary_large_image","twitter_misc":{"Escrito por":"admin","Est. tempo de leitura":"1 minuto"},"schema":{"@context":"https:\/\/schema.org","@graph":[{"@type":"Article","@id":"https:\/\/compartilhabahia.com.br\/index.php\/2024\/04\/24\/daniel-do-pet-faz-aniversario-e-dando-os-parabens-os-cachorros-latem-e-os-gatos-miam\/#article","isPartOf":{"@id":"https:\/\/compartilhabahia.com.br\/index.php\/2024\/04\/24\/daniel-do-pet-faz-aniversario-e-dando-os-parabens-os-cachorros-latem-e-os-gatos-miam\/"},"author":{"name":"admin","@id":"https:\/\/compartilhabahia.com.br\/#\/schema\/person\/9b4f0c3178793b8248d6686732521c04"},"headline":"Daniel do PET faz anivers\u00e1rio e dando os parab\u00e9ns os cachorros latem e os gatos miam","datePublished":"2024-04-24T12:51:33+00:00","dateModified":"2024-04-24T12:51:34+00:00","mainEntityOfPage":{"@id":"https:\/\/compartilhabahia.com.br\/index.php\/2024\/04\/24\/daniel-do-pet-faz-aniversario-e-dando-os-parabens-os-cachorros-latem-e-os-gatos-miam\/"},"wordCount":107,"commentCount":0,"publisher":{"@id":"https:\/\/compartilhabahia.com.br\/#organization"},"articleSection":["Cama\u00e7ari"],"inLanguage":"pt-BR","potentialAction":[{"@type":"CommentAction","name":"Comment","target":["https:\/\/compartilhabahia.com.br\/index.php\/2024\/04\/24\/daniel-do-pet-faz-aniversario-e-dando-os-parabens-os-cachorros-latem-e-os-gatos-miam\/#respond"]}]},{"@type":"WebPage","@id":"https:\/\/compartilhabahia.com.br\/index.php\/2024\/04\/24\/daniel-do-pet-faz-aniversario-e-dando-os-parabens-os-cachorros-latem-e-os-gatos-miam\/","url":"https:\/\/compartilhabahia.com.br\/index.php\/2024\/04\/24\/daniel-do-pet-faz-aniversario-e-dando-os-parabens-os-cachorros-latem-e-os-gatos-miam\/","name":"Daniel do PET faz anivers\u00e1rio e dando os parab\u00e9ns os cachorros latem e os gatos miam - Compartilha Bahia","isPartOf":{"@id":"https:\/\/compartilhabahia.com.br\/#website"},"datePublished":"2024-04-24T12:51:33+00:00","dateModified":"2024-04-24T12:51:34+00:00","breadcrumb":{"@id":"https:\/\/compartilhabahia.com.br\/index.php\/2024\/04\/24\/daniel-do-pet-faz-aniversario-e-dando-os-parabens-os-cachorros-latem-e-os-gatos-miam\/#breadcrumb"},"inLanguage":"pt-BR","potentialAction":[{"@type":"ReadAction","target":["https:\/\/compartilhabahia.com.br\/index.php\/2024\/04\/24\/daniel-do-pet-faz-aniversario-e-dando-os-parabens-os-cachorros-latem-e-os-gatos-miam\/"]}]},{"@type":"BreadcrumbList","@id":"https:\/\/compartilhabahia.com.br\/index.php\/2024\/04\/24\/daniel-do-pet-faz-aniversario-e-dando-os-parabens-os-cachorros-latem-e-os-gatos-miam\/#breadcrumb","itemListElement":[{"@type":"ListItem","position":1,"name":"In\u00edcio","item":"https:\/\/compartilhabahia.com.br\/"},{"@type":"ListItem","position":2,"name":"Daniel do PET faz anivers\u00e1rio e dando os parab\u00e9ns os cachorros latem e os gatos miam"}]},{"@type":"WebSite","@id":"https:\/\/compartilhabahia.com.br\/#website","url":"https:\/\/compartilhabahia.com.br\/","name":"Compartilha Bahia","description":"","publisher":{"@id":"https:\/\/compartilhabahia.com.br\/#organization"},"potentialAction":[{"@type":"SearchAction","target":{"@type":"EntryPoint","urlTemplate":"https:\/\/compartilhabahia.com.br\/?s={search_term_string}"},"query-input":"required name=search_term_string"}],"inLanguage":"pt-BR"},{"@type":"Organization","@id":"https:\/\/compartilhabahia.com.br\/#organization","name":"Compartilha Bahia","url":"https:\/\/compartilhabahia.com.br\/","logo":{"@type":"ImageObject","inLanguage":"pt-BR","@id":"https:\/\/compartilhabahia.com.br\/#\/schema\/logo\/image\/","url":"https:\/\/compartilhabahia.com.br\/wp-content\/uploads\/2023\/12\/cropped-logo.png","contentUrl":"https:\/\/compartilhabahia.com.br\/wp-content\/uploads\/2023\/12\/cropped-logo.png","width":300,"height":106,"caption":"Compartilha Bahia"},"image":{"@id":"https:\/\/compartilhabahia.com.br\/#\/schema\/logo\/image\/"},"sameAs":["https:\/\/web.facebook.com\/compartilhabahia","https:\/\/www.instagram.com\/compartilhabahia\/"]},{"@type":"Person","@id":"https:\/\/compartilhabahia.com.br\/#\/schema\/person\/9b4f0c3178793b8248d6686732521c04","name":"admin","image":{"@type":"ImageObject","inLanguage":"pt-BR","@id":"https:\/\/compartilhabahia.com.br\/#\/schema\/person\/image\/","url":"https:\/\/secure.gravatar.com\/avatar\/9600df58751c5acbe914c538c03390ef649ea088cb65f84ba09c7ce66988eed6?s=96&d=mm&r=g","contentUrl":"https:\/\/secure.gravatar.com\/avatar\/9600df58751c5acbe914c538c03390ef649ea088cb65f84ba09c7ce66988eed6?s=96&d=mm&r=g","caption":"admin"},"sameAs":["https:\/\/compartilhabahia.com.br"],"url":"https:\/\/compartilhabahia.com.br\/index.php\/author\/compartilhabahia\/"}]}},"_links":{"self":[{"href":"https:\/\/compartilhabahia.com.br\/index.php\/wp-json\/wp\/v2\/posts\/1878","targetHints":{"allow":["GET"]}}],"collection":[{"href":"https:\/\/compartilhabahia.com.br\/index.php\/wp-json\/wp\/v2\/posts"}],"about":[{"href":"https:\/\/compartilhabahia.com.br\/index.php\/wp-json\/wp\/v2\/types\/post"}],"author":[{"embeddable":true,"href":"https:\/\/compartilhabahia.com.br\/index.php\/wp-json\/wp\/v2\/users\/1"}],"replies":[{"embeddable":true,"href":"https:\/\/compartilhabahia.com.br\/index.php\/wp-json\/wp\/v2\/comments?post=1878"}],"version-history":[{"count":1,"href":"https:\/\/compartilhabahia.com.br\/index.php\/wp-json\/wp\/v2\/posts\/1878\/revisions"}],"predecessor-version":[{"id":1879,"href":"https:\/\/compartilhabahia.com.br\/index.php\/wp-json\/wp\/v2\/posts\/1878\/revisions\/1879"}],"wp:featuredmedia":[{"embeddable":true,"href":"https:\/\/compartilhabahia.com.br\/index.php\/wp-json\/wp\/v2\/media\/1730"}],"wp:attachment":[{"href":"https:\/\/compartilhabahia.com.br\/index.php\/wp-json\/wp\/v2\/media?parent=1878"}],"wp:term":[{"taxonomy":"category","embeddable":true,"href":"https:\/\/compartilhabahia.com.br\/index.php\/wp-json\/wp\/v2\/categories?post=1878"},{"taxonomy":"post_tag","embeddable":true,"href":"https:\/\/compartilhabahia.com.br\/index.php\/wp-json\/wp\/v2\/tags?post=1878"}],"curies":[{"name":"wp","href":"https:\/\/api.w.org\/{rel}","templated":true}]}}