{"id":1747,"date":"2024-04-14T00:49:55","date_gmt":"2024-04-14T00:49:55","guid":{"rendered":"https:\/\/compartilhabahia.com.br\/?p=1747"},"modified":"2024-04-14T00:49:56","modified_gmt":"2024-04-14T00:49:56","slug":"ao-lado-de-caetano-val-estilos-faz-forte-discurso-durante-diga-ai-de-monte-gordo","status":"publish","type":"post","link":"https:\/\/compartilhabahia.com.br\/index.php\/2024\/04\/14\/ao-lado-de-caetano-val-estilos-faz-forte-discurso-durante-diga-ai-de-monte-gordo\/","title":{"rendered":"Ao lado de Caetano Val Estilos faz forte discurso durante \u201cDiga A\u00ed\u201d de Monte Gordo"},"content":{"rendered":"\n<p>\u201cQuem arquitetou a interrup\u00e7\u00e3o do meu mandato foi a base do meu pr\u00f3prio governo\u201d, desabafa Val Estilos<\/p>\n\n\n\n<p>Vereador eleito com mais de 3 mil votos em Cama\u00e7ari, Val Estilos fez um forte discurso durante \u201cDiga A\u00ed\u201d de Vila de Monte Gordo, que aconteceu na tarde deste s\u00e1bado (13).<\/p>\n\n\n\n<p>Ao lado de Caetano, Val Estilos afirmou que teve seu mandato cassado com o aux\u00edlio da \u201cbase do governo municipal\u201d, do qual era aliado.<\/p>\n\n\n\n<p>\u201cEu fazia parte de um projeto que eu sempre acreditei, mas vivi momentos de grande dificuldade, principalmente quando tive meu mandato interrompido por militantes que est\u00e3o hoje no bra\u00e7o governo que eu fazia parte. Quem arquitetou a interrup\u00e7\u00e3o do meu mandato foi a base do meu pr\u00f3prio governo. Eu fui um vereador injusti\u00e7ado. Eu n\u00e3o cometi crime algum. O meu \u00fanico crime \u00e9 cuidar de gente, atender o povo, dar aten\u00e7\u00e3o as pessoas naquilo que elas tem necessidade, a sa\u00fade\u201d, disse Val Estilos.<\/p>\n\n\n\n<p>Ele tamb\u00e9m afirmou que acredita numa mudan\u00e7a de gest\u00e3o da sa\u00fade de Cama\u00e7ari a partir de 2025, e cravou que, se n\u00e3o for candidato a vereador neste ano, apoiar\u00e1 Francisales de Val Estilos.<\/p>\n","protected":false},"excerpt":{"rendered":"<p>\u201cQuem arquitetou a interrup\u00e7\u00e3o do meu mandato foi a base do meu pr\u00f3prio governo\u201d, desabafa Val Estilos Vereador eleito com mais de 3 mil votos em Cama\u00e7ari, Val Estilos fez um forte discurso durante \u201cDiga A\u00ed\u201d de Vila de Monte Gordo, que aconteceu na tarde deste s\u00e1bado (13). Ao lado de Caetano, Val Estilos afirmou [&hellip;]<\/p>\n","protected":false},"author":1,"featured_media":1748,"comment_status":"open","ping_status":"open","sticky":false,"template":"","format":"standard","meta":{"footnotes":""},"categories":[8],"tags":[],"class_list":["post-1747","post","type-post","status-publish","format-standard","has-post-thumbnail","hentry","category-camacari"],"yoast_head":"<!-- This site is optimized with the Yoast SEO plugin v21.7 - https:\/\/yoast.com\/wordpress\/plugins\/seo\/ -->\n<title>Ao lado de Caetano Val Estilos faz forte discurso durante \u201cDiga A\u00ed\u201d de Monte Gordo - Compartilha Bahia<\/title>\n<meta name=\"robots\" content=\"index, follow, max-snippet:-1, max-image-preview:large, max-video-preview:-1\" \/>\n<link rel=\"canonical\" href=\"https:\/\/compartilhabahia.com.br\/index.php\/2024\/04\/14\/ao-lado-de-caetano-val-estilos-faz-forte-discurso-durante-diga-ai-de-monte-gordo\/\" \/>\n<meta property=\"og:locale\" content=\"pt_BR\" \/>\n<meta property=\"og:type\" content=\"article\" \/>\n<meta property=\"og:title\" content=\"Ao lado de Caetano Val Estilos faz forte discurso durante \u201cDiga A\u00ed\u201d de Monte Gordo - Compartilha Bahia\" \/>\n<meta property=\"og:description\" content=\"\u201cQuem arquitetou a interrup\u00e7\u00e3o do meu mandato foi a base do meu pr\u00f3prio governo\u201d, desabafa Val Estilos Vereador eleito com mais de 3 mil votos em Cama\u00e7ari, Val Estilos fez um forte discurso durante \u201cDiga A\u00ed\u201d de Vila de Monte Gordo, que aconteceu na tarde deste s\u00e1bado (13). Ao lado de Caetano, Val Estilos afirmou [&hellip;]\" \/>\n<meta property=\"og:url\" content=\"https:\/\/compartilhabahia.com.br\/index.php\/2024\/04\/14\/ao-lado-de-caetano-val-estilos-faz-forte-discurso-durante-diga-ai-de-monte-gordo\/\" \/>\n<meta property=\"og:site_name\" content=\"Compartilha Bahia\" \/>\n<meta property=\"article:publisher\" content=\"https:\/\/web.facebook.com\/compartilhabahia\" \/>\n<meta property=\"article:published_time\" content=\"2024-04-14T00:49:55+00:00\" \/>\n<meta property=\"article:modified_time\" content=\"2024-04-14T00:49:56+00:00\" \/>\n<meta property=\"og:image\" content=\"https:\/\/compartilhabahia.com.br\/wp-content\/uploads\/2024\/04\/WhatsApp-Image-2024-04-13-at-21.22.05.jpeg\" \/>\n\t<meta property=\"og:image:width\" content=\"1600\" \/>\n\t<meta property=\"og:image:height\" content=\"1066\" \/>\n\t<meta property=\"og:image:type\" content=\"image\/jpeg\" \/>\n<meta name=\"author\" content=\"admin\" \/>\n<meta name=\"twitter:card\" content=\"summary_large_image\" \/>\n<meta name=\"twitter:label1\" content=\"Escrito por\" \/>\n\t<meta name=\"twitter:data1\" content=\"admin\" \/>\n\t<meta name=\"twitter:label2\" content=\"Est. tempo de leitura\" \/>\n\t<meta name=\"twitter:data2\" content=\"2 minutos\" \/>\n<script type=\"application\/ld+json\" class=\"yoast-schema-graph\">{\"@context\":\"https:\/\/schema.org\",\"@graph\":[{\"@type\":\"Article\",\"@id\":\"https:\/\/compartilhabahia.com.br\/index.php\/2024\/04\/14\/ao-lado-de-caetano-val-estilos-faz-forte-discurso-durante-diga-ai-de-monte-gordo\/#article\",\"isPartOf\":{\"@id\":\"https:\/\/compartilhabahia.com.br\/index.php\/2024\/04\/14\/ao-lado-de-caetano-val-estilos-faz-forte-discurso-durante-diga-ai-de-monte-gordo\/\"},\"author\":{\"name\":\"admin\",\"@id\":\"https:\/\/compartilhabahia.com.br\/#\/schema\/person\/9b4f0c3178793b8248d6686732521c04\"},\"headline\":\"Ao lado de Caetano Val Estilos faz forte discurso durante \u201cDiga A\u00ed\u201d de Monte Gordo\",\"datePublished\":\"2024-04-14T00:49:55+00:00\",\"dateModified\":\"2024-04-14T00:49:56+00:00\",\"mainEntityOfPage\":{\"@id\":\"https:\/\/compartilhabahia.com.br\/index.php\/2024\/04\/14\/ao-lado-de-caetano-val-estilos-faz-forte-discurso-durante-diga-ai-de-monte-gordo\/\"},\"wordCount\":218,\"commentCount\":0,\"publisher\":{\"@id\":\"https:\/\/compartilhabahia.com.br\/#organization\"},\"articleSection\":[\"Cama\u00e7ari\"],\"inLanguage\":\"pt-BR\",\"potentialAction\":[{\"@type\":\"CommentAction\",\"name\":\"Comment\",\"target\":[\"https:\/\/compartilhabahia.com.br\/index.php\/2024\/04\/14\/ao-lado-de-caetano-val-estilos-faz-forte-discurso-durante-diga-ai-de-monte-gordo\/#respond\"]}]},{\"@type\":\"WebPage\",\"@id\":\"https:\/\/compartilhabahia.com.br\/index.php\/2024\/04\/14\/ao-lado-de-caetano-val-estilos-faz-forte-discurso-durante-diga-ai-de-monte-gordo\/\",\"url\":\"https:\/\/compartilhabahia.com.br\/index.php\/2024\/04\/14\/ao-lado-de-caetano-val-estilos-faz-forte-discurso-durante-diga-ai-de-monte-gordo\/\",\"name\":\"Ao lado de Caetano Val Estilos faz forte discurso durante \u201cDiga A\u00ed\u201d de Monte Gordo - Compartilha Bahia\",\"isPartOf\":{\"@id\":\"https:\/\/compartilhabahia.com.br\/#website\"},\"datePublished\":\"2024-04-14T00:49:55+00:00\",\"dateModified\":\"2024-04-14T00:49:56+00:00\",\"breadcrumb\":{\"@id\":\"https:\/\/compartilhabahia.com.br\/index.php\/2024\/04\/14\/ao-lado-de-caetano-val-estilos-faz-forte-discurso-durante-diga-ai-de-monte-gordo\/#breadcrumb\"},\"inLanguage\":\"pt-BR\",\"potentialAction\":[{\"@type\":\"ReadAction\",\"target\":[\"https:\/\/compartilhabahia.com.br\/index.php\/2024\/04\/14\/ao-lado-de-caetano-val-estilos-faz-forte-discurso-durante-diga-ai-de-monte-gordo\/\"]}]},{\"@type\":\"BreadcrumbList\",\"@id\":\"https:\/\/compartilhabahia.com.br\/index.php\/2024\/04\/14\/ao-lado-de-caetano-val-estilos-faz-forte-discurso-durante-diga-ai-de-monte-gordo\/#breadcrumb\",\"itemListElement\":[{\"@type\":\"ListItem\",\"position\":1,\"name\":\"In\u00edcio\",\"item\":\"https:\/\/compartilhabahia.com.br\/\"},{\"@type\":\"ListItem\",\"position\":2,\"name\":\"Ao lado de Caetano Val Estilos faz forte discurso durante \u201cDiga A\u00ed\u201d de Monte Gordo\"}]},{\"@type\":\"WebSite\",\"@id\":\"https:\/\/compartilhabahia.com.br\/#website\",\"url\":\"https:\/\/compartilhabahia.com.br\/\",\"name\":\"Compartilha Bahia\",\"description\":\"\",\"publisher\":{\"@id\":\"https:\/\/compartilhabahia.com.br\/#organization\"},\"potentialAction\":[{\"@type\":\"SearchAction\",\"target\":{\"@type\":\"EntryPoint\",\"urlTemplate\":\"https:\/\/compartilhabahia.com.br\/?s={search_term_string}\"},\"query-input\":\"required name=search_term_string\"}],\"inLanguage\":\"pt-BR\"},{\"@type\":\"Organization\",\"@id\":\"https:\/\/compartilhabahia.com.br\/#organization\",\"name\":\"Compartilha Bahia\",\"url\":\"https:\/\/compartilhabahia.com.br\/\",\"logo\":{\"@type\":\"ImageObject\",\"inLanguage\":\"pt-BR\",\"@id\":\"https:\/\/compartilhabahia.com.br\/#\/schema\/logo\/image\/\",\"url\":\"https:\/\/compartilhabahia.com.br\/wp-content\/uploads\/2023\/12\/cropped-logo.png\",\"contentUrl\":\"https:\/\/compartilhabahia.com.br\/wp-content\/uploads\/2023\/12\/cropped-logo.png\",\"width\":300,\"height\":106,\"caption\":\"Compartilha Bahia\"},\"image\":{\"@id\":\"https:\/\/compartilhabahia.com.br\/#\/schema\/logo\/image\/\"},\"sameAs\":[\"https:\/\/web.facebook.com\/compartilhabahia\",\"https:\/\/www.instagram.com\/compartilhabahia\/\"]},{\"@type\":\"Person\",\"@id\":\"https:\/\/compartilhabahia.com.br\/#\/schema\/person\/9b4f0c3178793b8248d6686732521c04\",\"name\":\"admin\",\"image\":{\"@type\":\"ImageObject\",\"inLanguage\":\"pt-BR\",\"@id\":\"https:\/\/compartilhabahia.com.br\/#\/schema\/person\/image\/\",\"url\":\"https:\/\/secure.gravatar.com\/avatar\/9600df58751c5acbe914c538c03390ef649ea088cb65f84ba09c7ce66988eed6?s=96&d=mm&r=g\",\"contentUrl\":\"https:\/\/secure.gravatar.com\/avatar\/9600df58751c5acbe914c538c03390ef649ea088cb65f84ba09c7ce66988eed6?s=96&d=mm&r=g\",\"caption\":\"admin\"},\"sameAs\":[\"https:\/\/compartilhabahia.com.br\"],\"url\":\"https:\/\/compartilhabahia.com.br\/index.php\/author\/compartilhabahia\/\"}]}<\/script>\n<!-- \/ Yoast SEO plugin. -->","yoast_head_json":{"title":"Ao lado de Caetano Val Estilos faz forte discurso durante \u201cDiga A\u00ed\u201d de Monte Gordo - Compartilha Bahia","robots":{"index":"index","follow":"follow","max-snippet":"max-snippet:-1","max-image-preview":"max-image-preview:large","max-video-preview":"max-video-preview:-1"},"canonical":"https:\/\/compartilhabahia.com.br\/index.php\/2024\/04\/14\/ao-lado-de-caetano-val-estilos-faz-forte-discurso-durante-diga-ai-de-monte-gordo\/","og_locale":"pt_BR","og_type":"article","og_title":"Ao lado de Caetano Val Estilos faz forte discurso durante \u201cDiga A\u00ed\u201d de Monte Gordo - Compartilha Bahia","og_description":"\u201cQuem arquitetou a interrup\u00e7\u00e3o do meu mandato foi a base do meu pr\u00f3prio governo\u201d, desabafa Val Estilos Vereador eleito com mais de 3 mil votos em Cama\u00e7ari, Val Estilos fez um forte discurso durante \u201cDiga A\u00ed\u201d de Vila de Monte Gordo, que aconteceu na tarde deste s\u00e1bado (13). Ao lado de Caetano, Val Estilos afirmou [&hellip;]","og_url":"https:\/\/compartilhabahia.com.br\/index.php\/2024\/04\/14\/ao-lado-de-caetano-val-estilos-faz-forte-discurso-durante-diga-ai-de-monte-gordo\/","og_site_name":"Compartilha Bahia","article_publisher":"https:\/\/web.facebook.com\/compartilhabahia","article_published_time":"2024-04-14T00:49:55+00:00","article_modified_time":"2024-04-14T00:49:56+00:00","og_image":[{"width":1600,"height":1066,"url":"https:\/\/compartilhabahia.com.br\/wp-content\/uploads\/2024\/04\/WhatsApp-Image-2024-04-13-at-21.22.05.jpeg","type":"image\/jpeg"}],"author":"admin","twitter_card":"summary_large_image","twitter_misc":{"Escrito por":"admin","Est. tempo de leitura":"2 minutos"},"schema":{"@context":"https:\/\/schema.org","@graph":[{"@type":"Article","@id":"https:\/\/compartilhabahia.com.br\/index.php\/2024\/04\/14\/ao-lado-de-caetano-val-estilos-faz-forte-discurso-durante-diga-ai-de-monte-gordo\/#article","isPartOf":{"@id":"https:\/\/compartilhabahia.com.br\/index.php\/2024\/04\/14\/ao-lado-de-caetano-val-estilos-faz-forte-discurso-durante-diga-ai-de-monte-gordo\/"},"author":{"name":"admin","@id":"https:\/\/compartilhabahia.com.br\/#\/schema\/person\/9b4f0c3178793b8248d6686732521c04"},"headline":"Ao lado de Caetano Val Estilos faz forte discurso durante \u201cDiga A\u00ed\u201d de Monte Gordo","datePublished":"2024-04-14T00:49:55+00:00","dateModified":"2024-04-14T00:49:56+00:00","mainEntityOfPage":{"@id":"https:\/\/compartilhabahia.com.br\/index.php\/2024\/04\/14\/ao-lado-de-caetano-val-estilos-faz-forte-discurso-durante-diga-ai-de-monte-gordo\/"},"wordCount":218,"commentCount":0,"publisher":{"@id":"https:\/\/compartilhabahia.com.br\/#organization"},"articleSection":["Cama\u00e7ari"],"inLanguage":"pt-BR","potentialAction":[{"@type":"CommentAction","name":"Comment","target":["https:\/\/compartilhabahia.com.br\/index.php\/2024\/04\/14\/ao-lado-de-caetano-val-estilos-faz-forte-discurso-durante-diga-ai-de-monte-gordo\/#respond"]}]},{"@type":"WebPage","@id":"https:\/\/compartilhabahia.com.br\/index.php\/2024\/04\/14\/ao-lado-de-caetano-val-estilos-faz-forte-discurso-durante-diga-ai-de-monte-gordo\/","url":"https:\/\/compartilhabahia.com.br\/index.php\/2024\/04\/14\/ao-lado-de-caetano-val-estilos-faz-forte-discurso-durante-diga-ai-de-monte-gordo\/","name":"Ao lado de Caetano Val Estilos faz forte discurso durante \u201cDiga A\u00ed\u201d de Monte Gordo - Compartilha Bahia","isPartOf":{"@id":"https:\/\/compartilhabahia.com.br\/#website"},"datePublished":"2024-04-14T00:49:55+00:00","dateModified":"2024-04-14T00:49:56+00:00","breadcrumb":{"@id":"https:\/\/compartilhabahia.com.br\/index.php\/2024\/04\/14\/ao-lado-de-caetano-val-estilos-faz-forte-discurso-durante-diga-ai-de-monte-gordo\/#breadcrumb"},"inLanguage":"pt-BR","potentialAction":[{"@type":"ReadAction","target":["https:\/\/compartilhabahia.com.br\/index.php\/2024\/04\/14\/ao-lado-de-caetano-val-estilos-faz-forte-discurso-durante-diga-ai-de-monte-gordo\/"]}]},{"@type":"BreadcrumbList","@id":"https:\/\/compartilhabahia.com.br\/index.php\/2024\/04\/14\/ao-lado-de-caetano-val-estilos-faz-forte-discurso-durante-diga-ai-de-monte-gordo\/#breadcrumb","itemListElement":[{"@type":"ListItem","position":1,"name":"In\u00edcio","item":"https:\/\/compartilhabahia.com.br\/"},{"@type":"ListItem","position":2,"name":"Ao lado de Caetano Val Estilos faz forte discurso durante \u201cDiga A\u00ed\u201d de Monte Gordo"}]},{"@type":"WebSite","@id":"https:\/\/compartilhabahia.com.br\/#website","url":"https:\/\/compartilhabahia.com.br\/","name":"Compartilha Bahia","description":"","publisher":{"@id":"https:\/\/compartilhabahia.com.br\/#organization"},"potentialAction":[{"@type":"SearchAction","target":{"@type":"EntryPoint","urlTemplate":"https:\/\/compartilhabahia.com.br\/?s={search_term_string}"},"query-input":"required name=search_term_string"}],"inLanguage":"pt-BR"},{"@type":"Organization","@id":"https:\/\/compartilhabahia.com.br\/#organization","name":"Compartilha Bahia","url":"https:\/\/compartilhabahia.com.br\/","logo":{"@type":"ImageObject","inLanguage":"pt-BR","@id":"https:\/\/compartilhabahia.com.br\/#\/schema\/logo\/image\/","url":"https:\/\/compartilhabahia.com.br\/wp-content\/uploads\/2023\/12\/cropped-logo.png","contentUrl":"https:\/\/compartilhabahia.com.br\/wp-content\/uploads\/2023\/12\/cropped-logo.png","width":300,"height":106,"caption":"Compartilha Bahia"},"image":{"@id":"https:\/\/compartilhabahia.com.br\/#\/schema\/logo\/image\/"},"sameAs":["https:\/\/web.facebook.com\/compartilhabahia","https:\/\/www.instagram.com\/compartilhabahia\/"]},{"@type":"Person","@id":"https:\/\/compartilhabahia.com.br\/#\/schema\/person\/9b4f0c3178793b8248d6686732521c04","name":"admin","image":{"@type":"ImageObject","inLanguage":"pt-BR","@id":"https:\/\/compartilhabahia.com.br\/#\/schema\/person\/image\/","url":"https:\/\/secure.gravatar.com\/avatar\/9600df58751c5acbe914c538c03390ef649ea088cb65f84ba09c7ce66988eed6?s=96&d=mm&r=g","contentUrl":"https:\/\/secure.gravatar.com\/avatar\/9600df58751c5acbe914c538c03390ef649ea088cb65f84ba09c7ce66988eed6?s=96&d=mm&r=g","caption":"admin"},"sameAs":["https:\/\/compartilhabahia.com.br"],"url":"https:\/\/compartilhabahia.com.br\/index.php\/author\/compartilhabahia\/"}]}},"_links":{"self":[{"href":"https:\/\/compartilhabahia.com.br\/index.php\/wp-json\/wp\/v2\/posts\/1747","targetHints":{"allow":["GET"]}}],"collection":[{"href":"https:\/\/compartilhabahia.com.br\/index.php\/wp-json\/wp\/v2\/posts"}],"about":[{"href":"https:\/\/compartilhabahia.com.br\/index.php\/wp-json\/wp\/v2\/types\/post"}],"author":[{"embeddable":true,"href":"https:\/\/compartilhabahia.com.br\/index.php\/wp-json\/wp\/v2\/users\/1"}],"replies":[{"embeddable":true,"href":"https:\/\/compartilhabahia.com.br\/index.php\/wp-json\/wp\/v2\/comments?post=1747"}],"version-history":[{"count":1,"href":"https:\/\/compartilhabahia.com.br\/index.php\/wp-json\/wp\/v2\/posts\/1747\/revisions"}],"predecessor-version":[{"id":1749,"href":"https:\/\/compartilhabahia.com.br\/index.php\/wp-json\/wp\/v2\/posts\/1747\/revisions\/1749"}],"wp:featuredmedia":[{"embeddable":true,"href":"https:\/\/compartilhabahia.com.br\/index.php\/wp-json\/wp\/v2\/media\/1748"}],"wp:attachment":[{"href":"https:\/\/compartilhabahia.com.br\/index.php\/wp-json\/wp\/v2\/media?parent=1747"}],"wp:term":[{"taxonomy":"category","embeddable":true,"href":"https:\/\/compartilhabahia.com.br\/index.php\/wp-json\/wp\/v2\/categories?post=1747"},{"taxonomy":"post_tag","embeddable":true,"href":"https:\/\/compartilhabahia.com.br\/index.php\/wp-json\/wp\/v2\/tags?post=1747"}],"curies":[{"name":"wp","href":"https:\/\/api.w.org\/{rel}","templated":true}]}}