{"id":1729,"date":"2024-04-13T19:08:34","date_gmt":"2024-04-13T19:08:34","guid":{"rendered":"https:\/\/compartilhabahia.com.br\/?p=1729"},"modified":"2024-04-13T23:13:11","modified_gmt":"2024-04-13T23:13:11","slug":"daniel-do-pet-aposta-em-projetos-para-alavancar-se-nome-na-pre-campanha","status":"publish","type":"post","link":"https:\/\/compartilhabahia.com.br\/index.php\/2024\/04\/13\/daniel-do-pet-aposta-em-projetos-para-alavancar-se-nome-na-pre-campanha\/","title":{"rendered":"Daniel do Pet quer em Cama\u00e7ari um hospital veterin\u00e1rio p\u00fablico"},"content":{"rendered":"\n<p><\/p>\n\n\n\n<p>Com mais de vinte anos de experi\u00eancia cuidando dos pets de Cama\u00e7ari, Daniel do PET tem um projeto audacioso, que \u00e9 construir um hospital veterin\u00e1rio p\u00fablico.<\/p>\n\n\n\n<p>Nesta sexta-feira (12), em reuni\u00e3o com apoiadores ele apresentou, por exemplo, a ideia da cria\u00e7\u00e3o em Cama\u00e7ari de um hospital p\u00fablico veterin\u00e1rio, pois s\u00e3o milhares de pessoas, que se dedicam a serem tutores de pet, mas que n\u00e3o possuem condi\u00e7\u00f5es financeira de cuidar, perfeitamente da sa\u00fade desses animais.<\/p>\n\n\n\n<p>Daniel quer que procedimentos como castra\u00e7\u00e3o, vacinas, vermifuga\u00e7\u00e3o, controle de pulgas e carrapatos, aplica\u00e7\u00e3o de ant\u00eddoto contra envenenamento, entre outros atendimentos, estejam  dispon\u00edveis na rede p\u00fablica.<\/p>\n\n\n\n<p>De onde vir\u00e1 o dinheiro para isso? Daniel responde dizendo que donos de animais tamb\u00e9m pagam impostos, portanto j\u00e1 \u00e9 um direito que deveria estar inclu\u00eddo no bojo dos benef\u00edcios, que todos devem ter acesso, para ter uma boa qualidade de vida.<\/p>\n\n\n\n<p>Daniel empreende na Loja Point da Ra\u00e7\u00e3o e se filiou ao MDB, partido do vice-governador da Bahia e que em Cama\u00e7ari \u00e9 liderado pelo pr\u00e9-candidato a prefeito Oswaldinho.<\/p>\n","protected":false},"excerpt":{"rendered":"<p>Com mais de vinte anos de experi\u00eancia cuidando dos pets de Cama\u00e7ari, Daniel do PET tem um projeto audacioso, que \u00e9 construir um hospital veterin\u00e1rio p\u00fablico. Nesta sexta-feira (12), em reuni\u00e3o com apoiadores ele apresentou, por exemplo, a ideia da cria\u00e7\u00e3o em Cama\u00e7ari de um hospital p\u00fablico veterin\u00e1rio, pois s\u00e3o milhares de pessoas, que se [&hellip;]<\/p>\n","protected":false},"author":1,"featured_media":1739,"comment_status":"open","ping_status":"open","sticky":false,"template":"","format":"standard","meta":{"footnotes":""},"categories":[8],"tags":[],"class_list":["post-1729","post","type-post","status-publish","format-standard","has-post-thumbnail","hentry","category-camacari"],"yoast_head":"<!-- This site is optimized with the Yoast SEO plugin v21.7 - https:\/\/yoast.com\/wordpress\/plugins\/seo\/ -->\n<title>Daniel do Pet quer em Cama\u00e7ari um hospital veterin\u00e1rio p\u00fablico - Compartilha Bahia<\/title>\n<meta name=\"robots\" content=\"index, follow, max-snippet:-1, max-image-preview:large, max-video-preview:-1\" \/>\n<link rel=\"canonical\" href=\"https:\/\/compartilhabahia.com.br\/index.php\/2024\/04\/13\/daniel-do-pet-aposta-em-projetos-para-alavancar-se-nome-na-pre-campanha\/\" \/>\n<meta property=\"og:locale\" content=\"pt_BR\" \/>\n<meta property=\"og:type\" content=\"article\" \/>\n<meta property=\"og:title\" content=\"Daniel do Pet quer em Cama\u00e7ari um hospital veterin\u00e1rio p\u00fablico - Compartilha Bahia\" \/>\n<meta property=\"og:description\" content=\"Com mais de vinte anos de experi\u00eancia cuidando dos pets de Cama\u00e7ari, Daniel do PET tem um projeto audacioso, que \u00e9 construir um hospital veterin\u00e1rio p\u00fablico. Nesta sexta-feira (12), em reuni\u00e3o com apoiadores ele apresentou, por exemplo, a ideia da cria\u00e7\u00e3o em Cama\u00e7ari de um hospital p\u00fablico veterin\u00e1rio, pois s\u00e3o milhares de pessoas, que se [&hellip;]\" \/>\n<meta property=\"og:url\" content=\"https:\/\/compartilhabahia.com.br\/index.php\/2024\/04\/13\/daniel-do-pet-aposta-em-projetos-para-alavancar-se-nome-na-pre-campanha\/\" \/>\n<meta property=\"og:site_name\" content=\"Compartilha Bahia\" \/>\n<meta property=\"article:publisher\" content=\"https:\/\/web.facebook.com\/compartilhabahia\" \/>\n<meta property=\"article:published_time\" content=\"2024-04-13T19:08:34+00:00\" \/>\n<meta property=\"article:modified_time\" content=\"2024-04-13T23:13:11+00:00\" \/>\n<meta property=\"og:image\" content=\"https:\/\/compartilhabahia.com.br\/wp-content\/uploads\/2024\/04\/petpet.jpg\" \/>\n\t<meta property=\"og:image:width\" content=\"1080\" \/>\n\t<meta property=\"og:image:height\" content=\"1080\" \/>\n\t<meta property=\"og:image:type\" content=\"image\/jpeg\" \/>\n<meta name=\"author\" content=\"admin\" \/>\n<meta name=\"twitter:card\" content=\"summary_large_image\" \/>\n<meta name=\"twitter:label1\" content=\"Escrito por\" \/>\n\t<meta name=\"twitter:data1\" content=\"admin\" \/>\n\t<meta name=\"twitter:label2\" content=\"Est. tempo de leitura\" \/>\n\t<meta name=\"twitter:data2\" content=\"2 minutos\" \/>\n<script type=\"application\/ld+json\" class=\"yoast-schema-graph\">{\"@context\":\"https:\/\/schema.org\",\"@graph\":[{\"@type\":\"Article\",\"@id\":\"https:\/\/compartilhabahia.com.br\/index.php\/2024\/04\/13\/daniel-do-pet-aposta-em-projetos-para-alavancar-se-nome-na-pre-campanha\/#article\",\"isPartOf\":{\"@id\":\"https:\/\/compartilhabahia.com.br\/index.php\/2024\/04\/13\/daniel-do-pet-aposta-em-projetos-para-alavancar-se-nome-na-pre-campanha\/\"},\"author\":{\"name\":\"admin\",\"@id\":\"https:\/\/compartilhabahia.com.br\/#\/schema\/person\/9b4f0c3178793b8248d6686732521c04\"},\"headline\":\"Daniel do Pet quer em Cama\u00e7ari um hospital veterin\u00e1rio p\u00fablico\",\"datePublished\":\"2024-04-13T19:08:34+00:00\",\"dateModified\":\"2024-04-13T23:13:11+00:00\",\"mainEntityOfPage\":{\"@id\":\"https:\/\/compartilhabahia.com.br\/index.php\/2024\/04\/13\/daniel-do-pet-aposta-em-projetos-para-alavancar-se-nome-na-pre-campanha\/\"},\"wordCount\":204,\"commentCount\":0,\"publisher\":{\"@id\":\"https:\/\/compartilhabahia.com.br\/#organization\"},\"articleSection\":[\"Cama\u00e7ari\"],\"inLanguage\":\"pt-BR\",\"potentialAction\":[{\"@type\":\"CommentAction\",\"name\":\"Comment\",\"target\":[\"https:\/\/compartilhabahia.com.br\/index.php\/2024\/04\/13\/daniel-do-pet-aposta-em-projetos-para-alavancar-se-nome-na-pre-campanha\/#respond\"]}]},{\"@type\":\"WebPage\",\"@id\":\"https:\/\/compartilhabahia.com.br\/index.php\/2024\/04\/13\/daniel-do-pet-aposta-em-projetos-para-alavancar-se-nome-na-pre-campanha\/\",\"url\":\"https:\/\/compartilhabahia.com.br\/index.php\/2024\/04\/13\/daniel-do-pet-aposta-em-projetos-para-alavancar-se-nome-na-pre-campanha\/\",\"name\":\"Daniel do Pet quer em Cama\u00e7ari um hospital veterin\u00e1rio p\u00fablico - Compartilha Bahia\",\"isPartOf\":{\"@id\":\"https:\/\/compartilhabahia.com.br\/#website\"},\"datePublished\":\"2024-04-13T19:08:34+00:00\",\"dateModified\":\"2024-04-13T23:13:11+00:00\",\"breadcrumb\":{\"@id\":\"https:\/\/compartilhabahia.com.br\/index.php\/2024\/04\/13\/daniel-do-pet-aposta-em-projetos-para-alavancar-se-nome-na-pre-campanha\/#breadcrumb\"},\"inLanguage\":\"pt-BR\",\"potentialAction\":[{\"@type\":\"ReadAction\",\"target\":[\"https:\/\/compartilhabahia.com.br\/index.php\/2024\/04\/13\/daniel-do-pet-aposta-em-projetos-para-alavancar-se-nome-na-pre-campanha\/\"]}]},{\"@type\":\"BreadcrumbList\",\"@id\":\"https:\/\/compartilhabahia.com.br\/index.php\/2024\/04\/13\/daniel-do-pet-aposta-em-projetos-para-alavancar-se-nome-na-pre-campanha\/#breadcrumb\",\"itemListElement\":[{\"@type\":\"ListItem\",\"position\":1,\"name\":\"In\u00edcio\",\"item\":\"https:\/\/compartilhabahia.com.br\/\"},{\"@type\":\"ListItem\",\"position\":2,\"name\":\"Daniel do Pet quer em Cama\u00e7ari um hospital veterin\u00e1rio p\u00fablico\"}]},{\"@type\":\"WebSite\",\"@id\":\"https:\/\/compartilhabahia.com.br\/#website\",\"url\":\"https:\/\/compartilhabahia.com.br\/\",\"name\":\"Compartilha Bahia\",\"description\":\"\",\"publisher\":{\"@id\":\"https:\/\/compartilhabahia.com.br\/#organization\"},\"potentialAction\":[{\"@type\":\"SearchAction\",\"target\":{\"@type\":\"EntryPoint\",\"urlTemplate\":\"https:\/\/compartilhabahia.com.br\/?s={search_term_string}\"},\"query-input\":\"required name=search_term_string\"}],\"inLanguage\":\"pt-BR\"},{\"@type\":\"Organization\",\"@id\":\"https:\/\/compartilhabahia.com.br\/#organization\",\"name\":\"Compartilha Bahia\",\"url\":\"https:\/\/compartilhabahia.com.br\/\",\"logo\":{\"@type\":\"ImageObject\",\"inLanguage\":\"pt-BR\",\"@id\":\"https:\/\/compartilhabahia.com.br\/#\/schema\/logo\/image\/\",\"url\":\"https:\/\/compartilhabahia.com.br\/wp-content\/uploads\/2023\/12\/cropped-logo.png\",\"contentUrl\":\"https:\/\/compartilhabahia.com.br\/wp-content\/uploads\/2023\/12\/cropped-logo.png\",\"width\":300,\"height\":106,\"caption\":\"Compartilha Bahia\"},\"image\":{\"@id\":\"https:\/\/compartilhabahia.com.br\/#\/schema\/logo\/image\/\"},\"sameAs\":[\"https:\/\/web.facebook.com\/compartilhabahia\",\"https:\/\/www.instagram.com\/compartilhabahia\/\"]},{\"@type\":\"Person\",\"@id\":\"https:\/\/compartilhabahia.com.br\/#\/schema\/person\/9b4f0c3178793b8248d6686732521c04\",\"name\":\"admin\",\"image\":{\"@type\":\"ImageObject\",\"inLanguage\":\"pt-BR\",\"@id\":\"https:\/\/compartilhabahia.com.br\/#\/schema\/person\/image\/\",\"url\":\"https:\/\/secure.gravatar.com\/avatar\/9600df58751c5acbe914c538c03390ef649ea088cb65f84ba09c7ce66988eed6?s=96&d=mm&r=g\",\"contentUrl\":\"https:\/\/secure.gravatar.com\/avatar\/9600df58751c5acbe914c538c03390ef649ea088cb65f84ba09c7ce66988eed6?s=96&d=mm&r=g\",\"caption\":\"admin\"},\"sameAs\":[\"https:\/\/compartilhabahia.com.br\"],\"url\":\"https:\/\/compartilhabahia.com.br\/index.php\/author\/compartilhabahia\/\"}]}<\/script>\n<!-- \/ Yoast SEO plugin. -->","yoast_head_json":{"title":"Daniel do Pet quer em Cama\u00e7ari um hospital veterin\u00e1rio p\u00fablico - Compartilha Bahia","robots":{"index":"index","follow":"follow","max-snippet":"max-snippet:-1","max-image-preview":"max-image-preview:large","max-video-preview":"max-video-preview:-1"},"canonical":"https:\/\/compartilhabahia.com.br\/index.php\/2024\/04\/13\/daniel-do-pet-aposta-em-projetos-para-alavancar-se-nome-na-pre-campanha\/","og_locale":"pt_BR","og_type":"article","og_title":"Daniel do Pet quer em Cama\u00e7ari um hospital veterin\u00e1rio p\u00fablico - Compartilha Bahia","og_description":"Com mais de vinte anos de experi\u00eancia cuidando dos pets de Cama\u00e7ari, Daniel do PET tem um projeto audacioso, que \u00e9 construir um hospital veterin\u00e1rio p\u00fablico. Nesta sexta-feira (12), em reuni\u00e3o com apoiadores ele apresentou, por exemplo, a ideia da cria\u00e7\u00e3o em Cama\u00e7ari de um hospital p\u00fablico veterin\u00e1rio, pois s\u00e3o milhares de pessoas, que se [&hellip;]","og_url":"https:\/\/compartilhabahia.com.br\/index.php\/2024\/04\/13\/daniel-do-pet-aposta-em-projetos-para-alavancar-se-nome-na-pre-campanha\/","og_site_name":"Compartilha Bahia","article_publisher":"https:\/\/web.facebook.com\/compartilhabahia","article_published_time":"2024-04-13T19:08:34+00:00","article_modified_time":"2024-04-13T23:13:11+00:00","og_image":[{"width":1080,"height":1080,"url":"https:\/\/compartilhabahia.com.br\/wp-content\/uploads\/2024\/04\/petpet.jpg","type":"image\/jpeg"}],"author":"admin","twitter_card":"summary_large_image","twitter_misc":{"Escrito por":"admin","Est. tempo de leitura":"2 minutos"},"schema":{"@context":"https:\/\/schema.org","@graph":[{"@type":"Article","@id":"https:\/\/compartilhabahia.com.br\/index.php\/2024\/04\/13\/daniel-do-pet-aposta-em-projetos-para-alavancar-se-nome-na-pre-campanha\/#article","isPartOf":{"@id":"https:\/\/compartilhabahia.com.br\/index.php\/2024\/04\/13\/daniel-do-pet-aposta-em-projetos-para-alavancar-se-nome-na-pre-campanha\/"},"author":{"name":"admin","@id":"https:\/\/compartilhabahia.com.br\/#\/schema\/person\/9b4f0c3178793b8248d6686732521c04"},"headline":"Daniel do Pet quer em Cama\u00e7ari um hospital veterin\u00e1rio p\u00fablico","datePublished":"2024-04-13T19:08:34+00:00","dateModified":"2024-04-13T23:13:11+00:00","mainEntityOfPage":{"@id":"https:\/\/compartilhabahia.com.br\/index.php\/2024\/04\/13\/daniel-do-pet-aposta-em-projetos-para-alavancar-se-nome-na-pre-campanha\/"},"wordCount":204,"commentCount":0,"publisher":{"@id":"https:\/\/compartilhabahia.com.br\/#organization"},"articleSection":["Cama\u00e7ari"],"inLanguage":"pt-BR","potentialAction":[{"@type":"CommentAction","name":"Comment","target":["https:\/\/compartilhabahia.com.br\/index.php\/2024\/04\/13\/daniel-do-pet-aposta-em-projetos-para-alavancar-se-nome-na-pre-campanha\/#respond"]}]},{"@type":"WebPage","@id":"https:\/\/compartilhabahia.com.br\/index.php\/2024\/04\/13\/daniel-do-pet-aposta-em-projetos-para-alavancar-se-nome-na-pre-campanha\/","url":"https:\/\/compartilhabahia.com.br\/index.php\/2024\/04\/13\/daniel-do-pet-aposta-em-projetos-para-alavancar-se-nome-na-pre-campanha\/","name":"Daniel do Pet quer em Cama\u00e7ari um hospital veterin\u00e1rio p\u00fablico - Compartilha Bahia","isPartOf":{"@id":"https:\/\/compartilhabahia.com.br\/#website"},"datePublished":"2024-04-13T19:08:34+00:00","dateModified":"2024-04-13T23:13:11+00:00","breadcrumb":{"@id":"https:\/\/compartilhabahia.com.br\/index.php\/2024\/04\/13\/daniel-do-pet-aposta-em-projetos-para-alavancar-se-nome-na-pre-campanha\/#breadcrumb"},"inLanguage":"pt-BR","potentialAction":[{"@type":"ReadAction","target":["https:\/\/compartilhabahia.com.br\/index.php\/2024\/04\/13\/daniel-do-pet-aposta-em-projetos-para-alavancar-se-nome-na-pre-campanha\/"]}]},{"@type":"BreadcrumbList","@id":"https:\/\/compartilhabahia.com.br\/index.php\/2024\/04\/13\/daniel-do-pet-aposta-em-projetos-para-alavancar-se-nome-na-pre-campanha\/#breadcrumb","itemListElement":[{"@type":"ListItem","position":1,"name":"In\u00edcio","item":"https:\/\/compartilhabahia.com.br\/"},{"@type":"ListItem","position":2,"name":"Daniel do Pet quer em Cama\u00e7ari um hospital veterin\u00e1rio p\u00fablico"}]},{"@type":"WebSite","@id":"https:\/\/compartilhabahia.com.br\/#website","url":"https:\/\/compartilhabahia.com.br\/","name":"Compartilha Bahia","description":"","publisher":{"@id":"https:\/\/compartilhabahia.com.br\/#organization"},"potentialAction":[{"@type":"SearchAction","target":{"@type":"EntryPoint","urlTemplate":"https:\/\/compartilhabahia.com.br\/?s={search_term_string}"},"query-input":"required name=search_term_string"}],"inLanguage":"pt-BR"},{"@type":"Organization","@id":"https:\/\/compartilhabahia.com.br\/#organization","name":"Compartilha Bahia","url":"https:\/\/compartilhabahia.com.br\/","logo":{"@type":"ImageObject","inLanguage":"pt-BR","@id":"https:\/\/compartilhabahia.com.br\/#\/schema\/logo\/image\/","url":"https:\/\/compartilhabahia.com.br\/wp-content\/uploads\/2023\/12\/cropped-logo.png","contentUrl":"https:\/\/compartilhabahia.com.br\/wp-content\/uploads\/2023\/12\/cropped-logo.png","width":300,"height":106,"caption":"Compartilha Bahia"},"image":{"@id":"https:\/\/compartilhabahia.com.br\/#\/schema\/logo\/image\/"},"sameAs":["https:\/\/web.facebook.com\/compartilhabahia","https:\/\/www.instagram.com\/compartilhabahia\/"]},{"@type":"Person","@id":"https:\/\/compartilhabahia.com.br\/#\/schema\/person\/9b4f0c3178793b8248d6686732521c04","name":"admin","image":{"@type":"ImageObject","inLanguage":"pt-BR","@id":"https:\/\/compartilhabahia.com.br\/#\/schema\/person\/image\/","url":"https:\/\/secure.gravatar.com\/avatar\/9600df58751c5acbe914c538c03390ef649ea088cb65f84ba09c7ce66988eed6?s=96&d=mm&r=g","contentUrl":"https:\/\/secure.gravatar.com\/avatar\/9600df58751c5acbe914c538c03390ef649ea088cb65f84ba09c7ce66988eed6?s=96&d=mm&r=g","caption":"admin"},"sameAs":["https:\/\/compartilhabahia.com.br"],"url":"https:\/\/compartilhabahia.com.br\/index.php\/author\/compartilhabahia\/"}]}},"_links":{"self":[{"href":"https:\/\/compartilhabahia.com.br\/index.php\/wp-json\/wp\/v2\/posts\/1729","targetHints":{"allow":["GET"]}}],"collection":[{"href":"https:\/\/compartilhabahia.com.br\/index.php\/wp-json\/wp\/v2\/posts"}],"about":[{"href":"https:\/\/compartilhabahia.com.br\/index.php\/wp-json\/wp\/v2\/types\/post"}],"author":[{"embeddable":true,"href":"https:\/\/compartilhabahia.com.br\/index.php\/wp-json\/wp\/v2\/users\/1"}],"replies":[{"embeddable":true,"href":"https:\/\/compartilhabahia.com.br\/index.php\/wp-json\/wp\/v2\/comments?post=1729"}],"version-history":[{"count":6,"href":"https:\/\/compartilhabahia.com.br\/index.php\/wp-json\/wp\/v2\/posts\/1729\/revisions"}],"predecessor-version":[{"id":1741,"href":"https:\/\/compartilhabahia.com.br\/index.php\/wp-json\/wp\/v2\/posts\/1729\/revisions\/1741"}],"wp:featuredmedia":[{"embeddable":true,"href":"https:\/\/compartilhabahia.com.br\/index.php\/wp-json\/wp\/v2\/media\/1739"}],"wp:attachment":[{"href":"https:\/\/compartilhabahia.com.br\/index.php\/wp-json\/wp\/v2\/media?parent=1729"}],"wp:term":[{"taxonomy":"category","embeddable":true,"href":"https:\/\/compartilhabahia.com.br\/index.php\/wp-json\/wp\/v2\/categories?post=1729"},{"taxonomy":"post_tag","embeddable":true,"href":"https:\/\/compartilhabahia.com.br\/index.php\/wp-json\/wp\/v2\/tags?post=1729"}],"curies":[{"name":"wp","href":"https:\/\/api.w.org\/{rel}","templated":true}]}}