{"id":1088,"date":"2024-02-23T18:55:48","date_gmt":"2024-02-23T18:55:48","guid":{"rendered":"https:\/\/compartilhabahia.com.br\/?p=1088"},"modified":"2024-02-23T18:55:50","modified_gmt":"2024-02-23T18:55:50","slug":"esquenta-sao-joao-2024","status":"publish","type":"post","link":"https:\/\/compartilhabahia.com.br\/index.php\/2024\/02\/23\/esquenta-sao-joao-2024\/","title":{"rendered":"Esquenta S\u00e3o Jo\u00e3o 2024"},"content":{"rendered":"\n<p><\/p>\n\n\n\n<p>Esquenta S\u00e3o Jo\u00e3o 2024<\/p>\n\n\n\n<p>O S\u00e3o Jo\u00e3o \u00e9 s\u00f3 em junho, mas o forr\u00f3 em Cama\u00e7ari come\u00e7a logo ap\u00f3s o carnaval. O forrozeiro cama\u00e7ariense Juliano Nunes abre a temporada com o Esquenta S\u00e3o Jo\u00e3o 2024 que acontecer\u00e1 dia 16 de mar\u00e7o, no foyer do Teatro Alberto Martins, \u00e0s 21h que contar\u00e1 tamb\u00e9m com o show da cantora Dammys para abrir o evento.<\/p>\n\n\n\n<p>O evento idealizado por Juliano teve sua primeira edi\u00e7\u00e3o em 2018 e j\u00e1 faz parte da agenda que antecede os festejos juninos na regi\u00e3o metropolitana.<\/p>\n\n\n\n<p>Como uma boa express\u00e3o art\u00edstica nordestina, o forr\u00f3 \u00e9 mistura de m\u00fasica, dan\u00e7a e outras refer\u00eancias \u00e0 cultura do nordeste. \u00c9 nesse contexto que os agentes culturais que movimentam esta cena em Cama\u00e7ari atuam. Os cantores cumprem uma tarefa importante nessa luta, mas existem outras pe\u00e7as fundamentais nessa engrenagem. Os professores de dan\u00e7a, profissionais como Gil Carvalho, Carlei Dautro e Janete Matos s\u00e3o pe\u00e7as fundamentais para o fomente e o fortalecimento deste movimento.<\/p>\n\n\n\n<p>\u00c9 atrav\u00e9s da resist\u00eancia cultural de tantos forrozeiros pelo Brasil que o forr\u00f3 atravessa tantas gera\u00e7\u00f5es vivo e forte. O forr\u00f3 nunca morrer\u00e1!<\/p>\n","protected":false},"excerpt":{"rendered":"<p>Esquenta S\u00e3o Jo\u00e3o 2024 O S\u00e3o Jo\u00e3o \u00e9 s\u00f3 em junho, mas o forr\u00f3 em Cama\u00e7ari come\u00e7a logo ap\u00f3s o carnaval. O forrozeiro cama\u00e7ariense Juliano Nunes abre a temporada com o Esquenta S\u00e3o Jo\u00e3o 2024 que acontecer\u00e1 dia 16 de mar\u00e7o, no foyer do Teatro Alberto Martins, \u00e0s 21h que contar\u00e1 tamb\u00e9m com o show [&hellip;]<\/p>\n","protected":false},"author":1,"featured_media":1089,"comment_status":"open","ping_status":"open","sticky":false,"template":"","format":"standard","meta":{"footnotes":""},"categories":[8],"tags":[],"class_list":["post-1088","post","type-post","status-publish","format-standard","has-post-thumbnail","hentry","category-camacari"],"yoast_head":"<!-- This site is optimized with the Yoast SEO plugin v21.7 - https:\/\/yoast.com\/wordpress\/plugins\/seo\/ -->\n<title>Esquenta S\u00e3o Jo\u00e3o 2024 - Compartilha Bahia<\/title>\n<meta name=\"robots\" content=\"index, follow, max-snippet:-1, max-image-preview:large, max-video-preview:-1\" \/>\n<link rel=\"canonical\" href=\"https:\/\/compartilhabahia.com.br\/index.php\/2024\/02\/23\/esquenta-sao-joao-2024\/\" \/>\n<meta property=\"og:locale\" content=\"pt_BR\" \/>\n<meta property=\"og:type\" content=\"article\" \/>\n<meta property=\"og:title\" content=\"Esquenta S\u00e3o Jo\u00e3o 2024 - Compartilha Bahia\" \/>\n<meta property=\"og:description\" content=\"Esquenta S\u00e3o Jo\u00e3o 2024 O S\u00e3o Jo\u00e3o \u00e9 s\u00f3 em junho, mas o forr\u00f3 em Cama\u00e7ari come\u00e7a logo ap\u00f3s o carnaval. O forrozeiro cama\u00e7ariense Juliano Nunes abre a temporada com o Esquenta S\u00e3o Jo\u00e3o 2024 que acontecer\u00e1 dia 16 de mar\u00e7o, no foyer do Teatro Alberto Martins, \u00e0s 21h que contar\u00e1 tamb\u00e9m com o show [&hellip;]\" \/>\n<meta property=\"og:url\" content=\"https:\/\/compartilhabahia.com.br\/index.php\/2024\/02\/23\/esquenta-sao-joao-2024\/\" \/>\n<meta property=\"og:site_name\" content=\"Compartilha Bahia\" \/>\n<meta property=\"article:publisher\" content=\"https:\/\/web.facebook.com\/compartilhabahia\" \/>\n<meta property=\"article:published_time\" content=\"2024-02-23T18:55:48+00:00\" \/>\n<meta property=\"article:modified_time\" content=\"2024-02-23T18:55:50+00:00\" \/>\n<meta property=\"og:image\" content=\"https:\/\/compartilhabahia.com.br\/wp-content\/uploads\/2024\/02\/juliano_forro.jpg\" \/>\n\t<meta property=\"og:image:width\" content=\"1280\" \/>\n\t<meta property=\"og:image:height\" content=\"853\" \/>\n\t<meta property=\"og:image:type\" content=\"image\/jpeg\" \/>\n<meta name=\"author\" content=\"admin\" \/>\n<meta name=\"twitter:card\" content=\"summary_large_image\" \/>\n<meta name=\"twitter:label1\" content=\"Escrito por\" \/>\n\t<meta name=\"twitter:data1\" content=\"admin\" \/>\n\t<meta name=\"twitter:label2\" content=\"Est. tempo de leitura\" \/>\n\t<meta name=\"twitter:data2\" content=\"2 minutos\" \/>\n<script type=\"application\/ld+json\" class=\"yoast-schema-graph\">{\"@context\":\"https:\/\/schema.org\",\"@graph\":[{\"@type\":\"Article\",\"@id\":\"https:\/\/compartilhabahia.com.br\/index.php\/2024\/02\/23\/esquenta-sao-joao-2024\/#article\",\"isPartOf\":{\"@id\":\"https:\/\/compartilhabahia.com.br\/index.php\/2024\/02\/23\/esquenta-sao-joao-2024\/\"},\"author\":{\"name\":\"admin\",\"@id\":\"https:\/\/compartilhabahia.com.br\/#\/schema\/person\/9b4f0c3178793b8248d6686732521c04\"},\"headline\":\"Esquenta S\u00e3o Jo\u00e3o 2024\",\"datePublished\":\"2024-02-23T18:55:48+00:00\",\"dateModified\":\"2024-02-23T18:55:50+00:00\",\"mainEntityOfPage\":{\"@id\":\"https:\/\/compartilhabahia.com.br\/index.php\/2024\/02\/23\/esquenta-sao-joao-2024\/\"},\"wordCount\":206,\"commentCount\":0,\"publisher\":{\"@id\":\"https:\/\/compartilhabahia.com.br\/#organization\"},\"articleSection\":[\"Cama\u00e7ari\"],\"inLanguage\":\"pt-BR\",\"potentialAction\":[{\"@type\":\"CommentAction\",\"name\":\"Comment\",\"target\":[\"https:\/\/compartilhabahia.com.br\/index.php\/2024\/02\/23\/esquenta-sao-joao-2024\/#respond\"]}]},{\"@type\":\"WebPage\",\"@id\":\"https:\/\/compartilhabahia.com.br\/index.php\/2024\/02\/23\/esquenta-sao-joao-2024\/\",\"url\":\"https:\/\/compartilhabahia.com.br\/index.php\/2024\/02\/23\/esquenta-sao-joao-2024\/\",\"name\":\"Esquenta S\u00e3o Jo\u00e3o 2024 - Compartilha Bahia\",\"isPartOf\":{\"@id\":\"https:\/\/compartilhabahia.com.br\/#website\"},\"datePublished\":\"2024-02-23T18:55:48+00:00\",\"dateModified\":\"2024-02-23T18:55:50+00:00\",\"breadcrumb\":{\"@id\":\"https:\/\/compartilhabahia.com.br\/index.php\/2024\/02\/23\/esquenta-sao-joao-2024\/#breadcrumb\"},\"inLanguage\":\"pt-BR\",\"potentialAction\":[{\"@type\":\"ReadAction\",\"target\":[\"https:\/\/compartilhabahia.com.br\/index.php\/2024\/02\/23\/esquenta-sao-joao-2024\/\"]}]},{\"@type\":\"BreadcrumbList\",\"@id\":\"https:\/\/compartilhabahia.com.br\/index.php\/2024\/02\/23\/esquenta-sao-joao-2024\/#breadcrumb\",\"itemListElement\":[{\"@type\":\"ListItem\",\"position\":1,\"name\":\"In\u00edcio\",\"item\":\"https:\/\/compartilhabahia.com.br\/\"},{\"@type\":\"ListItem\",\"position\":2,\"name\":\"Esquenta S\u00e3o Jo\u00e3o 2024\"}]},{\"@type\":\"WebSite\",\"@id\":\"https:\/\/compartilhabahia.com.br\/#website\",\"url\":\"https:\/\/compartilhabahia.com.br\/\",\"name\":\"Compartilha Bahia\",\"description\":\"\",\"publisher\":{\"@id\":\"https:\/\/compartilhabahia.com.br\/#organization\"},\"potentialAction\":[{\"@type\":\"SearchAction\",\"target\":{\"@type\":\"EntryPoint\",\"urlTemplate\":\"https:\/\/compartilhabahia.com.br\/?s={search_term_string}\"},\"query-input\":\"required name=search_term_string\"}],\"inLanguage\":\"pt-BR\"},{\"@type\":\"Organization\",\"@id\":\"https:\/\/compartilhabahia.com.br\/#organization\",\"name\":\"Compartilha Bahia\",\"url\":\"https:\/\/compartilhabahia.com.br\/\",\"logo\":{\"@type\":\"ImageObject\",\"inLanguage\":\"pt-BR\",\"@id\":\"https:\/\/compartilhabahia.com.br\/#\/schema\/logo\/image\/\",\"url\":\"https:\/\/compartilhabahia.com.br\/wp-content\/uploads\/2023\/12\/cropped-logo.png\",\"contentUrl\":\"https:\/\/compartilhabahia.com.br\/wp-content\/uploads\/2023\/12\/cropped-logo.png\",\"width\":300,\"height\":106,\"caption\":\"Compartilha Bahia\"},\"image\":{\"@id\":\"https:\/\/compartilhabahia.com.br\/#\/schema\/logo\/image\/\"},\"sameAs\":[\"https:\/\/web.facebook.com\/compartilhabahia\",\"https:\/\/www.instagram.com\/compartilhabahia\/\"]},{\"@type\":\"Person\",\"@id\":\"https:\/\/compartilhabahia.com.br\/#\/schema\/person\/9b4f0c3178793b8248d6686732521c04\",\"name\":\"admin\",\"image\":{\"@type\":\"ImageObject\",\"inLanguage\":\"pt-BR\",\"@id\":\"https:\/\/compartilhabahia.com.br\/#\/schema\/person\/image\/\",\"url\":\"https:\/\/secure.gravatar.com\/avatar\/9600df58751c5acbe914c538c03390ef649ea088cb65f84ba09c7ce66988eed6?s=96&d=mm&r=g\",\"contentUrl\":\"https:\/\/secure.gravatar.com\/avatar\/9600df58751c5acbe914c538c03390ef649ea088cb65f84ba09c7ce66988eed6?s=96&d=mm&r=g\",\"caption\":\"admin\"},\"sameAs\":[\"https:\/\/compartilhabahia.com.br\"],\"url\":\"https:\/\/compartilhabahia.com.br\/index.php\/author\/compartilhabahia\/\"}]}<\/script>\n<!-- \/ Yoast SEO plugin. -->","yoast_head_json":{"title":"Esquenta S\u00e3o Jo\u00e3o 2024 - Compartilha Bahia","robots":{"index":"index","follow":"follow","max-snippet":"max-snippet:-1","max-image-preview":"max-image-preview:large","max-video-preview":"max-video-preview:-1"},"canonical":"https:\/\/compartilhabahia.com.br\/index.php\/2024\/02\/23\/esquenta-sao-joao-2024\/","og_locale":"pt_BR","og_type":"article","og_title":"Esquenta S\u00e3o Jo\u00e3o 2024 - Compartilha Bahia","og_description":"Esquenta S\u00e3o Jo\u00e3o 2024 O S\u00e3o Jo\u00e3o \u00e9 s\u00f3 em junho, mas o forr\u00f3 em Cama\u00e7ari come\u00e7a logo ap\u00f3s o carnaval. O forrozeiro cama\u00e7ariense Juliano Nunes abre a temporada com o Esquenta S\u00e3o Jo\u00e3o 2024 que acontecer\u00e1 dia 16 de mar\u00e7o, no foyer do Teatro Alberto Martins, \u00e0s 21h que contar\u00e1 tamb\u00e9m com o show [&hellip;]","og_url":"https:\/\/compartilhabahia.com.br\/index.php\/2024\/02\/23\/esquenta-sao-joao-2024\/","og_site_name":"Compartilha Bahia","article_publisher":"https:\/\/web.facebook.com\/compartilhabahia","article_published_time":"2024-02-23T18:55:48+00:00","article_modified_time":"2024-02-23T18:55:50+00:00","og_image":[{"width":1280,"height":853,"url":"https:\/\/compartilhabahia.com.br\/wp-content\/uploads\/2024\/02\/juliano_forro.jpg","type":"image\/jpeg"}],"author":"admin","twitter_card":"summary_large_image","twitter_misc":{"Escrito por":"admin","Est. tempo de leitura":"2 minutos"},"schema":{"@context":"https:\/\/schema.org","@graph":[{"@type":"Article","@id":"https:\/\/compartilhabahia.com.br\/index.php\/2024\/02\/23\/esquenta-sao-joao-2024\/#article","isPartOf":{"@id":"https:\/\/compartilhabahia.com.br\/index.php\/2024\/02\/23\/esquenta-sao-joao-2024\/"},"author":{"name":"admin","@id":"https:\/\/compartilhabahia.com.br\/#\/schema\/person\/9b4f0c3178793b8248d6686732521c04"},"headline":"Esquenta S\u00e3o Jo\u00e3o 2024","datePublished":"2024-02-23T18:55:48+00:00","dateModified":"2024-02-23T18:55:50+00:00","mainEntityOfPage":{"@id":"https:\/\/compartilhabahia.com.br\/index.php\/2024\/02\/23\/esquenta-sao-joao-2024\/"},"wordCount":206,"commentCount":0,"publisher":{"@id":"https:\/\/compartilhabahia.com.br\/#organization"},"articleSection":["Cama\u00e7ari"],"inLanguage":"pt-BR","potentialAction":[{"@type":"CommentAction","name":"Comment","target":["https:\/\/compartilhabahia.com.br\/index.php\/2024\/02\/23\/esquenta-sao-joao-2024\/#respond"]}]},{"@type":"WebPage","@id":"https:\/\/compartilhabahia.com.br\/index.php\/2024\/02\/23\/esquenta-sao-joao-2024\/","url":"https:\/\/compartilhabahia.com.br\/index.php\/2024\/02\/23\/esquenta-sao-joao-2024\/","name":"Esquenta S\u00e3o Jo\u00e3o 2024 - Compartilha Bahia","isPartOf":{"@id":"https:\/\/compartilhabahia.com.br\/#website"},"datePublished":"2024-02-23T18:55:48+00:00","dateModified":"2024-02-23T18:55:50+00:00","breadcrumb":{"@id":"https:\/\/compartilhabahia.com.br\/index.php\/2024\/02\/23\/esquenta-sao-joao-2024\/#breadcrumb"},"inLanguage":"pt-BR","potentialAction":[{"@type":"ReadAction","target":["https:\/\/compartilhabahia.com.br\/index.php\/2024\/02\/23\/esquenta-sao-joao-2024\/"]}]},{"@type":"BreadcrumbList","@id":"https:\/\/compartilhabahia.com.br\/index.php\/2024\/02\/23\/esquenta-sao-joao-2024\/#breadcrumb","itemListElement":[{"@type":"ListItem","position":1,"name":"In\u00edcio","item":"https:\/\/compartilhabahia.com.br\/"},{"@type":"ListItem","position":2,"name":"Esquenta S\u00e3o Jo\u00e3o 2024"}]},{"@type":"WebSite","@id":"https:\/\/compartilhabahia.com.br\/#website","url":"https:\/\/compartilhabahia.com.br\/","name":"Compartilha Bahia","description":"","publisher":{"@id":"https:\/\/compartilhabahia.com.br\/#organization"},"potentialAction":[{"@type":"SearchAction","target":{"@type":"EntryPoint","urlTemplate":"https:\/\/compartilhabahia.com.br\/?s={search_term_string}"},"query-input":"required name=search_term_string"}],"inLanguage":"pt-BR"},{"@type":"Organization","@id":"https:\/\/compartilhabahia.com.br\/#organization","name":"Compartilha Bahia","url":"https:\/\/compartilhabahia.com.br\/","logo":{"@type":"ImageObject","inLanguage":"pt-BR","@id":"https:\/\/compartilhabahia.com.br\/#\/schema\/logo\/image\/","url":"https:\/\/compartilhabahia.com.br\/wp-content\/uploads\/2023\/12\/cropped-logo.png","contentUrl":"https:\/\/compartilhabahia.com.br\/wp-content\/uploads\/2023\/12\/cropped-logo.png","width":300,"height":106,"caption":"Compartilha Bahia"},"image":{"@id":"https:\/\/compartilhabahia.com.br\/#\/schema\/logo\/image\/"},"sameAs":["https:\/\/web.facebook.com\/compartilhabahia","https:\/\/www.instagram.com\/compartilhabahia\/"]},{"@type":"Person","@id":"https:\/\/compartilhabahia.com.br\/#\/schema\/person\/9b4f0c3178793b8248d6686732521c04","name":"admin","image":{"@type":"ImageObject","inLanguage":"pt-BR","@id":"https:\/\/compartilhabahia.com.br\/#\/schema\/person\/image\/","url":"https:\/\/secure.gravatar.com\/avatar\/9600df58751c5acbe914c538c03390ef649ea088cb65f84ba09c7ce66988eed6?s=96&d=mm&r=g","contentUrl":"https:\/\/secure.gravatar.com\/avatar\/9600df58751c5acbe914c538c03390ef649ea088cb65f84ba09c7ce66988eed6?s=96&d=mm&r=g","caption":"admin"},"sameAs":["https:\/\/compartilhabahia.com.br"],"url":"https:\/\/compartilhabahia.com.br\/index.php\/author\/compartilhabahia\/"}]}},"_links":{"self":[{"href":"https:\/\/compartilhabahia.com.br\/index.php\/wp-json\/wp\/v2\/posts\/1088","targetHints":{"allow":["GET"]}}],"collection":[{"href":"https:\/\/compartilhabahia.com.br\/index.php\/wp-json\/wp\/v2\/posts"}],"about":[{"href":"https:\/\/compartilhabahia.com.br\/index.php\/wp-json\/wp\/v2\/types\/post"}],"author":[{"embeddable":true,"href":"https:\/\/compartilhabahia.com.br\/index.php\/wp-json\/wp\/v2\/users\/1"}],"replies":[{"embeddable":true,"href":"https:\/\/compartilhabahia.com.br\/index.php\/wp-json\/wp\/v2\/comments?post=1088"}],"version-history":[{"count":2,"href":"https:\/\/compartilhabahia.com.br\/index.php\/wp-json\/wp\/v2\/posts\/1088\/revisions"}],"predecessor-version":[{"id":1109,"href":"https:\/\/compartilhabahia.com.br\/index.php\/wp-json\/wp\/v2\/posts\/1088\/revisions\/1109"}],"wp:featuredmedia":[{"embeddable":true,"href":"https:\/\/compartilhabahia.com.br\/index.php\/wp-json\/wp\/v2\/media\/1089"}],"wp:attachment":[{"href":"https:\/\/compartilhabahia.com.br\/index.php\/wp-json\/wp\/v2\/media?parent=1088"}],"wp:term":[{"taxonomy":"category","embeddable":true,"href":"https:\/\/compartilhabahia.com.br\/index.php\/wp-json\/wp\/v2\/categories?post=1088"},{"taxonomy":"post_tag","embeddable":true,"href":"https:\/\/compartilhabahia.com.br\/index.php\/wp-json\/wp\/v2\/tags?post=1088"}],"curies":[{"name":"wp","href":"https:\/\/api.w.org\/{rel}","templated":true}]}}