{"id":10842,"date":"2026-09-05T17:03:59","date_gmt":"2026-09-05T20:03:59","guid":{"rendered":"https:\/\/compartilhabahia.com.br\/?p=10842"},"modified":"2026-09-05T17:04:01","modified_gmt":"2026-09-05T20:04:01","slug":"bahia-se-prepara-para-eleger-lula-jeronimo-rui-wagner-ivoneide-caetano-e-tagner","status":"publish","type":"post","link":"https:\/\/compartilhabahia.com.br\/index.php\/2026\/09\/05\/bahia-se-prepara-para-eleger-lula-jeronimo-rui-wagner-ivoneide-caetano-e-tagner\/","title":{"rendered":"Bahia se prepara para eleger Lula, Jer\u00f4nimo, Rui, Wagner, Ivoneide Caetano e Tagner"},"content":{"rendered":"\n<p><br>Em reuni\u00e3o preparativa na noite desta sexta-feira (4), na sede do Sindicato dos Professores de Cama\u00e7ari (BA), faltando apenas um m\u00eas para as elei\u00e7\u00f5es de outubro, v\u00e1rios discursos mostraram bem, como \u00e9 elevada a sabedoria das mulheres que est\u00e3o conduzindo a campanha eleitoral no munic\u00edpio, em favor de Lula, Jer\u00f4nimo, Rui, Wagner, Ivoneide e Tagner.<\/p>\n\n\n\n<p><br>A professora Sara de Andrade Santos demonstrou a import\u00e2ncia do encontro. Com uma fala impec\u00e1vel ela refor\u00e7ou o momento hist\u00f3rico pelo qual todos est\u00e3o passando, que \u00e9 o de poder eleger Lula pela \u00faltima vez. \u201cMuitos de n\u00f3s moradores da Bahia, tivemos a oportunidade de dar o nosso primeiro voto para Lula e fazer ele presidente por tr\u00eas vezes, e agora chegou a oportunidade de eleger ele pela \u00faltima vez\u201d.<br>\u00c9 um voto hist\u00f3rico Lula n\u00e3o ser\u00e1 mais candidato a presidente depois de 2026.<br>Em sua fala Jaqueline de Andrade, uma das coordenadoras da campanha majorit\u00e1ria na Bahia, refor\u00e7ou que Lula \u00e9 um dos l\u00edderes mundiais mais respeitado do planeta e que o Brasil conta com a Bahia para eleger Lula mais uma vez e impedir o retrocesso.<br>Aline Marques, Coordenadora de Eventos da Prefeitura de Cama\u00e7ari, muito emocionada disse ser fruto das pol\u00edticas implantadas e defendidas pelo presidente Lula, pelo governador Jer\u00f4nimo, pelos seus antecessores Rui Costa e Jaques Wagner, pelo prefeito Luiz Caetano e pela deputada federal Ivoneide Caetano. \u201cSou a primeira mulher a ser coordenadora de eventos de Cama\u00e7ari. Al\u00e9m disso, eu ouvi da boca do meu av\u00f4, que \u00e9 uma pessoa muito importante na minha vida, que antes de Lula ser presidente, ele passou e viu muita gente passando fome na Bahia\u201d.<br>Ela lembrou tamb\u00e9m, que para viajar para a sua cidade natal no interior, na regi\u00e3o de Irec\u00ea, antes dos governos do PT, n\u00e3o haviam boas estradas e a viagem levava mais de oito horas, isso quando o carro n\u00e3o quebrava, o pneu n\u00e3o furava ou estourava. Hoje a estrada \u00e9 perfeita e em apenas quatro horas de viagem eu j\u00e1 estou na casa dos meus pais e no caminho ainda vou apreciando v\u00e1rias obras que o governo tem feitos nos munic\u00edpios do interior, como escolas, policl\u00ednicas e hospitais.<br>Fabiana Monte Negro relatou que desde muito pequena a sua vontade de cora\u00e7\u00e3o, sempre foi de lutar junto com os partidos de esquerda. Ela disse ser amiga de inf\u00e2ncia de Tagner Cerqueira, para quem ela pede votos para deputado estadual. Ela tamb\u00e9m ressaltou que \u00e9 uma servidora efetiva do munic\u00edpio e que foi nomeada secret\u00e1ria municipal de administra\u00e7\u00e3o devido o prefeito Luiz Caetano, ser uma pessoa que valoriza os funcion\u00e1rios da prefeitura.<br>A Secret\u00e1ria Municipal de Governo Ednalva Santana, a Branca, uma das organizadoras da reuni\u00e3o, fez uma homenagem a deputada federal Ivoneide Caetano, candidata \u00e0 reelei\u00e7\u00e3o com o n\u00famero 1300. Ao declarar seu apoio Branca pediu a Ivoneide que sempre que enfrentar um momento dif\u00edcil recite o salmo 121: &#8220;Olharei para os montes: de onde vir\u00e1 o meu socorro? O meu socorro vem do Senhor, que fez os c\u00e9us e a terra&#8221;.<br>Todas as oradoras defenderam os nomes de Lula (13) para presidente, Jeronimo (13) para governador, Rui Costa 133 e Jaques Wagner 130 para o senado, Ivoneide Caetano (1300) para deputada federal e Tagner Cerqueira (13467) para deputado estadual.<\/p>\n","protected":false},"excerpt":{"rendered":"<p>Em reuni\u00e3o preparativa na noite desta sexta-feira (4), na sede do Sindicato dos Professores de Cama\u00e7ari (BA), faltando apenas um m\u00eas para as elei\u00e7\u00f5es de outubro, v\u00e1rios discursos mostraram bem, como \u00e9 elevada a sabedoria das mulheres que est\u00e3o conduzindo a campanha eleitoral no munic\u00edpio, em favor de Lula, Jer\u00f4nimo, Rui, Wagner, Ivoneide e Tagner. [&hellip;]<\/p>\n","protected":false},"author":1,"featured_media":10843,"comment_status":"open","ping_status":"open","sticky":false,"template":"","format":"standard","meta":{"footnotes":""},"categories":[8],"tags":[],"class_list":["post-10842","post","type-post","status-publish","format-standard","has-post-thumbnail","hentry","category-camacari"],"yoast_head":"<!-- This site is optimized with the Yoast SEO plugin v21.7 - https:\/\/yoast.com\/wordpress\/plugins\/seo\/ -->\n<title>Bahia se prepara para eleger Lula, Jer\u00f4nimo, Rui, Wagner, Ivoneide Caetano e Tagner - Compartilha Bahia<\/title>\n<meta name=\"robots\" content=\"index, follow, max-snippet:-1, max-image-preview:large, max-video-preview:-1\" \/>\n<link rel=\"canonical\" href=\"https:\/\/compartilhabahia.com.br\/index.php\/2026\/09\/05\/bahia-se-prepara-para-eleger-lula-jeronimo-rui-wagner-ivoneide-caetano-e-tagner\/\" \/>\n<meta property=\"og:locale\" content=\"pt_BR\" \/>\n<meta property=\"og:type\" content=\"article\" \/>\n<meta property=\"og:title\" content=\"Bahia se prepara para eleger Lula, Jer\u00f4nimo, Rui, Wagner, Ivoneide Caetano e Tagner - Compartilha Bahia\" \/>\n<meta property=\"og:description\" content=\"Em reuni\u00e3o preparativa na noite desta sexta-feira (4), na sede do Sindicato dos Professores de Cama\u00e7ari (BA), faltando apenas um m\u00eas para as elei\u00e7\u00f5es de outubro, v\u00e1rios discursos mostraram bem, como \u00e9 elevada a sabedoria das mulheres que est\u00e3o conduzindo a campanha eleitoral no munic\u00edpio, em favor de Lula, Jer\u00f4nimo, Rui, Wagner, Ivoneide e Tagner. [&hellip;]\" \/>\n<meta property=\"og:url\" content=\"https:\/\/compartilhabahia.com.br\/index.php\/2026\/09\/05\/bahia-se-prepara-para-eleger-lula-jeronimo-rui-wagner-ivoneide-caetano-e-tagner\/\" \/>\n<meta property=\"og:site_name\" content=\"Compartilha Bahia\" \/>\n<meta property=\"article:publisher\" content=\"https:\/\/web.facebook.com\/compartilhabahia\" \/>\n<meta property=\"article:published_time\" content=\"2026-09-05T20:03:59+00:00\" \/>\n<meta property=\"article:modified_time\" content=\"2026-09-05T20:04:01+00:00\" \/>\n<meta property=\"og:image\" content=\"https:\/\/compartilhabahia.com.br\/wp-content\/uploads\/2026\/09\/secretarias.jpg\" \/>\n\t<meta property=\"og:image:width\" content=\"1659\" \/>\n\t<meta property=\"og:image:height\" content=\"948\" \/>\n\t<meta property=\"og:image:type\" content=\"image\/jpeg\" \/>\n<meta name=\"author\" content=\"admin\" \/>\n<meta name=\"twitter:card\" content=\"summary_large_image\" \/>\n<meta name=\"twitter:label1\" content=\"Escrito por\" \/>\n\t<meta name=\"twitter:data1\" content=\"admin\" \/>\n\t<meta name=\"twitter:label2\" content=\"Est. tempo de leitura\" \/>\n\t<meta name=\"twitter:data2\" content=\"4 minutos\" \/>\n<script type=\"application\/ld+json\" class=\"yoast-schema-graph\">{\"@context\":\"https:\/\/schema.org\",\"@graph\":[{\"@type\":\"Article\",\"@id\":\"https:\/\/compartilhabahia.com.br\/index.php\/2026\/09\/05\/bahia-se-prepara-para-eleger-lula-jeronimo-rui-wagner-ivoneide-caetano-e-tagner\/#article\",\"isPartOf\":{\"@id\":\"https:\/\/compartilhabahia.com.br\/index.php\/2026\/09\/05\/bahia-se-prepara-para-eleger-lula-jeronimo-rui-wagner-ivoneide-caetano-e-tagner\/\"},\"author\":{\"name\":\"admin\",\"@id\":\"https:\/\/compartilhabahia.com.br\/#\/schema\/person\/9b4f0c3178793b8248d6686732521c04\"},\"headline\":\"Bahia se prepara para eleger Lula, Jer\u00f4nimo, Rui, Wagner, Ivoneide Caetano e Tagner\",\"datePublished\":\"2026-09-05T20:03:59+00:00\",\"dateModified\":\"2026-09-05T20:04:01+00:00\",\"mainEntityOfPage\":{\"@id\":\"https:\/\/compartilhabahia.com.br\/index.php\/2026\/09\/05\/bahia-se-prepara-para-eleger-lula-jeronimo-rui-wagner-ivoneide-caetano-e-tagner\/\"},\"wordCount\":582,\"commentCount\":0,\"publisher\":{\"@id\":\"https:\/\/compartilhabahia.com.br\/#organization\"},\"articleSection\":[\"Cama\u00e7ari\"],\"inLanguage\":\"pt-BR\",\"potentialAction\":[{\"@type\":\"CommentAction\",\"name\":\"Comment\",\"target\":[\"https:\/\/compartilhabahia.com.br\/index.php\/2026\/09\/05\/bahia-se-prepara-para-eleger-lula-jeronimo-rui-wagner-ivoneide-caetano-e-tagner\/#respond\"]}]},{\"@type\":\"WebPage\",\"@id\":\"https:\/\/compartilhabahia.com.br\/index.php\/2026\/09\/05\/bahia-se-prepara-para-eleger-lula-jeronimo-rui-wagner-ivoneide-caetano-e-tagner\/\",\"url\":\"https:\/\/compartilhabahia.com.br\/index.php\/2026\/09\/05\/bahia-se-prepara-para-eleger-lula-jeronimo-rui-wagner-ivoneide-caetano-e-tagner\/\",\"name\":\"Bahia se prepara para eleger Lula, Jer\u00f4nimo, Rui, Wagner, Ivoneide Caetano e Tagner - Compartilha Bahia\",\"isPartOf\":{\"@id\":\"https:\/\/compartilhabahia.com.br\/#website\"},\"datePublished\":\"2026-09-05T20:03:59+00:00\",\"dateModified\":\"2026-09-05T20:04:01+00:00\",\"breadcrumb\":{\"@id\":\"https:\/\/compartilhabahia.com.br\/index.php\/2026\/09\/05\/bahia-se-prepara-para-eleger-lula-jeronimo-rui-wagner-ivoneide-caetano-e-tagner\/#breadcrumb\"},\"inLanguage\":\"pt-BR\",\"potentialAction\":[{\"@type\":\"ReadAction\",\"target\":[\"https:\/\/compartilhabahia.com.br\/index.php\/2026\/09\/05\/bahia-se-prepara-para-eleger-lula-jeronimo-rui-wagner-ivoneide-caetano-e-tagner\/\"]}]},{\"@type\":\"BreadcrumbList\",\"@id\":\"https:\/\/compartilhabahia.com.br\/index.php\/2026\/09\/05\/bahia-se-prepara-para-eleger-lula-jeronimo-rui-wagner-ivoneide-caetano-e-tagner\/#breadcrumb\",\"itemListElement\":[{\"@type\":\"ListItem\",\"position\":1,\"name\":\"In\u00edcio\",\"item\":\"https:\/\/compartilhabahia.com.br\/\"},{\"@type\":\"ListItem\",\"position\":2,\"name\":\"Bahia se prepara para eleger Lula, Jer\u00f4nimo, Rui, Wagner, Ivoneide Caetano e Tagner\"}]},{\"@type\":\"WebSite\",\"@id\":\"https:\/\/compartilhabahia.com.br\/#website\",\"url\":\"https:\/\/compartilhabahia.com.br\/\",\"name\":\"Compartilha Bahia\",\"description\":\"\",\"publisher\":{\"@id\":\"https:\/\/compartilhabahia.com.br\/#organization\"},\"potentialAction\":[{\"@type\":\"SearchAction\",\"target\":{\"@type\":\"EntryPoint\",\"urlTemplate\":\"https:\/\/compartilhabahia.com.br\/?s={search_term_string}\"},\"query-input\":\"required name=search_term_string\"}],\"inLanguage\":\"pt-BR\"},{\"@type\":\"Organization\",\"@id\":\"https:\/\/compartilhabahia.com.br\/#organization\",\"name\":\"Compartilha Bahia\",\"url\":\"https:\/\/compartilhabahia.com.br\/\",\"logo\":{\"@type\":\"ImageObject\",\"inLanguage\":\"pt-BR\",\"@id\":\"https:\/\/compartilhabahia.com.br\/#\/schema\/logo\/image\/\",\"url\":\"https:\/\/compartilhabahia.com.br\/wp-content\/uploads\/2023\/12\/cropped-logo.png\",\"contentUrl\":\"https:\/\/compartilhabahia.com.br\/wp-content\/uploads\/2023\/12\/cropped-logo.png\",\"width\":300,\"height\":106,\"caption\":\"Compartilha Bahia\"},\"image\":{\"@id\":\"https:\/\/compartilhabahia.com.br\/#\/schema\/logo\/image\/\"},\"sameAs\":[\"https:\/\/web.facebook.com\/compartilhabahia\",\"https:\/\/www.instagram.com\/compartilhabahia\/\"]},{\"@type\":\"Person\",\"@id\":\"https:\/\/compartilhabahia.com.br\/#\/schema\/person\/9b4f0c3178793b8248d6686732521c04\",\"name\":\"admin\",\"image\":{\"@type\":\"ImageObject\",\"inLanguage\":\"pt-BR\",\"@id\":\"https:\/\/compartilhabahia.com.br\/#\/schema\/person\/image\/\",\"url\":\"https:\/\/secure.gravatar.com\/avatar\/9600df58751c5acbe914c538c03390ef649ea088cb65f84ba09c7ce66988eed6?s=96&d=mm&r=g\",\"contentUrl\":\"https:\/\/secure.gravatar.com\/avatar\/9600df58751c5acbe914c538c03390ef649ea088cb65f84ba09c7ce66988eed6?s=96&d=mm&r=g\",\"caption\":\"admin\"},\"sameAs\":[\"https:\/\/compartilhabahia.com.br\"],\"url\":\"https:\/\/compartilhabahia.com.br\/index.php\/author\/compartilhabahia\/\"}]}<\/script>\n<!-- \/ Yoast SEO plugin. -->","yoast_head_json":{"title":"Bahia se prepara para eleger Lula, Jer\u00f4nimo, Rui, Wagner, Ivoneide Caetano e Tagner - Compartilha Bahia","robots":{"index":"index","follow":"follow","max-snippet":"max-snippet:-1","max-image-preview":"max-image-preview:large","max-video-preview":"max-video-preview:-1"},"canonical":"https:\/\/compartilhabahia.com.br\/index.php\/2026\/09\/05\/bahia-se-prepara-para-eleger-lula-jeronimo-rui-wagner-ivoneide-caetano-e-tagner\/","og_locale":"pt_BR","og_type":"article","og_title":"Bahia se prepara para eleger Lula, Jer\u00f4nimo, Rui, Wagner, Ivoneide Caetano e Tagner - Compartilha Bahia","og_description":"Em reuni\u00e3o preparativa na noite desta sexta-feira (4), na sede do Sindicato dos Professores de Cama\u00e7ari (BA), faltando apenas um m\u00eas para as elei\u00e7\u00f5es de outubro, v\u00e1rios discursos mostraram bem, como \u00e9 elevada a sabedoria das mulheres que est\u00e3o conduzindo a campanha eleitoral no munic\u00edpio, em favor de Lula, Jer\u00f4nimo, Rui, Wagner, Ivoneide e Tagner. [&hellip;]","og_url":"https:\/\/compartilhabahia.com.br\/index.php\/2026\/09\/05\/bahia-se-prepara-para-eleger-lula-jeronimo-rui-wagner-ivoneide-caetano-e-tagner\/","og_site_name":"Compartilha Bahia","article_publisher":"https:\/\/web.facebook.com\/compartilhabahia","article_published_time":"2026-09-05T20:03:59+00:00","article_modified_time":"2026-09-05T20:04:01+00:00","og_image":[{"width":1659,"height":948,"url":"https:\/\/compartilhabahia.com.br\/wp-content\/uploads\/2026\/09\/secretarias.jpg","type":"image\/jpeg"}],"author":"admin","twitter_card":"summary_large_image","twitter_misc":{"Escrito por":"admin","Est. tempo de leitura":"4 minutos"},"schema":{"@context":"https:\/\/schema.org","@graph":[{"@type":"Article","@id":"https:\/\/compartilhabahia.com.br\/index.php\/2026\/09\/05\/bahia-se-prepara-para-eleger-lula-jeronimo-rui-wagner-ivoneide-caetano-e-tagner\/#article","isPartOf":{"@id":"https:\/\/compartilhabahia.com.br\/index.php\/2026\/09\/05\/bahia-se-prepara-para-eleger-lula-jeronimo-rui-wagner-ivoneide-caetano-e-tagner\/"},"author":{"name":"admin","@id":"https:\/\/compartilhabahia.com.br\/#\/schema\/person\/9b4f0c3178793b8248d6686732521c04"},"headline":"Bahia se prepara para eleger Lula, Jer\u00f4nimo, Rui, Wagner, Ivoneide Caetano e Tagner","datePublished":"2026-09-05T20:03:59+00:00","dateModified":"2026-09-05T20:04:01+00:00","mainEntityOfPage":{"@id":"https:\/\/compartilhabahia.com.br\/index.php\/2026\/09\/05\/bahia-se-prepara-para-eleger-lula-jeronimo-rui-wagner-ivoneide-caetano-e-tagner\/"},"wordCount":582,"commentCount":0,"publisher":{"@id":"https:\/\/compartilhabahia.com.br\/#organization"},"articleSection":["Cama\u00e7ari"],"inLanguage":"pt-BR","potentialAction":[{"@type":"CommentAction","name":"Comment","target":["https:\/\/compartilhabahia.com.br\/index.php\/2026\/09\/05\/bahia-se-prepara-para-eleger-lula-jeronimo-rui-wagner-ivoneide-caetano-e-tagner\/#respond"]}]},{"@type":"WebPage","@id":"https:\/\/compartilhabahia.com.br\/index.php\/2026\/09\/05\/bahia-se-prepara-para-eleger-lula-jeronimo-rui-wagner-ivoneide-caetano-e-tagner\/","url":"https:\/\/compartilhabahia.com.br\/index.php\/2026\/09\/05\/bahia-se-prepara-para-eleger-lula-jeronimo-rui-wagner-ivoneide-caetano-e-tagner\/","name":"Bahia se prepara para eleger Lula, Jer\u00f4nimo, Rui, Wagner, Ivoneide Caetano e Tagner - Compartilha Bahia","isPartOf":{"@id":"https:\/\/compartilhabahia.com.br\/#website"},"datePublished":"2026-09-05T20:03:59+00:00","dateModified":"2026-09-05T20:04:01+00:00","breadcrumb":{"@id":"https:\/\/compartilhabahia.com.br\/index.php\/2026\/09\/05\/bahia-se-prepara-para-eleger-lula-jeronimo-rui-wagner-ivoneide-caetano-e-tagner\/#breadcrumb"},"inLanguage":"pt-BR","potentialAction":[{"@type":"ReadAction","target":["https:\/\/compartilhabahia.com.br\/index.php\/2026\/09\/05\/bahia-se-prepara-para-eleger-lula-jeronimo-rui-wagner-ivoneide-caetano-e-tagner\/"]}]},{"@type":"BreadcrumbList","@id":"https:\/\/compartilhabahia.com.br\/index.php\/2026\/09\/05\/bahia-se-prepara-para-eleger-lula-jeronimo-rui-wagner-ivoneide-caetano-e-tagner\/#breadcrumb","itemListElement":[{"@type":"ListItem","position":1,"name":"In\u00edcio","item":"https:\/\/compartilhabahia.com.br\/"},{"@type":"ListItem","position":2,"name":"Bahia se prepara para eleger Lula, Jer\u00f4nimo, Rui, Wagner, Ivoneide Caetano e Tagner"}]},{"@type":"WebSite","@id":"https:\/\/compartilhabahia.com.br\/#website","url":"https:\/\/compartilhabahia.com.br\/","name":"Compartilha Bahia","description":"","publisher":{"@id":"https:\/\/compartilhabahia.com.br\/#organization"},"potentialAction":[{"@type":"SearchAction","target":{"@type":"EntryPoint","urlTemplate":"https:\/\/compartilhabahia.com.br\/?s={search_term_string}"},"query-input":"required name=search_term_string"}],"inLanguage":"pt-BR"},{"@type":"Organization","@id":"https:\/\/compartilhabahia.com.br\/#organization","name":"Compartilha Bahia","url":"https:\/\/compartilhabahia.com.br\/","logo":{"@type":"ImageObject","inLanguage":"pt-BR","@id":"https:\/\/compartilhabahia.com.br\/#\/schema\/logo\/image\/","url":"https:\/\/compartilhabahia.com.br\/wp-content\/uploads\/2023\/12\/cropped-logo.png","contentUrl":"https:\/\/compartilhabahia.com.br\/wp-content\/uploads\/2023\/12\/cropped-logo.png","width":300,"height":106,"caption":"Compartilha Bahia"},"image":{"@id":"https:\/\/compartilhabahia.com.br\/#\/schema\/logo\/image\/"},"sameAs":["https:\/\/web.facebook.com\/compartilhabahia","https:\/\/www.instagram.com\/compartilhabahia\/"]},{"@type":"Person","@id":"https:\/\/compartilhabahia.com.br\/#\/schema\/person\/9b4f0c3178793b8248d6686732521c04","name":"admin","image":{"@type":"ImageObject","inLanguage":"pt-BR","@id":"https:\/\/compartilhabahia.com.br\/#\/schema\/person\/image\/","url":"https:\/\/secure.gravatar.com\/avatar\/9600df58751c5acbe914c538c03390ef649ea088cb65f84ba09c7ce66988eed6?s=96&d=mm&r=g","contentUrl":"https:\/\/secure.gravatar.com\/avatar\/9600df58751c5acbe914c538c03390ef649ea088cb65f84ba09c7ce66988eed6?s=96&d=mm&r=g","caption":"admin"},"sameAs":["https:\/\/compartilhabahia.com.br"],"url":"https:\/\/compartilhabahia.com.br\/index.php\/author\/compartilhabahia\/"}]}},"_links":{"self":[{"href":"https:\/\/compartilhabahia.com.br\/index.php\/wp-json\/wp\/v2\/posts\/10842","targetHints":{"allow":["GET"]}}],"collection":[{"href":"https:\/\/compartilhabahia.com.br\/index.php\/wp-json\/wp\/v2\/posts"}],"about":[{"href":"https:\/\/compartilhabahia.com.br\/index.php\/wp-json\/wp\/v2\/types\/post"}],"author":[{"embeddable":true,"href":"https:\/\/compartilhabahia.com.br\/index.php\/wp-json\/wp\/v2\/users\/1"}],"replies":[{"embeddable":true,"href":"https:\/\/compartilhabahia.com.br\/index.php\/wp-json\/wp\/v2\/comments?post=10842"}],"version-history":[{"count":1,"href":"https:\/\/compartilhabahia.com.br\/index.php\/wp-json\/wp\/v2\/posts\/10842\/revisions"}],"predecessor-version":[{"id":10844,"href":"https:\/\/compartilhabahia.com.br\/index.php\/wp-json\/wp\/v2\/posts\/10842\/revisions\/10844"}],"wp:featuredmedia":[{"embeddable":true,"href":"https:\/\/compartilhabahia.com.br\/index.php\/wp-json\/wp\/v2\/media\/10843"}],"wp:attachment":[{"href":"https:\/\/compartilhabahia.com.br\/index.php\/wp-json\/wp\/v2\/media?parent=10842"}],"wp:term":[{"taxonomy":"category","embeddable":true,"href":"https:\/\/compartilhabahia.com.br\/index.php\/wp-json\/wp\/v2\/categories?post=10842"},{"taxonomy":"post_tag","embeddable":true,"href":"https:\/\/compartilhabahia.com.br\/index.php\/wp-json\/wp\/v2\/tags?post=10842"}],"curies":[{"name":"wp","href":"https:\/\/api.w.org\/{rel}","templated":true}]}}