{"id":10839,"date":"2026-09-03T23:08:35","date_gmt":"2026-09-04T02:08:35","guid":{"rendered":"https:\/\/compartilhabahia.com.br\/?p=10839"},"modified":"2026-09-03T23:08:37","modified_gmt":"2026-09-04T02:08:37","slug":"camacari-se-prepara-para-os-desfiles-civicos-de-7-de-setembro-na-gleba-e-e-parafuso","status":"publish","type":"post","link":"https:\/\/compartilhabahia.com.br\/index.php\/2026\/09\/03\/camacari-se-prepara-para-os-desfiles-civicos-de-7-de-setembro-na-gleba-e-e-parafuso\/","title":{"rendered":"Cama\u00e7ari se prepara para os desfiles c\u00edvicos de 7 de Setembro na Gleba E e Parafuso"},"content":{"rendered":"\n<p><\/p>\n\n\n\n<p>Neste 7 de Setembro, Cama\u00e7ari vai \u00e0s ruas para celebrar os 204 anos de Independ\u00eancia do Brasil, reafirmando a educa\u00e7\u00e3o como uma potente express\u00e3o de cidadania, participa\u00e7\u00e3o e transforma\u00e7\u00e3o social. Os tradicionais desfiles c\u00edvicos acontecer\u00e3o em dois momentos: no bairro Gleba E, \u00e0s 8h, e na localidade de Parafuso, \u00e0s 15h.<\/p>\n\n\n\n<p>Realizados pela Prefeitura de Cama\u00e7ari, atrav\u00e9s da Secretaria de Educa\u00e7\u00e3o (Seduc), o tema central deste ano \u00e9 \u201cCama\u00e7ari Educadora: comunica\u00e7\u00e3o e colabora\u00e7\u00e3o, pot\u00eancias que conectam os saberes dos territ\u00f3rios\u201d.<\/p>\n\n\n\n<p>Na Gleba E, a programa\u00e7\u00e3o come\u00e7ar\u00e1 com o hasteamento da bandeira ao som da Filarm\u00f4nica 28 de Setembro e a passagem do Tiro de Guerra do Ex\u00e9rcito Brasileiro, da Pol\u00edcia Militar, Corpo de Bombeiros, Defesa Civil, Secretaria de Servi\u00e7os P\u00fablicos (Sesp), Vara da Inf\u00e2ncia e Juventude, e Desbravadores.<\/p>\n\n\n\n<p>Em seguida, desfilam pela Rua das Flores estudantes do Centro Integrado de Educa\u00e7\u00e3o Infantil (CIEI) da Gleba E, Escola Especial do CAIC, Centro de Educa\u00e7\u00e3o Municipal de Cama\u00e7ari (CEMC), Escola Experimental Professora Mariana Tavares Cardoso, Escola Municipal An\u00edsio Teixeira, Col\u00e9gio Carpe Diem e Centro Educacional Sistema Master.<\/p>\n\n\n\n<p>Dentro da tem\u00e1tica, as escolas abordar\u00e3o a conectividade, inclus\u00e3o, identidade territorial, saberes, pertencimento, hist\u00f3ria, cultura, tecnologia, comunica\u00e7\u00e3o e educa\u00e7\u00e3o. Nesse contexto, levar\u00e3o para avenida projetos desenvolvidos pela rede municipal, como a Alfabetiza\u00e7\u00e3o na Idade Certa, Escola das Adolesc\u00eancias, Mais Ci\u00eancia, Eco Sala, Hist\u00f3ria do Territ\u00f3rio, EJA Pr\u00f3 e Ninhos da EJA. Iniciativas que integram um conjunto de a\u00e7\u00f5es que fortalecem as aprendizagens, valorizam os sujeitos e aproximam a escola dos territ\u00f3rios onde est\u00e1 inserida.<\/p>\n\n\n\n<p>Somando \u00e0s comemora\u00e7\u00f5es, os grupos Sementes do Mestre Coelho (SEMC), Capoeira Ligeira, Ra\u00edzes Dessa Terra, Burrinha Preciosa e o Movimento Percussivo Beira de Rua tamb\u00e9m animam a festa.<\/p>\n\n\n\n<p>O desfile ainda guarda espa\u00e7o para a Banda Municipal de Cama\u00e7ari (Bamuca), as bandas marciais Joana Ang\u00e9lica (Bamaja), do Centro de Educa\u00e7\u00e3o Municipal de Cama\u00e7ari (Bamcemc) e An\u00edsio Teixeira (Bamate), as fanfarras Estudantil de Cama\u00e7ari (Fanesc) e Popular de Abrantes (Fampa), al\u00e9m da Percuss\u00e3o Sistema Master e Charanga Big Band.<\/p>\n\n\n\n<p>\u00c0 tarde, a comunidade de Parafuso dar\u00e1 in\u00edcio \u00e0s comemora\u00e7\u00f5es, na Rua Marechal Floriano Peixoto, com a apresenta\u00e7\u00e3o da Filarm\u00f4nica 28 de Setembro, dos pelot\u00f5es da Defesa Civil e dos Desbravadores.<\/p>\n\n\n\n<p>O desfile ganha ainda mais cor e alegria com os estudantes da Creche Comunit\u00e1ria de Parafuso, da Escola Municipal Concei\u00e7\u00e3o de Maria e da Escola Municipal Eust\u00e1quio Alves de Santana.<\/p>\n\n\n\n<p>Por l\u00e1, as alas culturais ser\u00e3o ocupadas pelos grupos Aquilombar Capoeira, Filhos de Mar\u00e9, Camuger\u00ea, Samba de Caboclo de Parafuso, Ra\u00edzes Ancestrais, Dan\u00e7a Ancestral Contempor\u00e2nea e Charanga Ritmada. A programa\u00e7\u00e3o ainda traz a Fanesc, as fanfarras Estudantil de Parafuso (Fanesp) e Popular de Parafuso (Fampop), mais a Charanga Big Band.<\/p>\n\n\n\n<p>Para receber a popula\u00e7\u00e3o e os estudantes, est\u00e3o sendo montadas estruturas que proporcionar\u00e3o mais conforto e seguran\u00e7a, tanto para quem vai desfilar quanto para quem ir\u00e1 assistir. Tamb\u00e9m est\u00e3o sendo realizadas interven\u00e7\u00f5es de zeladoria urbana para deixar tudo organizado e preparado para os eventos.<\/p>\n\n\n\n<p>Os desfiles c\u00edvicos contam, ainda, com o apoio das secretarias de Cultura (Secult), dos Servi\u00e7os P\u00fablicos (Sesp) e de Sa\u00fade (Sesau), al\u00e9m da Superintend\u00eancia de Tr\u00e2nsito e Transporte (STT), da Coordena\u00e7\u00e3o de Eventos e da Defesa Civil, entre outros \u00f3rg\u00e3os p\u00fablicos municipais.<\/p>\n\n\n\n<p>Foto: Patrick Abreu<\/p>\n","protected":false},"excerpt":{"rendered":"<p>Neste 7 de Setembro, Cama\u00e7ari vai \u00e0s ruas para celebrar os 204 anos de Independ\u00eancia do Brasil, reafirmando a educa\u00e7\u00e3o como uma potente express\u00e3o de cidadania, participa\u00e7\u00e3o e transforma\u00e7\u00e3o social. Os tradicionais desfiles c\u00edvicos acontecer\u00e3o em dois momentos: no bairro Gleba E, \u00e0s 8h, e na localidade de Parafuso, \u00e0s 15h. Realizados pela Prefeitura de [&hellip;]<\/p>\n","protected":false},"author":1,"featured_media":10840,"comment_status":"open","ping_status":"open","sticky":false,"template":"","format":"standard","meta":{"footnotes":""},"categories":[8],"tags":[],"class_list":["post-10839","post","type-post","status-publish","format-standard","has-post-thumbnail","hentry","category-camacari"],"yoast_head":"<!-- This site is optimized with the Yoast SEO plugin v21.7 - https:\/\/yoast.com\/wordpress\/plugins\/seo\/ -->\n<title>Cama\u00e7ari se prepara para os desfiles c\u00edvicos de 7 de Setembro na Gleba E e Parafuso - Compartilha Bahia<\/title>\n<meta name=\"robots\" content=\"index, follow, max-snippet:-1, max-image-preview:large, max-video-preview:-1\" \/>\n<link rel=\"canonical\" href=\"https:\/\/compartilhabahia.com.br\/index.php\/2026\/09\/03\/camacari-se-prepara-para-os-desfiles-civicos-de-7-de-setembro-na-gleba-e-e-parafuso\/\" \/>\n<meta property=\"og:locale\" content=\"pt_BR\" \/>\n<meta property=\"og:type\" content=\"article\" \/>\n<meta property=\"og:title\" content=\"Cama\u00e7ari se prepara para os desfiles c\u00edvicos de 7 de Setembro na Gleba E e Parafuso - Compartilha Bahia\" \/>\n<meta property=\"og:description\" content=\"Neste 7 de Setembro, Cama\u00e7ari vai \u00e0s ruas para celebrar os 204 anos de Independ\u00eancia do Brasil, reafirmando a educa\u00e7\u00e3o como uma potente express\u00e3o de cidadania, participa\u00e7\u00e3o e transforma\u00e7\u00e3o social. Os tradicionais desfiles c\u00edvicos acontecer\u00e3o em dois momentos: no bairro Gleba E, \u00e0s 8h, e na localidade de Parafuso, \u00e0s 15h. Realizados pela Prefeitura de [&hellip;]\" \/>\n<meta property=\"og:url\" content=\"https:\/\/compartilhabahia.com.br\/index.php\/2026\/09\/03\/camacari-se-prepara-para-os-desfiles-civicos-de-7-de-setembro-na-gleba-e-e-parafuso\/\" \/>\n<meta property=\"og:site_name\" content=\"Compartilha Bahia\" \/>\n<meta property=\"article:publisher\" content=\"https:\/\/web.facebook.com\/compartilhabahia\" \/>\n<meta property=\"article:published_time\" content=\"2026-09-04T02:08:35+00:00\" \/>\n<meta property=\"article:modified_time\" content=\"2026-09-04T02:08:37+00:00\" \/>\n<meta property=\"og:image\" content=\"https:\/\/compartilhabahia.com.br\/wp-content\/uploads\/2026\/09\/Seduc_Chamada_Desfiles_Civicos_7_de_Setembro_Foto_Patrick_Abreu.jpeg\" \/>\n\t<meta property=\"og:image:width\" content=\"1600\" \/>\n\t<meta property=\"og:image:height\" content=\"1066\" \/>\n\t<meta property=\"og:image:type\" content=\"image\/jpeg\" \/>\n<meta name=\"author\" content=\"admin\" \/>\n<meta name=\"twitter:card\" content=\"summary_large_image\" \/>\n<meta name=\"twitter:label1\" content=\"Escrito por\" \/>\n\t<meta name=\"twitter:data1\" content=\"admin\" \/>\n\t<meta name=\"twitter:label2\" content=\"Est. tempo de leitura\" \/>\n\t<meta name=\"twitter:data2\" content=\"4 minutos\" \/>\n<script type=\"application\/ld+json\" class=\"yoast-schema-graph\">{\"@context\":\"https:\/\/schema.org\",\"@graph\":[{\"@type\":\"Article\",\"@id\":\"https:\/\/compartilhabahia.com.br\/index.php\/2026\/09\/03\/camacari-se-prepara-para-os-desfiles-civicos-de-7-de-setembro-na-gleba-e-e-parafuso\/#article\",\"isPartOf\":{\"@id\":\"https:\/\/compartilhabahia.com.br\/index.php\/2026\/09\/03\/camacari-se-prepara-para-os-desfiles-civicos-de-7-de-setembro-na-gleba-e-e-parafuso\/\"},\"author\":{\"name\":\"admin\",\"@id\":\"https:\/\/compartilhabahia.com.br\/#\/schema\/person\/9b4f0c3178793b8248d6686732521c04\"},\"headline\":\"Cama\u00e7ari se prepara para os desfiles c\u00edvicos de 7 de Setembro na Gleba E e Parafuso\",\"datePublished\":\"2026-09-04T02:08:35+00:00\",\"dateModified\":\"2026-09-04T02:08:37+00:00\",\"mainEntityOfPage\":{\"@id\":\"https:\/\/compartilhabahia.com.br\/index.php\/2026\/09\/03\/camacari-se-prepara-para-os-desfiles-civicos-de-7-de-setembro-na-gleba-e-e-parafuso\/\"},\"wordCount\":623,\"commentCount\":0,\"publisher\":{\"@id\":\"https:\/\/compartilhabahia.com.br\/#organization\"},\"articleSection\":[\"Cama\u00e7ari\"],\"inLanguage\":\"pt-BR\",\"potentialAction\":[{\"@type\":\"CommentAction\",\"name\":\"Comment\",\"target\":[\"https:\/\/compartilhabahia.com.br\/index.php\/2026\/09\/03\/camacari-se-prepara-para-os-desfiles-civicos-de-7-de-setembro-na-gleba-e-e-parafuso\/#respond\"]}]},{\"@type\":\"WebPage\",\"@id\":\"https:\/\/compartilhabahia.com.br\/index.php\/2026\/09\/03\/camacari-se-prepara-para-os-desfiles-civicos-de-7-de-setembro-na-gleba-e-e-parafuso\/\",\"url\":\"https:\/\/compartilhabahia.com.br\/index.php\/2026\/09\/03\/camacari-se-prepara-para-os-desfiles-civicos-de-7-de-setembro-na-gleba-e-e-parafuso\/\",\"name\":\"Cama\u00e7ari se prepara para os desfiles c\u00edvicos de 7 de Setembro na Gleba E e Parafuso - Compartilha Bahia\",\"isPartOf\":{\"@id\":\"https:\/\/compartilhabahia.com.br\/#website\"},\"datePublished\":\"2026-09-04T02:08:35+00:00\",\"dateModified\":\"2026-09-04T02:08:37+00:00\",\"breadcrumb\":{\"@id\":\"https:\/\/compartilhabahia.com.br\/index.php\/2026\/09\/03\/camacari-se-prepara-para-os-desfiles-civicos-de-7-de-setembro-na-gleba-e-e-parafuso\/#breadcrumb\"},\"inLanguage\":\"pt-BR\",\"potentialAction\":[{\"@type\":\"ReadAction\",\"target\":[\"https:\/\/compartilhabahia.com.br\/index.php\/2026\/09\/03\/camacari-se-prepara-para-os-desfiles-civicos-de-7-de-setembro-na-gleba-e-e-parafuso\/\"]}]},{\"@type\":\"BreadcrumbList\",\"@id\":\"https:\/\/compartilhabahia.com.br\/index.php\/2026\/09\/03\/camacari-se-prepara-para-os-desfiles-civicos-de-7-de-setembro-na-gleba-e-e-parafuso\/#breadcrumb\",\"itemListElement\":[{\"@type\":\"ListItem\",\"position\":1,\"name\":\"In\u00edcio\",\"item\":\"https:\/\/compartilhabahia.com.br\/\"},{\"@type\":\"ListItem\",\"position\":2,\"name\":\"Cama\u00e7ari se prepara para os desfiles c\u00edvicos de 7 de Setembro na Gleba E e Parafuso\"}]},{\"@type\":\"WebSite\",\"@id\":\"https:\/\/compartilhabahia.com.br\/#website\",\"url\":\"https:\/\/compartilhabahia.com.br\/\",\"name\":\"Compartilha Bahia\",\"description\":\"\",\"publisher\":{\"@id\":\"https:\/\/compartilhabahia.com.br\/#organization\"},\"potentialAction\":[{\"@type\":\"SearchAction\",\"target\":{\"@type\":\"EntryPoint\",\"urlTemplate\":\"https:\/\/compartilhabahia.com.br\/?s={search_term_string}\"},\"query-input\":\"required name=search_term_string\"}],\"inLanguage\":\"pt-BR\"},{\"@type\":\"Organization\",\"@id\":\"https:\/\/compartilhabahia.com.br\/#organization\",\"name\":\"Compartilha Bahia\",\"url\":\"https:\/\/compartilhabahia.com.br\/\",\"logo\":{\"@type\":\"ImageObject\",\"inLanguage\":\"pt-BR\",\"@id\":\"https:\/\/compartilhabahia.com.br\/#\/schema\/logo\/image\/\",\"url\":\"https:\/\/compartilhabahia.com.br\/wp-content\/uploads\/2023\/12\/cropped-logo.png\",\"contentUrl\":\"https:\/\/compartilhabahia.com.br\/wp-content\/uploads\/2023\/12\/cropped-logo.png\",\"width\":300,\"height\":106,\"caption\":\"Compartilha Bahia\"},\"image\":{\"@id\":\"https:\/\/compartilhabahia.com.br\/#\/schema\/logo\/image\/\"},\"sameAs\":[\"https:\/\/web.facebook.com\/compartilhabahia\",\"https:\/\/www.instagram.com\/compartilhabahia\/\"]},{\"@type\":\"Person\",\"@id\":\"https:\/\/compartilhabahia.com.br\/#\/schema\/person\/9b4f0c3178793b8248d6686732521c04\",\"name\":\"admin\",\"image\":{\"@type\":\"ImageObject\",\"inLanguage\":\"pt-BR\",\"@id\":\"https:\/\/compartilhabahia.com.br\/#\/schema\/person\/image\/\",\"url\":\"https:\/\/secure.gravatar.com\/avatar\/9600df58751c5acbe914c538c03390ef649ea088cb65f84ba09c7ce66988eed6?s=96&d=mm&r=g\",\"contentUrl\":\"https:\/\/secure.gravatar.com\/avatar\/9600df58751c5acbe914c538c03390ef649ea088cb65f84ba09c7ce66988eed6?s=96&d=mm&r=g\",\"caption\":\"admin\"},\"sameAs\":[\"https:\/\/compartilhabahia.com.br\"],\"url\":\"https:\/\/compartilhabahia.com.br\/index.php\/author\/compartilhabahia\/\"}]}<\/script>\n<!-- \/ Yoast SEO plugin. -->","yoast_head_json":{"title":"Cama\u00e7ari se prepara para os desfiles c\u00edvicos de 7 de Setembro na Gleba E e Parafuso - Compartilha Bahia","robots":{"index":"index","follow":"follow","max-snippet":"max-snippet:-1","max-image-preview":"max-image-preview:large","max-video-preview":"max-video-preview:-1"},"canonical":"https:\/\/compartilhabahia.com.br\/index.php\/2026\/09\/03\/camacari-se-prepara-para-os-desfiles-civicos-de-7-de-setembro-na-gleba-e-e-parafuso\/","og_locale":"pt_BR","og_type":"article","og_title":"Cama\u00e7ari se prepara para os desfiles c\u00edvicos de 7 de Setembro na Gleba E e Parafuso - Compartilha Bahia","og_description":"Neste 7 de Setembro, Cama\u00e7ari vai \u00e0s ruas para celebrar os 204 anos de Independ\u00eancia do Brasil, reafirmando a educa\u00e7\u00e3o como uma potente express\u00e3o de cidadania, participa\u00e7\u00e3o e transforma\u00e7\u00e3o social. Os tradicionais desfiles c\u00edvicos acontecer\u00e3o em dois momentos: no bairro Gleba E, \u00e0s 8h, e na localidade de Parafuso, \u00e0s 15h. Realizados pela Prefeitura de [&hellip;]","og_url":"https:\/\/compartilhabahia.com.br\/index.php\/2026\/09\/03\/camacari-se-prepara-para-os-desfiles-civicos-de-7-de-setembro-na-gleba-e-e-parafuso\/","og_site_name":"Compartilha Bahia","article_publisher":"https:\/\/web.facebook.com\/compartilhabahia","article_published_time":"2026-09-04T02:08:35+00:00","article_modified_time":"2026-09-04T02:08:37+00:00","og_image":[{"width":1600,"height":1066,"url":"https:\/\/compartilhabahia.com.br\/wp-content\/uploads\/2026\/09\/Seduc_Chamada_Desfiles_Civicos_7_de_Setembro_Foto_Patrick_Abreu.jpeg","type":"image\/jpeg"}],"author":"admin","twitter_card":"summary_large_image","twitter_misc":{"Escrito por":"admin","Est. tempo de leitura":"4 minutos"},"schema":{"@context":"https:\/\/schema.org","@graph":[{"@type":"Article","@id":"https:\/\/compartilhabahia.com.br\/index.php\/2026\/09\/03\/camacari-se-prepara-para-os-desfiles-civicos-de-7-de-setembro-na-gleba-e-e-parafuso\/#article","isPartOf":{"@id":"https:\/\/compartilhabahia.com.br\/index.php\/2026\/09\/03\/camacari-se-prepara-para-os-desfiles-civicos-de-7-de-setembro-na-gleba-e-e-parafuso\/"},"author":{"name":"admin","@id":"https:\/\/compartilhabahia.com.br\/#\/schema\/person\/9b4f0c3178793b8248d6686732521c04"},"headline":"Cama\u00e7ari se prepara para os desfiles c\u00edvicos de 7 de Setembro na Gleba E e Parafuso","datePublished":"2026-09-04T02:08:35+00:00","dateModified":"2026-09-04T02:08:37+00:00","mainEntityOfPage":{"@id":"https:\/\/compartilhabahia.com.br\/index.php\/2026\/09\/03\/camacari-se-prepara-para-os-desfiles-civicos-de-7-de-setembro-na-gleba-e-e-parafuso\/"},"wordCount":623,"commentCount":0,"publisher":{"@id":"https:\/\/compartilhabahia.com.br\/#organization"},"articleSection":["Cama\u00e7ari"],"inLanguage":"pt-BR","potentialAction":[{"@type":"CommentAction","name":"Comment","target":["https:\/\/compartilhabahia.com.br\/index.php\/2026\/09\/03\/camacari-se-prepara-para-os-desfiles-civicos-de-7-de-setembro-na-gleba-e-e-parafuso\/#respond"]}]},{"@type":"WebPage","@id":"https:\/\/compartilhabahia.com.br\/index.php\/2026\/09\/03\/camacari-se-prepara-para-os-desfiles-civicos-de-7-de-setembro-na-gleba-e-e-parafuso\/","url":"https:\/\/compartilhabahia.com.br\/index.php\/2026\/09\/03\/camacari-se-prepara-para-os-desfiles-civicos-de-7-de-setembro-na-gleba-e-e-parafuso\/","name":"Cama\u00e7ari se prepara para os desfiles c\u00edvicos de 7 de Setembro na Gleba E e Parafuso - Compartilha Bahia","isPartOf":{"@id":"https:\/\/compartilhabahia.com.br\/#website"},"datePublished":"2026-09-04T02:08:35+00:00","dateModified":"2026-09-04T02:08:37+00:00","breadcrumb":{"@id":"https:\/\/compartilhabahia.com.br\/index.php\/2026\/09\/03\/camacari-se-prepara-para-os-desfiles-civicos-de-7-de-setembro-na-gleba-e-e-parafuso\/#breadcrumb"},"inLanguage":"pt-BR","potentialAction":[{"@type":"ReadAction","target":["https:\/\/compartilhabahia.com.br\/index.php\/2026\/09\/03\/camacari-se-prepara-para-os-desfiles-civicos-de-7-de-setembro-na-gleba-e-e-parafuso\/"]}]},{"@type":"BreadcrumbList","@id":"https:\/\/compartilhabahia.com.br\/index.php\/2026\/09\/03\/camacari-se-prepara-para-os-desfiles-civicos-de-7-de-setembro-na-gleba-e-e-parafuso\/#breadcrumb","itemListElement":[{"@type":"ListItem","position":1,"name":"In\u00edcio","item":"https:\/\/compartilhabahia.com.br\/"},{"@type":"ListItem","position":2,"name":"Cama\u00e7ari se prepara para os desfiles c\u00edvicos de 7 de Setembro na Gleba E e Parafuso"}]},{"@type":"WebSite","@id":"https:\/\/compartilhabahia.com.br\/#website","url":"https:\/\/compartilhabahia.com.br\/","name":"Compartilha Bahia","description":"","publisher":{"@id":"https:\/\/compartilhabahia.com.br\/#organization"},"potentialAction":[{"@type":"SearchAction","target":{"@type":"EntryPoint","urlTemplate":"https:\/\/compartilhabahia.com.br\/?s={search_term_string}"},"query-input":"required name=search_term_string"}],"inLanguage":"pt-BR"},{"@type":"Organization","@id":"https:\/\/compartilhabahia.com.br\/#organization","name":"Compartilha Bahia","url":"https:\/\/compartilhabahia.com.br\/","logo":{"@type":"ImageObject","inLanguage":"pt-BR","@id":"https:\/\/compartilhabahia.com.br\/#\/schema\/logo\/image\/","url":"https:\/\/compartilhabahia.com.br\/wp-content\/uploads\/2023\/12\/cropped-logo.png","contentUrl":"https:\/\/compartilhabahia.com.br\/wp-content\/uploads\/2023\/12\/cropped-logo.png","width":300,"height":106,"caption":"Compartilha Bahia"},"image":{"@id":"https:\/\/compartilhabahia.com.br\/#\/schema\/logo\/image\/"},"sameAs":["https:\/\/web.facebook.com\/compartilhabahia","https:\/\/www.instagram.com\/compartilhabahia\/"]},{"@type":"Person","@id":"https:\/\/compartilhabahia.com.br\/#\/schema\/person\/9b4f0c3178793b8248d6686732521c04","name":"admin","image":{"@type":"ImageObject","inLanguage":"pt-BR","@id":"https:\/\/compartilhabahia.com.br\/#\/schema\/person\/image\/","url":"https:\/\/secure.gravatar.com\/avatar\/9600df58751c5acbe914c538c03390ef649ea088cb65f84ba09c7ce66988eed6?s=96&d=mm&r=g","contentUrl":"https:\/\/secure.gravatar.com\/avatar\/9600df58751c5acbe914c538c03390ef649ea088cb65f84ba09c7ce66988eed6?s=96&d=mm&r=g","caption":"admin"},"sameAs":["https:\/\/compartilhabahia.com.br"],"url":"https:\/\/compartilhabahia.com.br\/index.php\/author\/compartilhabahia\/"}]}},"_links":{"self":[{"href":"https:\/\/compartilhabahia.com.br\/index.php\/wp-json\/wp\/v2\/posts\/10839","targetHints":{"allow":["GET"]}}],"collection":[{"href":"https:\/\/compartilhabahia.com.br\/index.php\/wp-json\/wp\/v2\/posts"}],"about":[{"href":"https:\/\/compartilhabahia.com.br\/index.php\/wp-json\/wp\/v2\/types\/post"}],"author":[{"embeddable":true,"href":"https:\/\/compartilhabahia.com.br\/index.php\/wp-json\/wp\/v2\/users\/1"}],"replies":[{"embeddable":true,"href":"https:\/\/compartilhabahia.com.br\/index.php\/wp-json\/wp\/v2\/comments?post=10839"}],"version-history":[{"count":1,"href":"https:\/\/compartilhabahia.com.br\/index.php\/wp-json\/wp\/v2\/posts\/10839\/revisions"}],"predecessor-version":[{"id":10841,"href":"https:\/\/compartilhabahia.com.br\/index.php\/wp-json\/wp\/v2\/posts\/10839\/revisions\/10841"}],"wp:featuredmedia":[{"embeddable":true,"href":"https:\/\/compartilhabahia.com.br\/index.php\/wp-json\/wp\/v2\/media\/10840"}],"wp:attachment":[{"href":"https:\/\/compartilhabahia.com.br\/index.php\/wp-json\/wp\/v2\/media?parent=10839"}],"wp:term":[{"taxonomy":"category","embeddable":true,"href":"https:\/\/compartilhabahia.com.br\/index.php\/wp-json\/wp\/v2\/categories?post=10839"},{"taxonomy":"post_tag","embeddable":true,"href":"https:\/\/compartilhabahia.com.br\/index.php\/wp-json\/wp\/v2\/tags?post=10839"}],"curies":[{"name":"wp","href":"https:\/\/api.w.org\/{rel}","templated":true}]}}