{"id":10836,"date":"2026-09-02T23:28:01","date_gmt":"2026-09-03T02:28:01","guid":{"rendered":"https:\/\/compartilhabahia.com.br\/?p=10836"},"modified":"2026-09-02T23:28:03","modified_gmt":"2026-09-03T02:28:03","slug":"byd-consolida-lideranca-no-varejo-automotivo-na-bahia-e-no-nordeste-alem-da-segunda-posicao-do-ranking-geral","status":"publish","type":"post","link":"https:\/\/compartilhabahia.com.br\/index.php\/2026\/09\/02\/byd-consolida-lideranca-no-varejo-automotivo-na-bahia-e-no-nordeste-alem-da-segunda-posicao-do-ranking-geral\/","title":{"rendered":"BYD consolida lideran\u00e7a no varejo automotivo na Bahia e no Nordeste, al\u00e9m da segunda posi\u00e7\u00e3o do ranking geral\u00a0"},"content":{"rendered":"\n<p><strong>02.09.2026) <\/strong>&#8211;&nbsp; A <strong>BYD<\/strong> alcan\u00e7ou mais uma vez o <strong>topo das vendas no varejo automotivo na regi\u00e3o Nordeste e no estado da Bahia em agosto<\/strong>, e<strong> a segunda posi\u00e7\u00e3o do ranking geral tanto na Bahia como em todo o Nordeste. <\/strong>No varejo nordestino, entre os modelos mais vendidos est\u00e3o o BYD Dolphin Mini, em primeiro lugar, e o BYD Dolphin, em terceiro. J\u00e1 no estado da Bahia, o BYD Dolphin Mini \u00e9 o ve\u00edculo mais comercializado, enquanto que o BYD Dolphin \u00e9 o segundo mais vendido.<\/p>\n\n\n\n<p><em>\u201cNossa lideran\u00e7a no varejo e a consolida\u00e7\u00e3o na vice-lideran\u00e7a do mercado geral na Bahia e em todo o Nordeste, impulsionadas pelo forte desempenho que registramos em agosto, confirmam que a BYD se integrou de vez \u00e0 rotina e aos sonhos do consumidor nordestino. Esse resultado demonstra a solidez do nosso momento comercial e reflete uma sintonia muito clara com a regi\u00e3o, onde o mercado reconhece em nossos produtos a combina\u00e7\u00e3o perfeita entre tecnologia de ponta e acessibilidade. Seguimos acelerando forte para entregar exatamente o que o consumidor busca e liderar a transforma\u00e7\u00e3o da mobilidade no Brasil, tendo o Nordeste como grande protagonista\u201d, <\/em>destaca o Vice-Presidente S\u00eanior da BYD Brasil e Head Comercial e de Marketing da BYD Auto do Brasil, Alexandre Baldy.<\/p>\n\n\n\n<p>O crescimento acelerado se justifica por fatores estrat\u00e9gicos, como a instala\u00e7\u00e3o do complexo industrial da empresa em Cama\u00e7ari, na Bahia, que j\u00e1 passou de 120 mil ve\u00edculos produzidos e sete mil funcion\u00e1rios diretos empregados, mais de 90% deles baianos.<\/p>\n\n\n\n<p><strong>BYD BATE NOVO RECORDE DE EMPLACAMENTOS E ENCOSTA NA TERCEIRA POSI\u00c7\u00c3O DO RANKING GERAL DE VENDAS<\/strong><\/p>\n\n\n\n<p>A BYD fechou o m\u00eas de agosto com mais um recorde: <strong>24.467 ve\u00edculos emplacados no Brasil e 9,30% de market share <\/strong>entre autom\u00f3veis e comerciais leves. A marca, que est\u00e1 reescrevendo a hist\u00f3ria da ind\u00fastria automotiva brasileira, terminou colada no terceiro lugar no ranking geral do mercado e se aproxima cada vez mais da meta de alcan\u00e7ar a lideran\u00e7a do setor at\u00e9 2030. No acumulado do ano, a BYD j\u00e1 ultrapassou os 146.930 mil ve\u00edculos emplacados e em oito meses j\u00e1 superou o total de todo 2025 com folga (112 mil unidades).<\/p>\n\n\n\n<p>Em um cen\u00e1rio de expans\u00e3o nas vendas de toda a ind\u00fastria automotiva, a BYD avan\u00e7a a passos largos:<strong> tem alta de 118,69% no ano contra 19,78% de crescimento m\u00e9dio do setor<\/strong>, conquistando espa\u00e7o no grupo das grandes montadoras. No <strong>varejo, a BYD terminou em primeiro lugar pelo quinto m\u00eas seguido,<\/strong> com 12,85% de participa\u00e7\u00e3o de mercado. O desempenho garantiu ainda os dois primeiros lugares no p\u00f3dio de modelos mais vendidos em agosto com o BYD Dolphin na lideran\u00e7a e o BYD Dolphin Mini em segundo, com respectivamente 5.964 e 5.820 emplacamentos.<\/p>\n\n\n\n<p><strong>BYD KING ASSUME DE VEZ O REINADO ENTRE OS SED\u00c3S E DESTRONA RIVAL HIST\u00d3RICO<\/strong><strong><br><\/strong>Para al\u00e9m do avan\u00e7o no ranking geral de vendas, agosto tamb\u00e9m foi importante para a consolida\u00e7\u00e3o na categoria de sed\u00e3s m\u00e9dios: o <strong>BYD King superou o principal concorrente que dominava o setor h\u00e1 muitos anos. <\/strong>Em agosto, o modelo teve 1.433 unidades licenciadas, alcan\u00e7ando 42,6% de <em>market share<\/em> no segmento considerando o mercado geral.&nbsp;<\/p>\n","protected":false},"excerpt":{"rendered":"<p>02.09.2026) &#8211;&nbsp; A BYD alcan\u00e7ou mais uma vez o topo das vendas no varejo automotivo na regi\u00e3o Nordeste e no estado da Bahia em agosto, e a segunda posi\u00e7\u00e3o do ranking geral tanto na Bahia como em todo o Nordeste. No varejo nordestino, entre os modelos mais vendidos est\u00e3o o BYD Dolphin Mini, em primeiro [&hellip;]<\/p>\n","protected":false},"author":1,"featured_media":10837,"comment_status":"open","ping_status":"open","sticky":false,"template":"","format":"standard","meta":{"footnotes":""},"categories":[8],"tags":[],"class_list":["post-10836","post","type-post","status-publish","format-standard","has-post-thumbnail","hentry","category-camacari"],"yoast_head":"<!-- This site is optimized with the Yoast SEO plugin v21.7 - https:\/\/yoast.com\/wordpress\/plugins\/seo\/ -->\n<title>BYD consolida lideran\u00e7a no varejo automotivo na Bahia e no Nordeste, al\u00e9m da segunda posi\u00e7\u00e3o do ranking geral\u00a0 - Compartilha Bahia<\/title>\n<meta name=\"robots\" content=\"index, follow, max-snippet:-1, max-image-preview:large, max-video-preview:-1\" \/>\n<link rel=\"canonical\" href=\"https:\/\/compartilhabahia.com.br\/index.php\/2026\/09\/02\/byd-consolida-lideranca-no-varejo-automotivo-na-bahia-e-no-nordeste-alem-da-segunda-posicao-do-ranking-geral\/\" \/>\n<meta property=\"og:locale\" content=\"pt_BR\" \/>\n<meta property=\"og:type\" content=\"article\" \/>\n<meta property=\"og:title\" content=\"BYD consolida lideran\u00e7a no varejo automotivo na Bahia e no Nordeste, al\u00e9m da segunda posi\u00e7\u00e3o do ranking geral\u00a0 - Compartilha Bahia\" \/>\n<meta property=\"og:description\" content=\"02.09.2026) &#8211;&nbsp; A BYD alcan\u00e7ou mais uma vez o topo das vendas no varejo automotivo na regi\u00e3o Nordeste e no estado da Bahia em agosto, e a segunda posi\u00e7\u00e3o do ranking geral tanto na Bahia como em todo o Nordeste. No varejo nordestino, entre os modelos mais vendidos est\u00e3o o BYD Dolphin Mini, em primeiro [&hellip;]\" \/>\n<meta property=\"og:url\" content=\"https:\/\/compartilhabahia.com.br\/index.php\/2026\/09\/02\/byd-consolida-lideranca-no-varejo-automotivo-na-bahia-e-no-nordeste-alem-da-segunda-posicao-do-ranking-geral\/\" \/>\n<meta property=\"og:site_name\" content=\"Compartilha Bahia\" \/>\n<meta property=\"article:publisher\" content=\"https:\/\/web.facebook.com\/compartilhabahia\" \/>\n<meta property=\"article:published_time\" content=\"2026-09-03T02:28:01+00:00\" \/>\n<meta property=\"article:modified_time\" content=\"2026-09-03T02:28:03+00:00\" \/>\n<meta property=\"og:image\" content=\"https:\/\/compartilhabahia.com.br\/wp-content\/uploads\/2026\/09\/bydrecord.jpg\" \/>\n\t<meta property=\"og:image:width\" content=\"1000\" \/>\n\t<meta property=\"og:image:height\" content=\"562\" \/>\n\t<meta property=\"og:image:type\" content=\"image\/jpeg\" \/>\n<meta name=\"author\" content=\"admin\" \/>\n<meta name=\"twitter:card\" content=\"summary_large_image\" \/>\n<meta name=\"twitter:label1\" content=\"Escrito por\" \/>\n\t<meta name=\"twitter:data1\" content=\"admin\" \/>\n\t<meta name=\"twitter:label2\" content=\"Est. tempo de leitura\" \/>\n\t<meta name=\"twitter:data2\" content=\"4 minutos\" \/>\n<script type=\"application\/ld+json\" class=\"yoast-schema-graph\">{\"@context\":\"https:\/\/schema.org\",\"@graph\":[{\"@type\":\"Article\",\"@id\":\"https:\/\/compartilhabahia.com.br\/index.php\/2026\/09\/02\/byd-consolida-lideranca-no-varejo-automotivo-na-bahia-e-no-nordeste-alem-da-segunda-posicao-do-ranking-geral\/#article\",\"isPartOf\":{\"@id\":\"https:\/\/compartilhabahia.com.br\/index.php\/2026\/09\/02\/byd-consolida-lideranca-no-varejo-automotivo-na-bahia-e-no-nordeste-alem-da-segunda-posicao-do-ranking-geral\/\"},\"author\":{\"name\":\"admin\",\"@id\":\"https:\/\/compartilhabahia.com.br\/#\/schema\/person\/9b4f0c3178793b8248d6686732521c04\"},\"headline\":\"BYD consolida lideran\u00e7a no varejo automotivo na Bahia e no Nordeste, al\u00e9m da segunda posi\u00e7\u00e3o do ranking geral\u00a0\",\"datePublished\":\"2026-09-03T02:28:01+00:00\",\"dateModified\":\"2026-09-03T02:28:03+00:00\",\"mainEntityOfPage\":{\"@id\":\"https:\/\/compartilhabahia.com.br\/index.php\/2026\/09\/02\/byd-consolida-lideranca-no-varejo-automotivo-na-bahia-e-no-nordeste-alem-da-segunda-posicao-do-ranking-geral\/\"},\"wordCount\":563,\"commentCount\":0,\"publisher\":{\"@id\":\"https:\/\/compartilhabahia.com.br\/#organization\"},\"articleSection\":[\"Cama\u00e7ari\"],\"inLanguage\":\"pt-BR\",\"potentialAction\":[{\"@type\":\"CommentAction\",\"name\":\"Comment\",\"target\":[\"https:\/\/compartilhabahia.com.br\/index.php\/2026\/09\/02\/byd-consolida-lideranca-no-varejo-automotivo-na-bahia-e-no-nordeste-alem-da-segunda-posicao-do-ranking-geral\/#respond\"]}]},{\"@type\":\"WebPage\",\"@id\":\"https:\/\/compartilhabahia.com.br\/index.php\/2026\/09\/02\/byd-consolida-lideranca-no-varejo-automotivo-na-bahia-e-no-nordeste-alem-da-segunda-posicao-do-ranking-geral\/\",\"url\":\"https:\/\/compartilhabahia.com.br\/index.php\/2026\/09\/02\/byd-consolida-lideranca-no-varejo-automotivo-na-bahia-e-no-nordeste-alem-da-segunda-posicao-do-ranking-geral\/\",\"name\":\"BYD consolida lideran\u00e7a no varejo automotivo na Bahia e no Nordeste, al\u00e9m da segunda posi\u00e7\u00e3o do ranking geral\u00a0 - Compartilha Bahia\",\"isPartOf\":{\"@id\":\"https:\/\/compartilhabahia.com.br\/#website\"},\"datePublished\":\"2026-09-03T02:28:01+00:00\",\"dateModified\":\"2026-09-03T02:28:03+00:00\",\"breadcrumb\":{\"@id\":\"https:\/\/compartilhabahia.com.br\/index.php\/2026\/09\/02\/byd-consolida-lideranca-no-varejo-automotivo-na-bahia-e-no-nordeste-alem-da-segunda-posicao-do-ranking-geral\/#breadcrumb\"},\"inLanguage\":\"pt-BR\",\"potentialAction\":[{\"@type\":\"ReadAction\",\"target\":[\"https:\/\/compartilhabahia.com.br\/index.php\/2026\/09\/02\/byd-consolida-lideranca-no-varejo-automotivo-na-bahia-e-no-nordeste-alem-da-segunda-posicao-do-ranking-geral\/\"]}]},{\"@type\":\"BreadcrumbList\",\"@id\":\"https:\/\/compartilhabahia.com.br\/index.php\/2026\/09\/02\/byd-consolida-lideranca-no-varejo-automotivo-na-bahia-e-no-nordeste-alem-da-segunda-posicao-do-ranking-geral\/#breadcrumb\",\"itemListElement\":[{\"@type\":\"ListItem\",\"position\":1,\"name\":\"In\u00edcio\",\"item\":\"https:\/\/compartilhabahia.com.br\/\"},{\"@type\":\"ListItem\",\"position\":2,\"name\":\"BYD consolida lideran\u00e7a no varejo automotivo na Bahia e no Nordeste, al\u00e9m da segunda posi\u00e7\u00e3o do ranking geral\u00a0\"}]},{\"@type\":\"WebSite\",\"@id\":\"https:\/\/compartilhabahia.com.br\/#website\",\"url\":\"https:\/\/compartilhabahia.com.br\/\",\"name\":\"Compartilha Bahia\",\"description\":\"\",\"publisher\":{\"@id\":\"https:\/\/compartilhabahia.com.br\/#organization\"},\"potentialAction\":[{\"@type\":\"SearchAction\",\"target\":{\"@type\":\"EntryPoint\",\"urlTemplate\":\"https:\/\/compartilhabahia.com.br\/?s={search_term_string}\"},\"query-input\":\"required name=search_term_string\"}],\"inLanguage\":\"pt-BR\"},{\"@type\":\"Organization\",\"@id\":\"https:\/\/compartilhabahia.com.br\/#organization\",\"name\":\"Compartilha Bahia\",\"url\":\"https:\/\/compartilhabahia.com.br\/\",\"logo\":{\"@type\":\"ImageObject\",\"inLanguage\":\"pt-BR\",\"@id\":\"https:\/\/compartilhabahia.com.br\/#\/schema\/logo\/image\/\",\"url\":\"https:\/\/compartilhabahia.com.br\/wp-content\/uploads\/2023\/12\/cropped-logo.png\",\"contentUrl\":\"https:\/\/compartilhabahia.com.br\/wp-content\/uploads\/2023\/12\/cropped-logo.png\",\"width\":300,\"height\":106,\"caption\":\"Compartilha Bahia\"},\"image\":{\"@id\":\"https:\/\/compartilhabahia.com.br\/#\/schema\/logo\/image\/\"},\"sameAs\":[\"https:\/\/web.facebook.com\/compartilhabahia\",\"https:\/\/www.instagram.com\/compartilhabahia\/\"]},{\"@type\":\"Person\",\"@id\":\"https:\/\/compartilhabahia.com.br\/#\/schema\/person\/9b4f0c3178793b8248d6686732521c04\",\"name\":\"admin\",\"image\":{\"@type\":\"ImageObject\",\"inLanguage\":\"pt-BR\",\"@id\":\"https:\/\/compartilhabahia.com.br\/#\/schema\/person\/image\/\",\"url\":\"https:\/\/secure.gravatar.com\/avatar\/9600df58751c5acbe914c538c03390ef649ea088cb65f84ba09c7ce66988eed6?s=96&d=mm&r=g\",\"contentUrl\":\"https:\/\/secure.gravatar.com\/avatar\/9600df58751c5acbe914c538c03390ef649ea088cb65f84ba09c7ce66988eed6?s=96&d=mm&r=g\",\"caption\":\"admin\"},\"sameAs\":[\"https:\/\/compartilhabahia.com.br\"],\"url\":\"https:\/\/compartilhabahia.com.br\/index.php\/author\/compartilhabahia\/\"}]}<\/script>\n<!-- \/ Yoast SEO plugin. -->","yoast_head_json":{"title":"BYD consolida lideran\u00e7a no varejo automotivo na Bahia e no Nordeste, al\u00e9m da segunda posi\u00e7\u00e3o do ranking geral\u00a0 - Compartilha Bahia","robots":{"index":"index","follow":"follow","max-snippet":"max-snippet:-1","max-image-preview":"max-image-preview:large","max-video-preview":"max-video-preview:-1"},"canonical":"https:\/\/compartilhabahia.com.br\/index.php\/2026\/09\/02\/byd-consolida-lideranca-no-varejo-automotivo-na-bahia-e-no-nordeste-alem-da-segunda-posicao-do-ranking-geral\/","og_locale":"pt_BR","og_type":"article","og_title":"BYD consolida lideran\u00e7a no varejo automotivo na Bahia e no Nordeste, al\u00e9m da segunda posi\u00e7\u00e3o do ranking geral\u00a0 - Compartilha Bahia","og_description":"02.09.2026) &#8211;&nbsp; A BYD alcan\u00e7ou mais uma vez o topo das vendas no varejo automotivo na regi\u00e3o Nordeste e no estado da Bahia em agosto, e a segunda posi\u00e7\u00e3o do ranking geral tanto na Bahia como em todo o Nordeste. No varejo nordestino, entre os modelos mais vendidos est\u00e3o o BYD Dolphin Mini, em primeiro [&hellip;]","og_url":"https:\/\/compartilhabahia.com.br\/index.php\/2026\/09\/02\/byd-consolida-lideranca-no-varejo-automotivo-na-bahia-e-no-nordeste-alem-da-segunda-posicao-do-ranking-geral\/","og_site_name":"Compartilha Bahia","article_publisher":"https:\/\/web.facebook.com\/compartilhabahia","article_published_time":"2026-09-03T02:28:01+00:00","article_modified_time":"2026-09-03T02:28:03+00:00","og_image":[{"width":1000,"height":562,"url":"https:\/\/compartilhabahia.com.br\/wp-content\/uploads\/2026\/09\/bydrecord.jpg","type":"image\/jpeg"}],"author":"admin","twitter_card":"summary_large_image","twitter_misc":{"Escrito por":"admin","Est. tempo de leitura":"4 minutos"},"schema":{"@context":"https:\/\/schema.org","@graph":[{"@type":"Article","@id":"https:\/\/compartilhabahia.com.br\/index.php\/2026\/09\/02\/byd-consolida-lideranca-no-varejo-automotivo-na-bahia-e-no-nordeste-alem-da-segunda-posicao-do-ranking-geral\/#article","isPartOf":{"@id":"https:\/\/compartilhabahia.com.br\/index.php\/2026\/09\/02\/byd-consolida-lideranca-no-varejo-automotivo-na-bahia-e-no-nordeste-alem-da-segunda-posicao-do-ranking-geral\/"},"author":{"name":"admin","@id":"https:\/\/compartilhabahia.com.br\/#\/schema\/person\/9b4f0c3178793b8248d6686732521c04"},"headline":"BYD consolida lideran\u00e7a no varejo automotivo na Bahia e no Nordeste, al\u00e9m da segunda posi\u00e7\u00e3o do ranking geral\u00a0","datePublished":"2026-09-03T02:28:01+00:00","dateModified":"2026-09-03T02:28:03+00:00","mainEntityOfPage":{"@id":"https:\/\/compartilhabahia.com.br\/index.php\/2026\/09\/02\/byd-consolida-lideranca-no-varejo-automotivo-na-bahia-e-no-nordeste-alem-da-segunda-posicao-do-ranking-geral\/"},"wordCount":563,"commentCount":0,"publisher":{"@id":"https:\/\/compartilhabahia.com.br\/#organization"},"articleSection":["Cama\u00e7ari"],"inLanguage":"pt-BR","potentialAction":[{"@type":"CommentAction","name":"Comment","target":["https:\/\/compartilhabahia.com.br\/index.php\/2026\/09\/02\/byd-consolida-lideranca-no-varejo-automotivo-na-bahia-e-no-nordeste-alem-da-segunda-posicao-do-ranking-geral\/#respond"]}]},{"@type":"WebPage","@id":"https:\/\/compartilhabahia.com.br\/index.php\/2026\/09\/02\/byd-consolida-lideranca-no-varejo-automotivo-na-bahia-e-no-nordeste-alem-da-segunda-posicao-do-ranking-geral\/","url":"https:\/\/compartilhabahia.com.br\/index.php\/2026\/09\/02\/byd-consolida-lideranca-no-varejo-automotivo-na-bahia-e-no-nordeste-alem-da-segunda-posicao-do-ranking-geral\/","name":"BYD consolida lideran\u00e7a no varejo automotivo na Bahia e no Nordeste, al\u00e9m da segunda posi\u00e7\u00e3o do ranking geral\u00a0 - Compartilha Bahia","isPartOf":{"@id":"https:\/\/compartilhabahia.com.br\/#website"},"datePublished":"2026-09-03T02:28:01+00:00","dateModified":"2026-09-03T02:28:03+00:00","breadcrumb":{"@id":"https:\/\/compartilhabahia.com.br\/index.php\/2026\/09\/02\/byd-consolida-lideranca-no-varejo-automotivo-na-bahia-e-no-nordeste-alem-da-segunda-posicao-do-ranking-geral\/#breadcrumb"},"inLanguage":"pt-BR","potentialAction":[{"@type":"ReadAction","target":["https:\/\/compartilhabahia.com.br\/index.php\/2026\/09\/02\/byd-consolida-lideranca-no-varejo-automotivo-na-bahia-e-no-nordeste-alem-da-segunda-posicao-do-ranking-geral\/"]}]},{"@type":"BreadcrumbList","@id":"https:\/\/compartilhabahia.com.br\/index.php\/2026\/09\/02\/byd-consolida-lideranca-no-varejo-automotivo-na-bahia-e-no-nordeste-alem-da-segunda-posicao-do-ranking-geral\/#breadcrumb","itemListElement":[{"@type":"ListItem","position":1,"name":"In\u00edcio","item":"https:\/\/compartilhabahia.com.br\/"},{"@type":"ListItem","position":2,"name":"BYD consolida lideran\u00e7a no varejo automotivo na Bahia e no Nordeste, al\u00e9m da segunda posi\u00e7\u00e3o do ranking geral\u00a0"}]},{"@type":"WebSite","@id":"https:\/\/compartilhabahia.com.br\/#website","url":"https:\/\/compartilhabahia.com.br\/","name":"Compartilha Bahia","description":"","publisher":{"@id":"https:\/\/compartilhabahia.com.br\/#organization"},"potentialAction":[{"@type":"SearchAction","target":{"@type":"EntryPoint","urlTemplate":"https:\/\/compartilhabahia.com.br\/?s={search_term_string}"},"query-input":"required name=search_term_string"}],"inLanguage":"pt-BR"},{"@type":"Organization","@id":"https:\/\/compartilhabahia.com.br\/#organization","name":"Compartilha Bahia","url":"https:\/\/compartilhabahia.com.br\/","logo":{"@type":"ImageObject","inLanguage":"pt-BR","@id":"https:\/\/compartilhabahia.com.br\/#\/schema\/logo\/image\/","url":"https:\/\/compartilhabahia.com.br\/wp-content\/uploads\/2023\/12\/cropped-logo.png","contentUrl":"https:\/\/compartilhabahia.com.br\/wp-content\/uploads\/2023\/12\/cropped-logo.png","width":300,"height":106,"caption":"Compartilha Bahia"},"image":{"@id":"https:\/\/compartilhabahia.com.br\/#\/schema\/logo\/image\/"},"sameAs":["https:\/\/web.facebook.com\/compartilhabahia","https:\/\/www.instagram.com\/compartilhabahia\/"]},{"@type":"Person","@id":"https:\/\/compartilhabahia.com.br\/#\/schema\/person\/9b4f0c3178793b8248d6686732521c04","name":"admin","image":{"@type":"ImageObject","inLanguage":"pt-BR","@id":"https:\/\/compartilhabahia.com.br\/#\/schema\/person\/image\/","url":"https:\/\/secure.gravatar.com\/avatar\/9600df58751c5acbe914c538c03390ef649ea088cb65f84ba09c7ce66988eed6?s=96&d=mm&r=g","contentUrl":"https:\/\/secure.gravatar.com\/avatar\/9600df58751c5acbe914c538c03390ef649ea088cb65f84ba09c7ce66988eed6?s=96&d=mm&r=g","caption":"admin"},"sameAs":["https:\/\/compartilhabahia.com.br"],"url":"https:\/\/compartilhabahia.com.br\/index.php\/author\/compartilhabahia\/"}]}},"_links":{"self":[{"href":"https:\/\/compartilhabahia.com.br\/index.php\/wp-json\/wp\/v2\/posts\/10836","targetHints":{"allow":["GET"]}}],"collection":[{"href":"https:\/\/compartilhabahia.com.br\/index.php\/wp-json\/wp\/v2\/posts"}],"about":[{"href":"https:\/\/compartilhabahia.com.br\/index.php\/wp-json\/wp\/v2\/types\/post"}],"author":[{"embeddable":true,"href":"https:\/\/compartilhabahia.com.br\/index.php\/wp-json\/wp\/v2\/users\/1"}],"replies":[{"embeddable":true,"href":"https:\/\/compartilhabahia.com.br\/index.php\/wp-json\/wp\/v2\/comments?post=10836"}],"version-history":[{"count":1,"href":"https:\/\/compartilhabahia.com.br\/index.php\/wp-json\/wp\/v2\/posts\/10836\/revisions"}],"predecessor-version":[{"id":10838,"href":"https:\/\/compartilhabahia.com.br\/index.php\/wp-json\/wp\/v2\/posts\/10836\/revisions\/10838"}],"wp:featuredmedia":[{"embeddable":true,"href":"https:\/\/compartilhabahia.com.br\/index.php\/wp-json\/wp\/v2\/media\/10837"}],"wp:attachment":[{"href":"https:\/\/compartilhabahia.com.br\/index.php\/wp-json\/wp\/v2\/media?parent=10836"}],"wp:term":[{"taxonomy":"category","embeddable":true,"href":"https:\/\/compartilhabahia.com.br\/index.php\/wp-json\/wp\/v2\/categories?post=10836"},{"taxonomy":"post_tag","embeddable":true,"href":"https:\/\/compartilhabahia.com.br\/index.php\/wp-json\/wp\/v2\/tags?post=10836"}],"curies":[{"name":"wp","href":"https:\/\/api.w.org\/{rel}","templated":true}]}}