{"id":10831,"date":"2026-09-02T00:25:39","date_gmt":"2026-09-02T03:25:39","guid":{"rendered":"https:\/\/compartilhabahia.com.br\/?p=10831"},"modified":"2026-09-02T00:28:10","modified_gmt":"2026-09-02T03:28:10","slug":"byd-expande-atuacao-pelo-move-brasil-e-king-song-pro-e-atto-2-passam-a-integrar-programa","status":"publish","type":"post","link":"https:\/\/compartilhabahia.com.br\/index.php\/2026\/09\/02\/byd-expande-atuacao-pelo-move-brasil-e-king-song-pro-e-atto-2-passam-a-integrar-programa\/","title":{"rendered":"BYD expande atua\u00e7\u00e3o pelo Move Brasil e King, Song Pro e Atto 2 passam a integrar programa"},"content":{"rendered":"\n<p><br>Governo federal aprova a inclus\u00e3o de novos modelos da greentech em pol\u00edtica voltada para motoristas de aplicativo e taxistas<\/p>\n\n\n\n<p>S\u00e3o Paulo \u2013 A BYD amplia sua participa\u00e7\u00e3o no Move Brasil com a aprova\u00e7\u00e3o, pelo governo federal, da inclus\u00e3o de novos modelos da marca no programa voltado a motoristas de aplicativo e taxistas. Passam a integrar a iniciativa King, Song Pro, Song Pro Flex e Atto 2, refor\u00e7ando o portf\u00f3lio da marca dispon\u00edvel ao p\u00fablico profissional.<br>Com a aprova\u00e7\u00e3o, a BYD amplia o portf\u00f3lio de ve\u00edculos eletrificados dispon\u00edveis dentro do programa. Entre eles est\u00e3o modelos super h\u00edbridos plug-in, tecnologia que combina motor a combust\u00e3o e propuls\u00e3o el\u00e9trica. Nesses ve\u00edculos, a recarga externa \u00e9 uma possibilidade adicional para ampliar o uso no modo el\u00e9trico, mas n\u00e3o \u00e9 obrigat\u00f3ria para que o carro rode, o que traz mais flexibilidade para quem passa boa parte do dia nas ruas.<\/p>\n\n\n\n<p>\u201cA chegada do King ao Move Brasil d\u00e1 ainda mais for\u00e7a ao programa ao incluir um carro que j\u00e1 est\u00e1 entre os preferidos de motoristas de aplicativo e taxistas no pa\u00eds e que vem ganhando espa\u00e7o pela combina\u00e7\u00e3o de tecnologia, conforto e economia. O Move Brasil \u00e9 uma iniciativa estrat\u00e9gica para acelerar a descarboniza\u00e7\u00e3o da mobilidade e ampliar o acesso dos profissionais a ve\u00edculos mais eficientes e de baixa emiss\u00e3o. A BYD tem orgulho de contribuir com esse movimento, agora com uma oferta ainda mais completa. Os sucessivos recordes de vendas da marca mostram que o brasileiro j\u00e1 adotou essa tecnologia e percebe diariamente, no tr\u00e2nsito, benef\u00edcios como efici\u00eancia, economia e mais qualidade de vida nas cidades\u201d, afirma Alexandre Baldy, vice-presidente s\u00eanior da BYD Brasil.<\/p>\n\n\n\n<p>O BYD King GS h\u00edbrido a gasolina pode ser adquirido no varejo por R$ 166.990. J\u00e1 com os incentivos de IPI e ICMS previstos para o programa, o BYD King GL pode ser adquirido por R$ 129.890, ampliando a competitividade do sed\u00e3 entre profissionais que utilizam o ve\u00edculo como ferramenta de trabalho.<\/p>\n\n\n\n<p>A amplia\u00e7\u00e3o tamb\u00e9m inclui um modelo especialmente desenvolvido para o mercado brasileiro. Produzido na f\u00e1brica da BYD em Cama\u00e7ari, na Bahia, o rec\u00e9m-lan\u00e7ado Song Pro Flex GL pode rodar tamb\u00e9m a etanol e combina, em um \u00fanico sistema, duas fontes de energia amplamente dispon\u00edveis no pa\u00eds: eletricidade e etanol de cana-de-a\u00e7\u00facar. Outra novidade \u00e9 o Atto 2, SUV compacto e primeiro modelo anunciado pela BYD com sistema h\u00edbrido flex, com chegada \u00e0s concession\u00e1rias prevista para setembro. O programa tamb\u00e9m contempla vers\u00f5es do Song Pro h\u00edbrido a gasolina.<\/p>\n\n\n\n<p>A aprova\u00e7\u00e3o dos novos modelos atende a um pedido da BYD ao governo federal e amplia as alternativas dispon\u00edveis aos profissionais contemplados pelo Move Brasil, com diferentes modelos, vers\u00f5es e condi\u00e7\u00f5es comerciais nas concession\u00e1rias da marca.<\/p>\n\n\n\n<p>Desenvolvido para incentivar a transi\u00e7\u00e3o energ\u00e9tica e a descarboniza\u00e7\u00e3o do transporte di\u00e1rio, o Move Brasil oferece cr\u00e9dito facilitado, prazos estendidos e taxas de juros reduzidas para a aquisi\u00e7\u00e3o de ve\u00edculos de baixa emiss\u00e3o por motoristas profissionais. Com uma participa\u00e7\u00e3o cada vez maior no programa, a BYD refor\u00e7a sua atua\u00e7\u00e3o na populariza\u00e7\u00e3o dos ve\u00edculos eletrificados no Brasil e amplia as op\u00e7\u00f5es para quem depende do carro diariamente como ferramenta de trabalho.<\/p>\n","protected":false},"excerpt":{"rendered":"<p>Governo federal aprova a inclus\u00e3o de novos modelos da greentech em pol\u00edtica voltada para motoristas de aplicativo e taxistas S\u00e3o Paulo \u2013 A BYD amplia sua participa\u00e7\u00e3o no Move Brasil com a aprova\u00e7\u00e3o, pelo governo federal, da inclus\u00e3o de novos modelos da marca no programa voltado a motoristas de aplicativo e taxistas. Passam a integrar [&hellip;]<\/p>\n","protected":false},"author":1,"featured_media":10832,"comment_status":"open","ping_status":"open","sticky":false,"template":"","format":"standard","meta":{"footnotes":""},"categories":[8],"tags":[],"class_list":["post-10831","post","type-post","status-publish","format-standard","has-post-thumbnail","hentry","category-camacari"],"yoast_head":"<!-- This site is optimized with the Yoast SEO plugin v21.7 - https:\/\/yoast.com\/wordpress\/plugins\/seo\/ -->\n<title>BYD expande atua\u00e7\u00e3o pelo Move Brasil e King, Song Pro e Atto 2 passam a integrar programa - Compartilha Bahia<\/title>\n<meta name=\"robots\" content=\"index, follow, max-snippet:-1, max-image-preview:large, max-video-preview:-1\" \/>\n<link rel=\"canonical\" href=\"https:\/\/compartilhabahia.com.br\/index.php\/2026\/09\/02\/byd-expande-atuacao-pelo-move-brasil-e-king-song-pro-e-atto-2-passam-a-integrar-programa\/\" \/>\n<meta property=\"og:locale\" content=\"pt_BR\" \/>\n<meta property=\"og:type\" content=\"article\" \/>\n<meta property=\"og:title\" content=\"BYD expande atua\u00e7\u00e3o pelo Move Brasil e King, Song Pro e Atto 2 passam a integrar programa - Compartilha Bahia\" \/>\n<meta property=\"og:description\" content=\"Governo federal aprova a inclus\u00e3o de novos modelos da greentech em pol\u00edtica voltada para motoristas de aplicativo e taxistas S\u00e3o Paulo \u2013 A BYD amplia sua participa\u00e7\u00e3o no Move Brasil com a aprova\u00e7\u00e3o, pelo governo federal, da inclus\u00e3o de novos modelos da marca no programa voltado a motoristas de aplicativo e taxistas. Passam a integrar [&hellip;]\" \/>\n<meta property=\"og:url\" content=\"https:\/\/compartilhabahia.com.br\/index.php\/2026\/09\/02\/byd-expande-atuacao-pelo-move-brasil-e-king-song-pro-e-atto-2-passam-a-integrar-programa\/\" \/>\n<meta property=\"og:site_name\" content=\"Compartilha Bahia\" \/>\n<meta property=\"article:publisher\" content=\"https:\/\/web.facebook.com\/compartilhabahia\" \/>\n<meta property=\"article:published_time\" content=\"2026-09-02T03:25:39+00:00\" \/>\n<meta property=\"article:modified_time\" content=\"2026-09-02T03:28:10+00:00\" \/>\n<meta property=\"og:image\" content=\"https:\/\/compartilhabahia.com.br\/wp-content\/uploads\/2026\/09\/byd_move.jpg\" \/>\n\t<meta property=\"og:image:width\" content=\"1348\" \/>\n\t<meta property=\"og:image:height\" content=\"899\" \/>\n\t<meta property=\"og:image:type\" content=\"image\/jpeg\" \/>\n<meta name=\"author\" content=\"admin\" \/>\n<meta name=\"twitter:card\" content=\"summary_large_image\" \/>\n<meta name=\"twitter:label1\" content=\"Escrito por\" \/>\n\t<meta name=\"twitter:data1\" content=\"admin\" \/>\n\t<meta name=\"twitter:label2\" content=\"Est. tempo de leitura\" \/>\n\t<meta name=\"twitter:data2\" content=\"4 minutos\" \/>\n<script type=\"application\/ld+json\" class=\"yoast-schema-graph\">{\"@context\":\"https:\/\/schema.org\",\"@graph\":[{\"@type\":\"Article\",\"@id\":\"https:\/\/compartilhabahia.com.br\/index.php\/2026\/09\/02\/byd-expande-atuacao-pelo-move-brasil-e-king-song-pro-e-atto-2-passam-a-integrar-programa\/#article\",\"isPartOf\":{\"@id\":\"https:\/\/compartilhabahia.com.br\/index.php\/2026\/09\/02\/byd-expande-atuacao-pelo-move-brasil-e-king-song-pro-e-atto-2-passam-a-integrar-programa\/\"},\"author\":{\"name\":\"admin\",\"@id\":\"https:\/\/compartilhabahia.com.br\/#\/schema\/person\/9b4f0c3178793b8248d6686732521c04\"},\"headline\":\"BYD expande atua\u00e7\u00e3o pelo Move Brasil e King, Song Pro e Atto 2 passam a integrar programa\",\"datePublished\":\"2026-09-02T03:25:39+00:00\",\"dateModified\":\"2026-09-02T03:28:10+00:00\",\"mainEntityOfPage\":{\"@id\":\"https:\/\/compartilhabahia.com.br\/index.php\/2026\/09\/02\/byd-expande-atuacao-pelo-move-brasil-e-king-song-pro-e-atto-2-passam-a-integrar-programa\/\"},\"wordCount\":594,\"commentCount\":0,\"publisher\":{\"@id\":\"https:\/\/compartilhabahia.com.br\/#organization\"},\"articleSection\":[\"Cama\u00e7ari\"],\"inLanguage\":\"pt-BR\",\"potentialAction\":[{\"@type\":\"CommentAction\",\"name\":\"Comment\",\"target\":[\"https:\/\/compartilhabahia.com.br\/index.php\/2026\/09\/02\/byd-expande-atuacao-pelo-move-brasil-e-king-song-pro-e-atto-2-passam-a-integrar-programa\/#respond\"]}]},{\"@type\":\"WebPage\",\"@id\":\"https:\/\/compartilhabahia.com.br\/index.php\/2026\/09\/02\/byd-expande-atuacao-pelo-move-brasil-e-king-song-pro-e-atto-2-passam-a-integrar-programa\/\",\"url\":\"https:\/\/compartilhabahia.com.br\/index.php\/2026\/09\/02\/byd-expande-atuacao-pelo-move-brasil-e-king-song-pro-e-atto-2-passam-a-integrar-programa\/\",\"name\":\"BYD expande atua\u00e7\u00e3o pelo Move Brasil e King, Song Pro e Atto 2 passam a integrar programa - Compartilha Bahia\",\"isPartOf\":{\"@id\":\"https:\/\/compartilhabahia.com.br\/#website\"},\"datePublished\":\"2026-09-02T03:25:39+00:00\",\"dateModified\":\"2026-09-02T03:28:10+00:00\",\"breadcrumb\":{\"@id\":\"https:\/\/compartilhabahia.com.br\/index.php\/2026\/09\/02\/byd-expande-atuacao-pelo-move-brasil-e-king-song-pro-e-atto-2-passam-a-integrar-programa\/#breadcrumb\"},\"inLanguage\":\"pt-BR\",\"potentialAction\":[{\"@type\":\"ReadAction\",\"target\":[\"https:\/\/compartilhabahia.com.br\/index.php\/2026\/09\/02\/byd-expande-atuacao-pelo-move-brasil-e-king-song-pro-e-atto-2-passam-a-integrar-programa\/\"]}]},{\"@type\":\"BreadcrumbList\",\"@id\":\"https:\/\/compartilhabahia.com.br\/index.php\/2026\/09\/02\/byd-expande-atuacao-pelo-move-brasil-e-king-song-pro-e-atto-2-passam-a-integrar-programa\/#breadcrumb\",\"itemListElement\":[{\"@type\":\"ListItem\",\"position\":1,\"name\":\"In\u00edcio\",\"item\":\"https:\/\/compartilhabahia.com.br\/\"},{\"@type\":\"ListItem\",\"position\":2,\"name\":\"BYD expande atua\u00e7\u00e3o pelo Move Brasil e King, Song Pro e Atto 2 passam a integrar programa\"}]},{\"@type\":\"WebSite\",\"@id\":\"https:\/\/compartilhabahia.com.br\/#website\",\"url\":\"https:\/\/compartilhabahia.com.br\/\",\"name\":\"Compartilha Bahia\",\"description\":\"\",\"publisher\":{\"@id\":\"https:\/\/compartilhabahia.com.br\/#organization\"},\"potentialAction\":[{\"@type\":\"SearchAction\",\"target\":{\"@type\":\"EntryPoint\",\"urlTemplate\":\"https:\/\/compartilhabahia.com.br\/?s={search_term_string}\"},\"query-input\":\"required name=search_term_string\"}],\"inLanguage\":\"pt-BR\"},{\"@type\":\"Organization\",\"@id\":\"https:\/\/compartilhabahia.com.br\/#organization\",\"name\":\"Compartilha Bahia\",\"url\":\"https:\/\/compartilhabahia.com.br\/\",\"logo\":{\"@type\":\"ImageObject\",\"inLanguage\":\"pt-BR\",\"@id\":\"https:\/\/compartilhabahia.com.br\/#\/schema\/logo\/image\/\",\"url\":\"https:\/\/compartilhabahia.com.br\/wp-content\/uploads\/2023\/12\/cropped-logo.png\",\"contentUrl\":\"https:\/\/compartilhabahia.com.br\/wp-content\/uploads\/2023\/12\/cropped-logo.png\",\"width\":300,\"height\":106,\"caption\":\"Compartilha Bahia\"},\"image\":{\"@id\":\"https:\/\/compartilhabahia.com.br\/#\/schema\/logo\/image\/\"},\"sameAs\":[\"https:\/\/web.facebook.com\/compartilhabahia\",\"https:\/\/www.instagram.com\/compartilhabahia\/\"]},{\"@type\":\"Person\",\"@id\":\"https:\/\/compartilhabahia.com.br\/#\/schema\/person\/9b4f0c3178793b8248d6686732521c04\",\"name\":\"admin\",\"image\":{\"@type\":\"ImageObject\",\"inLanguage\":\"pt-BR\",\"@id\":\"https:\/\/compartilhabahia.com.br\/#\/schema\/person\/image\/\",\"url\":\"https:\/\/secure.gravatar.com\/avatar\/9600df58751c5acbe914c538c03390ef649ea088cb65f84ba09c7ce66988eed6?s=96&d=mm&r=g\",\"contentUrl\":\"https:\/\/secure.gravatar.com\/avatar\/9600df58751c5acbe914c538c03390ef649ea088cb65f84ba09c7ce66988eed6?s=96&d=mm&r=g\",\"caption\":\"admin\"},\"sameAs\":[\"https:\/\/compartilhabahia.com.br\"],\"url\":\"https:\/\/compartilhabahia.com.br\/index.php\/author\/compartilhabahia\/\"}]}<\/script>\n<!-- \/ Yoast SEO plugin. -->","yoast_head_json":{"title":"BYD expande atua\u00e7\u00e3o pelo Move Brasil e King, Song Pro e Atto 2 passam a integrar programa - Compartilha Bahia","robots":{"index":"index","follow":"follow","max-snippet":"max-snippet:-1","max-image-preview":"max-image-preview:large","max-video-preview":"max-video-preview:-1"},"canonical":"https:\/\/compartilhabahia.com.br\/index.php\/2026\/09\/02\/byd-expande-atuacao-pelo-move-brasil-e-king-song-pro-e-atto-2-passam-a-integrar-programa\/","og_locale":"pt_BR","og_type":"article","og_title":"BYD expande atua\u00e7\u00e3o pelo Move Brasil e King, Song Pro e Atto 2 passam a integrar programa - Compartilha Bahia","og_description":"Governo federal aprova a inclus\u00e3o de novos modelos da greentech em pol\u00edtica voltada para motoristas de aplicativo e taxistas S\u00e3o Paulo \u2013 A BYD amplia sua participa\u00e7\u00e3o no Move Brasil com a aprova\u00e7\u00e3o, pelo governo federal, da inclus\u00e3o de novos modelos da marca no programa voltado a motoristas de aplicativo e taxistas. Passam a integrar [&hellip;]","og_url":"https:\/\/compartilhabahia.com.br\/index.php\/2026\/09\/02\/byd-expande-atuacao-pelo-move-brasil-e-king-song-pro-e-atto-2-passam-a-integrar-programa\/","og_site_name":"Compartilha Bahia","article_publisher":"https:\/\/web.facebook.com\/compartilhabahia","article_published_time":"2026-09-02T03:25:39+00:00","article_modified_time":"2026-09-02T03:28:10+00:00","og_image":[{"width":1348,"height":899,"url":"https:\/\/compartilhabahia.com.br\/wp-content\/uploads\/2026\/09\/byd_move.jpg","type":"image\/jpeg"}],"author":"admin","twitter_card":"summary_large_image","twitter_misc":{"Escrito por":"admin","Est. tempo de leitura":"4 minutos"},"schema":{"@context":"https:\/\/schema.org","@graph":[{"@type":"Article","@id":"https:\/\/compartilhabahia.com.br\/index.php\/2026\/09\/02\/byd-expande-atuacao-pelo-move-brasil-e-king-song-pro-e-atto-2-passam-a-integrar-programa\/#article","isPartOf":{"@id":"https:\/\/compartilhabahia.com.br\/index.php\/2026\/09\/02\/byd-expande-atuacao-pelo-move-brasil-e-king-song-pro-e-atto-2-passam-a-integrar-programa\/"},"author":{"name":"admin","@id":"https:\/\/compartilhabahia.com.br\/#\/schema\/person\/9b4f0c3178793b8248d6686732521c04"},"headline":"BYD expande atua\u00e7\u00e3o pelo Move Brasil e King, Song Pro e Atto 2 passam a integrar programa","datePublished":"2026-09-02T03:25:39+00:00","dateModified":"2026-09-02T03:28:10+00:00","mainEntityOfPage":{"@id":"https:\/\/compartilhabahia.com.br\/index.php\/2026\/09\/02\/byd-expande-atuacao-pelo-move-brasil-e-king-song-pro-e-atto-2-passam-a-integrar-programa\/"},"wordCount":594,"commentCount":0,"publisher":{"@id":"https:\/\/compartilhabahia.com.br\/#organization"},"articleSection":["Cama\u00e7ari"],"inLanguage":"pt-BR","potentialAction":[{"@type":"CommentAction","name":"Comment","target":["https:\/\/compartilhabahia.com.br\/index.php\/2026\/09\/02\/byd-expande-atuacao-pelo-move-brasil-e-king-song-pro-e-atto-2-passam-a-integrar-programa\/#respond"]}]},{"@type":"WebPage","@id":"https:\/\/compartilhabahia.com.br\/index.php\/2026\/09\/02\/byd-expande-atuacao-pelo-move-brasil-e-king-song-pro-e-atto-2-passam-a-integrar-programa\/","url":"https:\/\/compartilhabahia.com.br\/index.php\/2026\/09\/02\/byd-expande-atuacao-pelo-move-brasil-e-king-song-pro-e-atto-2-passam-a-integrar-programa\/","name":"BYD expande atua\u00e7\u00e3o pelo Move Brasil e King, Song Pro e Atto 2 passam a integrar programa - Compartilha Bahia","isPartOf":{"@id":"https:\/\/compartilhabahia.com.br\/#website"},"datePublished":"2026-09-02T03:25:39+00:00","dateModified":"2026-09-02T03:28:10+00:00","breadcrumb":{"@id":"https:\/\/compartilhabahia.com.br\/index.php\/2026\/09\/02\/byd-expande-atuacao-pelo-move-brasil-e-king-song-pro-e-atto-2-passam-a-integrar-programa\/#breadcrumb"},"inLanguage":"pt-BR","potentialAction":[{"@type":"ReadAction","target":["https:\/\/compartilhabahia.com.br\/index.php\/2026\/09\/02\/byd-expande-atuacao-pelo-move-brasil-e-king-song-pro-e-atto-2-passam-a-integrar-programa\/"]}]},{"@type":"BreadcrumbList","@id":"https:\/\/compartilhabahia.com.br\/index.php\/2026\/09\/02\/byd-expande-atuacao-pelo-move-brasil-e-king-song-pro-e-atto-2-passam-a-integrar-programa\/#breadcrumb","itemListElement":[{"@type":"ListItem","position":1,"name":"In\u00edcio","item":"https:\/\/compartilhabahia.com.br\/"},{"@type":"ListItem","position":2,"name":"BYD expande atua\u00e7\u00e3o pelo Move Brasil e King, Song Pro e Atto 2 passam a integrar programa"}]},{"@type":"WebSite","@id":"https:\/\/compartilhabahia.com.br\/#website","url":"https:\/\/compartilhabahia.com.br\/","name":"Compartilha Bahia","description":"","publisher":{"@id":"https:\/\/compartilhabahia.com.br\/#organization"},"potentialAction":[{"@type":"SearchAction","target":{"@type":"EntryPoint","urlTemplate":"https:\/\/compartilhabahia.com.br\/?s={search_term_string}"},"query-input":"required name=search_term_string"}],"inLanguage":"pt-BR"},{"@type":"Organization","@id":"https:\/\/compartilhabahia.com.br\/#organization","name":"Compartilha Bahia","url":"https:\/\/compartilhabahia.com.br\/","logo":{"@type":"ImageObject","inLanguage":"pt-BR","@id":"https:\/\/compartilhabahia.com.br\/#\/schema\/logo\/image\/","url":"https:\/\/compartilhabahia.com.br\/wp-content\/uploads\/2023\/12\/cropped-logo.png","contentUrl":"https:\/\/compartilhabahia.com.br\/wp-content\/uploads\/2023\/12\/cropped-logo.png","width":300,"height":106,"caption":"Compartilha Bahia"},"image":{"@id":"https:\/\/compartilhabahia.com.br\/#\/schema\/logo\/image\/"},"sameAs":["https:\/\/web.facebook.com\/compartilhabahia","https:\/\/www.instagram.com\/compartilhabahia\/"]},{"@type":"Person","@id":"https:\/\/compartilhabahia.com.br\/#\/schema\/person\/9b4f0c3178793b8248d6686732521c04","name":"admin","image":{"@type":"ImageObject","inLanguage":"pt-BR","@id":"https:\/\/compartilhabahia.com.br\/#\/schema\/person\/image\/","url":"https:\/\/secure.gravatar.com\/avatar\/9600df58751c5acbe914c538c03390ef649ea088cb65f84ba09c7ce66988eed6?s=96&d=mm&r=g","contentUrl":"https:\/\/secure.gravatar.com\/avatar\/9600df58751c5acbe914c538c03390ef649ea088cb65f84ba09c7ce66988eed6?s=96&d=mm&r=g","caption":"admin"},"sameAs":["https:\/\/compartilhabahia.com.br"],"url":"https:\/\/compartilhabahia.com.br\/index.php\/author\/compartilhabahia\/"}]}},"_links":{"self":[{"href":"https:\/\/compartilhabahia.com.br\/index.php\/wp-json\/wp\/v2\/posts\/10831","targetHints":{"allow":["GET"]}}],"collection":[{"href":"https:\/\/compartilhabahia.com.br\/index.php\/wp-json\/wp\/v2\/posts"}],"about":[{"href":"https:\/\/compartilhabahia.com.br\/index.php\/wp-json\/wp\/v2\/types\/post"}],"author":[{"embeddable":true,"href":"https:\/\/compartilhabahia.com.br\/index.php\/wp-json\/wp\/v2\/users\/1"}],"replies":[{"embeddable":true,"href":"https:\/\/compartilhabahia.com.br\/index.php\/wp-json\/wp\/v2\/comments?post=10831"}],"version-history":[{"count":2,"href":"https:\/\/compartilhabahia.com.br\/index.php\/wp-json\/wp\/v2\/posts\/10831\/revisions"}],"predecessor-version":[{"id":10834,"href":"https:\/\/compartilhabahia.com.br\/index.php\/wp-json\/wp\/v2\/posts\/10831\/revisions\/10834"}],"wp:featuredmedia":[{"embeddable":true,"href":"https:\/\/compartilhabahia.com.br\/index.php\/wp-json\/wp\/v2\/media\/10832"}],"wp:attachment":[{"href":"https:\/\/compartilhabahia.com.br\/index.php\/wp-json\/wp\/v2\/media?parent=10831"}],"wp:term":[{"taxonomy":"category","embeddable":true,"href":"https:\/\/compartilhabahia.com.br\/index.php\/wp-json\/wp\/v2\/categories?post=10831"},{"taxonomy":"post_tag","embeddable":true,"href":"https:\/\/compartilhabahia.com.br\/index.php\/wp-json\/wp\/v2\/tags?post=10831"}],"curies":[{"name":"wp","href":"https:\/\/api.w.org\/{rel}","templated":true}]}}