{"id":10827,"date":"2026-09-02T00:23:11","date_gmt":"2026-09-02T03:23:11","guid":{"rendered":"https:\/\/compartilhabahia.com.br\/?p=10827"},"modified":"2026-09-02T00:23:13","modified_gmt":"2026-09-02T03:23:13","slug":"denza-b5-marca-premium-da-byd-lidera-pelo-terceiro-mes-seguido-e-assume-vice-lideranca","status":"publish","type":"post","link":"https:\/\/compartilhabahia.com.br\/index.php\/2026\/09\/02\/denza-b5-marca-premium-da-byd-lidera-pelo-terceiro-mes-seguido-e-assume-vice-lideranca\/","title":{"rendered":"Denza B5 marca premium da BYD lidera pelo terceiro m\u00eas seguido e assume vice-lideran\u00e7a"},"content":{"rendered":"\n<p>Denza B5 lidera mercado premium pelo terceiro m\u00eas seguido e assume vice-lideran\u00e7a no acumulado do ano<\/p>\n\n\n\n<ul class=\"wp-block-list\">\n<li>Modelo fica 34% \u00e0 frente do segundo colocado<\/li>\n\n\n\n<li>SUV assume vice-lideran\u00e7a entre os ve\u00edculos premium mais vendidos de 2026<\/li>\n\n\n\n<li>Marca lidera seis mercados e supera 50% de participa\u00e7\u00e3o em Alagoas, Cear\u00e1 e Bras\u00edlia<\/li>\n<\/ul>\n\n\n\n<p>(01\/09\/2026) \u2013 Pelo terceiro m\u00eas consecutivo, o Denza B5 foi o ve\u00edculo premium mais vendido do Brasil. Com 683 unidades emplacadas no pa\u00eds, o SUV manteve a lideran\u00e7a conquistada em junho e repetida em julho, abrindo uma vantagem de 34% sobre o BMW X1, segundo colocado no m\u00eas, com 509 unidades. No acumulado de 2026, o B5 soma 2.558 emplacamentos e j\u00e1 ocupa a vice-lideran\u00e7a entre os modelos premium mais vendidos do Pa\u00eds.<\/p>\n\n\n\n<p>Apenas 9 meses ap\u00f3s a entrega da primeira unidade no Brasil, Denza alcan\u00e7ou 18,7% de market share em agosto e, no acumulado do ano, est\u00e1 a apenas 77 unidades do top 5 entre as marcas premium.<\/p>\n\n\n\n<p>Rankings do segmento premium do m\u00eas de agosto e acumulado do ano.<\/p>\n\n\n\n<p>\u201cLiderar um m\u00eas \u00e9 importante. Liderar tr\u00eas meses seguidos em um dos segmentos mais tradicionais do mercado brasileiro mostra que alguma coisa mudou. O B5 provou que existe espa\u00e7o para uma nova refer\u00eancia no premium e que o consumidor est\u00e1 disposto a olhar al\u00e9m das marcas que conhece h\u00e1 d\u00e9cadas. Ele quer tecnologia, desempenho, design e inova\u00e7\u00e3o de verdade. \u00c9 isso que estamos entregando com a Denza. E, pelo ritmo que estamos construindo, esse \u00e9 s\u00f3 o come\u00e7o\u201d, afirma Alexandre Baldy, vice-presidente s\u00eanior da BYD do Brasil e head de marketing e comercial da BYD Auto.<\/p>\n\n\n\n<p>LIDERAN\u00c7A EM SEIS MERCADOS<br>A presen\u00e7a da Denza tamb\u00e9m se destacou em diferentes regi\u00f5es do Brasil. A marca manteve a lideran\u00e7a em Alagoas, Cear\u00e1, Bras\u00edlia, Pernambuco, Par\u00e1 e Maranh\u00e3o, com participa\u00e7\u00f5es expressivas nos seis mercados: 64,1% de market share em Alagoas, 57,9% no Cear\u00e1, 51,1% em Bras\u00edlia e 42,4% em Pernambuco, 38,2% no Par\u00e1 e 34,4% no Maranh\u00e3o.<\/p>\n\n\n\n<p>Esse desempenho tamb\u00e9m se refletiu em mercados com mais volume e competi\u00e7\u00e3o: em S\u00e3o Paulo, a Denza terminou agosto na vice-lideran\u00e7a, com 185 unidades e 13,2% de market share. A segunda coloca\u00e7\u00e3o tamb\u00e9m foi alcan\u00e7ada no Rio de Janeiro, com 49 emplacamentos e 22,5% de participa\u00e7\u00e3o, e em Santa Catarina, com 54 unidades e 17,5%.<\/p>\n\n\n\n<p>\u201cOs resultados regionais mostram que a Denza j\u00e1 construiu uma presen\u00e7a relevante em diferentes partes do pa\u00eds. Estamos avan\u00e7ando em mercados com perfis muito distintos, o que refor\u00e7a a consist\u00eancia da nossa estrat\u00e9gia e a for\u00e7a que a marca vem ganhando no Brasil. Agora, entramos em uma nova etapa: ampliar a rede, chegar a mais consumidores e garantir que essa expans\u00e3o venha acompanhada da mesma experi\u00eancia premium em todos os pontos de contato com a Denza\u201d, afirma Werner Schaal, diretor comercial da Denza.<\/p>\n\n\n\n<p>REDE ACOMPANHA O CRESCIMENTO DA MARCA<br>O desempenho tamb\u00e9m faz parte de uma nova etapa de crescimento, com a amplia\u00e7\u00e3o da rede de lojas: em menos de um ano j\u00e1 s\u00e3o 14 pontos de venda no Brasil, divididos entre sete concession\u00e1rias e sete lojas tempor\u00e1rias, em diferentes regi\u00f5es.<br>As concession\u00e1rias est\u00e3o em S\u00e3o Paulo (SP), Ribeir\u00e3o Preto (SP), Rio de Janeiro (RJ), Bras\u00edlia (DF), Recife (PE), S\u00e3o Lu\u00eds (MA) e Florian\u00f3polis (SC). A cobertura \u00e9 ampliada pelas lojas tempor\u00e1rias em Alphaville (SP), Vit\u00f3ria (ES), Belo Horizonte (MG), Fortaleza (CE), Macei\u00f3 (AL), Salvador (BA) e Curitiba (PR).<\/p>\n\n\n\n<p>Em agosto, a marca apresentou oficialmente ao mercado brasileiro o Denza Z9 GT e o Denza D9, ampliando uma estrat\u00e9gia que come\u00e7ou com o B5 e que agora passa a contemplar novas categorias do segmento premium.<\/p>\n\n\n\n<p>A chegada dos novos modelos tamb\u00e9m ser\u00e1 acompanhada pela expans\u00e3o da infraestrutura oferecida aos clientes. O Z9 GT ser\u00e1 o primeiro ve\u00edculo no mercado nacional compat\u00edvel com a tecnologia Flash Charging, sistema de carregamento ultrarr\u00e1pido capaz de recarregar grande parte da bateria em poucos minutos. A concession\u00e1ria de Bras\u00edlia ser\u00e1 a primeira a receber a nova tecnologia.<\/p>\n\n\n\n<p>SOBRE A DENZA<br>Denza \u00e9 a marca de mobilidade premium orientada para o design e a tecnologia do Grupo BYD. Ela combina com sucesso o design sofisticado e elegante de influ\u00eancia europeia com plataformas e tecnologias de ponta, entregando caracter\u00edsticas \u00fanicas ao mercado.<\/p>\n","protected":false},"excerpt":{"rendered":"<p>Denza B5 lidera mercado premium pelo terceiro m\u00eas seguido e assume vice-lideran\u00e7a no acumulado do ano (01\/09\/2026) \u2013 Pelo terceiro m\u00eas consecutivo, o Denza B5 foi o ve\u00edculo premium mais vendido do Brasil. Com 683 unidades emplacadas no pa\u00eds, o SUV manteve a lideran\u00e7a conquistada em junho e repetida em julho, abrindo uma vantagem de [&hellip;]<\/p>\n","protected":false},"author":1,"featured_media":10828,"comment_status":"open","ping_status":"open","sticky":false,"template":"","format":"standard","meta":{"footnotes":""},"categories":[4],"tags":[],"class_list":["post-10827","post","type-post","status-publish","format-standard","has-post-thumbnail","hentry","category-brasil"],"yoast_head":"<!-- This site is optimized with the Yoast SEO plugin v21.7 - https:\/\/yoast.com\/wordpress\/plugins\/seo\/ -->\n<title>Denza B5 marca premium da BYD lidera pelo terceiro m\u00eas seguido e assume vice-lideran\u00e7a - Compartilha Bahia<\/title>\n<meta name=\"robots\" content=\"index, follow, max-snippet:-1, max-image-preview:large, max-video-preview:-1\" \/>\n<link rel=\"canonical\" href=\"https:\/\/compartilhabahia.com.br\/index.php\/2026\/09\/02\/denza-b5-marca-premium-da-byd-lidera-pelo-terceiro-mes-seguido-e-assume-vice-lideranca\/\" \/>\n<meta property=\"og:locale\" content=\"pt_BR\" \/>\n<meta property=\"og:type\" content=\"article\" \/>\n<meta property=\"og:title\" content=\"Denza B5 marca premium da BYD lidera pelo terceiro m\u00eas seguido e assume vice-lideran\u00e7a - Compartilha Bahia\" \/>\n<meta property=\"og:description\" content=\"Denza B5 lidera mercado premium pelo terceiro m\u00eas seguido e assume vice-lideran\u00e7a no acumulado do ano (01\/09\/2026) \u2013 Pelo terceiro m\u00eas consecutivo, o Denza B5 foi o ve\u00edculo premium mais vendido do Brasil. Com 683 unidades emplacadas no pa\u00eds, o SUV manteve a lideran\u00e7a conquistada em junho e repetida em julho, abrindo uma vantagem de [&hellip;]\" \/>\n<meta property=\"og:url\" content=\"https:\/\/compartilhabahia.com.br\/index.php\/2026\/09\/02\/denza-b5-marca-premium-da-byd-lidera-pelo-terceiro-mes-seguido-e-assume-vice-lideranca\/\" \/>\n<meta property=\"og:site_name\" content=\"Compartilha Bahia\" \/>\n<meta property=\"article:publisher\" content=\"https:\/\/web.facebook.com\/compartilhabahia\" \/>\n<meta property=\"article:published_time\" content=\"2026-09-02T03:23:11+00:00\" \/>\n<meta property=\"article:modified_time\" content=\"2026-09-02T03:23:13+00:00\" \/>\n<meta property=\"og:image\" content=\"https:\/\/compartilhabahia.com.br\/wp-content\/uploads\/2026\/09\/denza_lider.jpg\" \/>\n\t<meta property=\"og:image:width\" content=\"1120\" \/>\n\t<meta property=\"og:image:height\" content=\"655\" \/>\n\t<meta property=\"og:image:type\" content=\"image\/jpeg\" \/>\n<meta name=\"author\" content=\"admin\" \/>\n<meta name=\"twitter:card\" content=\"summary_large_image\" \/>\n<meta name=\"twitter:label1\" content=\"Escrito por\" \/>\n\t<meta name=\"twitter:data1\" content=\"admin\" \/>\n\t<meta name=\"twitter:label2\" content=\"Est. tempo de leitura\" \/>\n\t<meta name=\"twitter:data2\" content=\"5 minutos\" \/>\n<script type=\"application\/ld+json\" class=\"yoast-schema-graph\">{\"@context\":\"https:\/\/schema.org\",\"@graph\":[{\"@type\":\"Article\",\"@id\":\"https:\/\/compartilhabahia.com.br\/index.php\/2026\/09\/02\/denza-b5-marca-premium-da-byd-lidera-pelo-terceiro-mes-seguido-e-assume-vice-lideranca\/#article\",\"isPartOf\":{\"@id\":\"https:\/\/compartilhabahia.com.br\/index.php\/2026\/09\/02\/denza-b5-marca-premium-da-byd-lidera-pelo-terceiro-mes-seguido-e-assume-vice-lideranca\/\"},\"author\":{\"name\":\"admin\",\"@id\":\"https:\/\/compartilhabahia.com.br\/#\/schema\/person\/9b4f0c3178793b8248d6686732521c04\"},\"headline\":\"Denza B5 marca premium da BYD lidera pelo terceiro m\u00eas seguido e assume vice-lideran\u00e7a\",\"datePublished\":\"2026-09-02T03:23:11+00:00\",\"dateModified\":\"2026-09-02T03:23:13+00:00\",\"mainEntityOfPage\":{\"@id\":\"https:\/\/compartilhabahia.com.br\/index.php\/2026\/09\/02\/denza-b5-marca-premium-da-byd-lidera-pelo-terceiro-mes-seguido-e-assume-vice-lideranca\/\"},\"wordCount\":753,\"commentCount\":0,\"publisher\":{\"@id\":\"https:\/\/compartilhabahia.com.br\/#organization\"},\"articleSection\":[\"Brasil\"],\"inLanguage\":\"pt-BR\",\"potentialAction\":[{\"@type\":\"CommentAction\",\"name\":\"Comment\",\"target\":[\"https:\/\/compartilhabahia.com.br\/index.php\/2026\/09\/02\/denza-b5-marca-premium-da-byd-lidera-pelo-terceiro-mes-seguido-e-assume-vice-lideranca\/#respond\"]}]},{\"@type\":\"WebPage\",\"@id\":\"https:\/\/compartilhabahia.com.br\/index.php\/2026\/09\/02\/denza-b5-marca-premium-da-byd-lidera-pelo-terceiro-mes-seguido-e-assume-vice-lideranca\/\",\"url\":\"https:\/\/compartilhabahia.com.br\/index.php\/2026\/09\/02\/denza-b5-marca-premium-da-byd-lidera-pelo-terceiro-mes-seguido-e-assume-vice-lideranca\/\",\"name\":\"Denza B5 marca premium da BYD lidera pelo terceiro m\u00eas seguido e assume vice-lideran\u00e7a - Compartilha Bahia\",\"isPartOf\":{\"@id\":\"https:\/\/compartilhabahia.com.br\/#website\"},\"datePublished\":\"2026-09-02T03:23:11+00:00\",\"dateModified\":\"2026-09-02T03:23:13+00:00\",\"breadcrumb\":{\"@id\":\"https:\/\/compartilhabahia.com.br\/index.php\/2026\/09\/02\/denza-b5-marca-premium-da-byd-lidera-pelo-terceiro-mes-seguido-e-assume-vice-lideranca\/#breadcrumb\"},\"inLanguage\":\"pt-BR\",\"potentialAction\":[{\"@type\":\"ReadAction\",\"target\":[\"https:\/\/compartilhabahia.com.br\/index.php\/2026\/09\/02\/denza-b5-marca-premium-da-byd-lidera-pelo-terceiro-mes-seguido-e-assume-vice-lideranca\/\"]}]},{\"@type\":\"BreadcrumbList\",\"@id\":\"https:\/\/compartilhabahia.com.br\/index.php\/2026\/09\/02\/denza-b5-marca-premium-da-byd-lidera-pelo-terceiro-mes-seguido-e-assume-vice-lideranca\/#breadcrumb\",\"itemListElement\":[{\"@type\":\"ListItem\",\"position\":1,\"name\":\"In\u00edcio\",\"item\":\"https:\/\/compartilhabahia.com.br\/\"},{\"@type\":\"ListItem\",\"position\":2,\"name\":\"Denza B5 marca premium da BYD lidera pelo terceiro m\u00eas seguido e assume vice-lideran\u00e7a\"}]},{\"@type\":\"WebSite\",\"@id\":\"https:\/\/compartilhabahia.com.br\/#website\",\"url\":\"https:\/\/compartilhabahia.com.br\/\",\"name\":\"Compartilha Bahia\",\"description\":\"\",\"publisher\":{\"@id\":\"https:\/\/compartilhabahia.com.br\/#organization\"},\"potentialAction\":[{\"@type\":\"SearchAction\",\"target\":{\"@type\":\"EntryPoint\",\"urlTemplate\":\"https:\/\/compartilhabahia.com.br\/?s={search_term_string}\"},\"query-input\":\"required name=search_term_string\"}],\"inLanguage\":\"pt-BR\"},{\"@type\":\"Organization\",\"@id\":\"https:\/\/compartilhabahia.com.br\/#organization\",\"name\":\"Compartilha Bahia\",\"url\":\"https:\/\/compartilhabahia.com.br\/\",\"logo\":{\"@type\":\"ImageObject\",\"inLanguage\":\"pt-BR\",\"@id\":\"https:\/\/compartilhabahia.com.br\/#\/schema\/logo\/image\/\",\"url\":\"https:\/\/compartilhabahia.com.br\/wp-content\/uploads\/2023\/12\/cropped-logo.png\",\"contentUrl\":\"https:\/\/compartilhabahia.com.br\/wp-content\/uploads\/2023\/12\/cropped-logo.png\",\"width\":300,\"height\":106,\"caption\":\"Compartilha Bahia\"},\"image\":{\"@id\":\"https:\/\/compartilhabahia.com.br\/#\/schema\/logo\/image\/\"},\"sameAs\":[\"https:\/\/web.facebook.com\/compartilhabahia\",\"https:\/\/www.instagram.com\/compartilhabahia\/\"]},{\"@type\":\"Person\",\"@id\":\"https:\/\/compartilhabahia.com.br\/#\/schema\/person\/9b4f0c3178793b8248d6686732521c04\",\"name\":\"admin\",\"image\":{\"@type\":\"ImageObject\",\"inLanguage\":\"pt-BR\",\"@id\":\"https:\/\/compartilhabahia.com.br\/#\/schema\/person\/image\/\",\"url\":\"https:\/\/secure.gravatar.com\/avatar\/9600df58751c5acbe914c538c03390ef649ea088cb65f84ba09c7ce66988eed6?s=96&d=mm&r=g\",\"contentUrl\":\"https:\/\/secure.gravatar.com\/avatar\/9600df58751c5acbe914c538c03390ef649ea088cb65f84ba09c7ce66988eed6?s=96&d=mm&r=g\",\"caption\":\"admin\"},\"sameAs\":[\"https:\/\/compartilhabahia.com.br\"],\"url\":\"https:\/\/compartilhabahia.com.br\/index.php\/author\/compartilhabahia\/\"}]}<\/script>\n<!-- \/ Yoast SEO plugin. -->","yoast_head_json":{"title":"Denza B5 marca premium da BYD lidera pelo terceiro m\u00eas seguido e assume vice-lideran\u00e7a - Compartilha Bahia","robots":{"index":"index","follow":"follow","max-snippet":"max-snippet:-1","max-image-preview":"max-image-preview:large","max-video-preview":"max-video-preview:-1"},"canonical":"https:\/\/compartilhabahia.com.br\/index.php\/2026\/09\/02\/denza-b5-marca-premium-da-byd-lidera-pelo-terceiro-mes-seguido-e-assume-vice-lideranca\/","og_locale":"pt_BR","og_type":"article","og_title":"Denza B5 marca premium da BYD lidera pelo terceiro m\u00eas seguido e assume vice-lideran\u00e7a - Compartilha Bahia","og_description":"Denza B5 lidera mercado premium pelo terceiro m\u00eas seguido e assume vice-lideran\u00e7a no acumulado do ano (01\/09\/2026) \u2013 Pelo terceiro m\u00eas consecutivo, o Denza B5 foi o ve\u00edculo premium mais vendido do Brasil. Com 683 unidades emplacadas no pa\u00eds, o SUV manteve a lideran\u00e7a conquistada em junho e repetida em julho, abrindo uma vantagem de [&hellip;]","og_url":"https:\/\/compartilhabahia.com.br\/index.php\/2026\/09\/02\/denza-b5-marca-premium-da-byd-lidera-pelo-terceiro-mes-seguido-e-assume-vice-lideranca\/","og_site_name":"Compartilha Bahia","article_publisher":"https:\/\/web.facebook.com\/compartilhabahia","article_published_time":"2026-09-02T03:23:11+00:00","article_modified_time":"2026-09-02T03:23:13+00:00","og_image":[{"width":1120,"height":655,"url":"https:\/\/compartilhabahia.com.br\/wp-content\/uploads\/2026\/09\/denza_lider.jpg","type":"image\/jpeg"}],"author":"admin","twitter_card":"summary_large_image","twitter_misc":{"Escrito por":"admin","Est. tempo de leitura":"5 minutos"},"schema":{"@context":"https:\/\/schema.org","@graph":[{"@type":"Article","@id":"https:\/\/compartilhabahia.com.br\/index.php\/2026\/09\/02\/denza-b5-marca-premium-da-byd-lidera-pelo-terceiro-mes-seguido-e-assume-vice-lideranca\/#article","isPartOf":{"@id":"https:\/\/compartilhabahia.com.br\/index.php\/2026\/09\/02\/denza-b5-marca-premium-da-byd-lidera-pelo-terceiro-mes-seguido-e-assume-vice-lideranca\/"},"author":{"name":"admin","@id":"https:\/\/compartilhabahia.com.br\/#\/schema\/person\/9b4f0c3178793b8248d6686732521c04"},"headline":"Denza B5 marca premium da BYD lidera pelo terceiro m\u00eas seguido e assume vice-lideran\u00e7a","datePublished":"2026-09-02T03:23:11+00:00","dateModified":"2026-09-02T03:23:13+00:00","mainEntityOfPage":{"@id":"https:\/\/compartilhabahia.com.br\/index.php\/2026\/09\/02\/denza-b5-marca-premium-da-byd-lidera-pelo-terceiro-mes-seguido-e-assume-vice-lideranca\/"},"wordCount":753,"commentCount":0,"publisher":{"@id":"https:\/\/compartilhabahia.com.br\/#organization"},"articleSection":["Brasil"],"inLanguage":"pt-BR","potentialAction":[{"@type":"CommentAction","name":"Comment","target":["https:\/\/compartilhabahia.com.br\/index.php\/2026\/09\/02\/denza-b5-marca-premium-da-byd-lidera-pelo-terceiro-mes-seguido-e-assume-vice-lideranca\/#respond"]}]},{"@type":"WebPage","@id":"https:\/\/compartilhabahia.com.br\/index.php\/2026\/09\/02\/denza-b5-marca-premium-da-byd-lidera-pelo-terceiro-mes-seguido-e-assume-vice-lideranca\/","url":"https:\/\/compartilhabahia.com.br\/index.php\/2026\/09\/02\/denza-b5-marca-premium-da-byd-lidera-pelo-terceiro-mes-seguido-e-assume-vice-lideranca\/","name":"Denza B5 marca premium da BYD lidera pelo terceiro m\u00eas seguido e assume vice-lideran\u00e7a - Compartilha Bahia","isPartOf":{"@id":"https:\/\/compartilhabahia.com.br\/#website"},"datePublished":"2026-09-02T03:23:11+00:00","dateModified":"2026-09-02T03:23:13+00:00","breadcrumb":{"@id":"https:\/\/compartilhabahia.com.br\/index.php\/2026\/09\/02\/denza-b5-marca-premium-da-byd-lidera-pelo-terceiro-mes-seguido-e-assume-vice-lideranca\/#breadcrumb"},"inLanguage":"pt-BR","potentialAction":[{"@type":"ReadAction","target":["https:\/\/compartilhabahia.com.br\/index.php\/2026\/09\/02\/denza-b5-marca-premium-da-byd-lidera-pelo-terceiro-mes-seguido-e-assume-vice-lideranca\/"]}]},{"@type":"BreadcrumbList","@id":"https:\/\/compartilhabahia.com.br\/index.php\/2026\/09\/02\/denza-b5-marca-premium-da-byd-lidera-pelo-terceiro-mes-seguido-e-assume-vice-lideranca\/#breadcrumb","itemListElement":[{"@type":"ListItem","position":1,"name":"In\u00edcio","item":"https:\/\/compartilhabahia.com.br\/"},{"@type":"ListItem","position":2,"name":"Denza B5 marca premium da BYD lidera pelo terceiro m\u00eas seguido e assume vice-lideran\u00e7a"}]},{"@type":"WebSite","@id":"https:\/\/compartilhabahia.com.br\/#website","url":"https:\/\/compartilhabahia.com.br\/","name":"Compartilha Bahia","description":"","publisher":{"@id":"https:\/\/compartilhabahia.com.br\/#organization"},"potentialAction":[{"@type":"SearchAction","target":{"@type":"EntryPoint","urlTemplate":"https:\/\/compartilhabahia.com.br\/?s={search_term_string}"},"query-input":"required name=search_term_string"}],"inLanguage":"pt-BR"},{"@type":"Organization","@id":"https:\/\/compartilhabahia.com.br\/#organization","name":"Compartilha Bahia","url":"https:\/\/compartilhabahia.com.br\/","logo":{"@type":"ImageObject","inLanguage":"pt-BR","@id":"https:\/\/compartilhabahia.com.br\/#\/schema\/logo\/image\/","url":"https:\/\/compartilhabahia.com.br\/wp-content\/uploads\/2023\/12\/cropped-logo.png","contentUrl":"https:\/\/compartilhabahia.com.br\/wp-content\/uploads\/2023\/12\/cropped-logo.png","width":300,"height":106,"caption":"Compartilha Bahia"},"image":{"@id":"https:\/\/compartilhabahia.com.br\/#\/schema\/logo\/image\/"},"sameAs":["https:\/\/web.facebook.com\/compartilhabahia","https:\/\/www.instagram.com\/compartilhabahia\/"]},{"@type":"Person","@id":"https:\/\/compartilhabahia.com.br\/#\/schema\/person\/9b4f0c3178793b8248d6686732521c04","name":"admin","image":{"@type":"ImageObject","inLanguage":"pt-BR","@id":"https:\/\/compartilhabahia.com.br\/#\/schema\/person\/image\/","url":"https:\/\/secure.gravatar.com\/avatar\/9600df58751c5acbe914c538c03390ef649ea088cb65f84ba09c7ce66988eed6?s=96&d=mm&r=g","contentUrl":"https:\/\/secure.gravatar.com\/avatar\/9600df58751c5acbe914c538c03390ef649ea088cb65f84ba09c7ce66988eed6?s=96&d=mm&r=g","caption":"admin"},"sameAs":["https:\/\/compartilhabahia.com.br"],"url":"https:\/\/compartilhabahia.com.br\/index.php\/author\/compartilhabahia\/"}]}},"_links":{"self":[{"href":"https:\/\/compartilhabahia.com.br\/index.php\/wp-json\/wp\/v2\/posts\/10827","targetHints":{"allow":["GET"]}}],"collection":[{"href":"https:\/\/compartilhabahia.com.br\/index.php\/wp-json\/wp\/v2\/posts"}],"about":[{"href":"https:\/\/compartilhabahia.com.br\/index.php\/wp-json\/wp\/v2\/types\/post"}],"author":[{"embeddable":true,"href":"https:\/\/compartilhabahia.com.br\/index.php\/wp-json\/wp\/v2\/users\/1"}],"replies":[{"embeddable":true,"href":"https:\/\/compartilhabahia.com.br\/index.php\/wp-json\/wp\/v2\/comments?post=10827"}],"version-history":[{"count":1,"href":"https:\/\/compartilhabahia.com.br\/index.php\/wp-json\/wp\/v2\/posts\/10827\/revisions"}],"predecessor-version":[{"id":10829,"href":"https:\/\/compartilhabahia.com.br\/index.php\/wp-json\/wp\/v2\/posts\/10827\/revisions\/10829"}],"wp:featuredmedia":[{"embeddable":true,"href":"https:\/\/compartilhabahia.com.br\/index.php\/wp-json\/wp\/v2\/media\/10828"}],"wp:attachment":[{"href":"https:\/\/compartilhabahia.com.br\/index.php\/wp-json\/wp\/v2\/media?parent=10827"}],"wp:term":[{"taxonomy":"category","embeddable":true,"href":"https:\/\/compartilhabahia.com.br\/index.php\/wp-json\/wp\/v2\/categories?post=10827"},{"taxonomy":"post_tag","embeddable":true,"href":"https:\/\/compartilhabahia.com.br\/index.php\/wp-json\/wp\/v2\/tags?post=10827"}],"curies":[{"name":"wp","href":"https:\/\/api.w.org\/{rel}","templated":true}]}}