{"id":10818,"date":"2026-08-31T21:46:18","date_gmt":"2026-09-01T00:46:18","guid":{"rendered":"https:\/\/compartilhabahia.com.br\/?p=10818"},"modified":"2026-08-31T21:46:20","modified_gmt":"2026-09-01T00:46:20","slug":"sefaz-notifica-empresas-com-pendencias-que-podem-levar-a-exclusao-do-simples-nacional","status":"publish","type":"post","link":"https:\/\/compartilhabahia.com.br\/index.php\/2026\/08\/31\/sefaz-notifica-empresas-com-pendencias-que-podem-levar-a-exclusao-do-simples-nacional\/","title":{"rendered":"Sefaz notifica empresas com pend\u00eancias que podem levar \u00e0 exclus\u00e3o do Simples Nacional"},"content":{"rendered":"\n<p><\/p>\n\n\n\n<p>A Secretaria da Fazenda de Cama\u00e7ari (Sefaz) informa que foram emitidos Termos de Exclus\u00e3o do Simples Nacional para Microempresas (ME) e Empresas de Pequeno Porte (EPP) que possuem estabelecimento no munic\u00edpio e apresentam pend\u00eancias relacionadas \u00e0 aus\u00eancia de inscri\u00e7\u00e3o municipal. A medida \u00e9 resultado de procedimento de verifica\u00e7\u00e3o cadastral e busca promover a regulariza\u00e7\u00e3o das empresas perante o munic\u00edpio, conforme as exig\u00eancias da legisla\u00e7\u00e3o tribut\u00e1ria.<\/p>\n\n\n\n<p>A a\u00e7\u00e3o foi realizada no dia 17 de julho e os documentos foram disponibilizados por meio do Domic\u00edlio Tribut\u00e1rio Eletr\u00f4nico do Simples Nacional (DTE-SN). A pasta refor\u00e7a, ainda, que a emiss\u00e3o do Termo de Exclus\u00e3o n\u00e3o representa a exclus\u00e3o definitiva e imediata do regime. Os contribuintes notificados t\u00eam a possibilidade de impugnar o Termo de Exclus\u00e3o no prazo de 30 dias ou regularizar a pend\u00eancia em at\u00e9 90 dias, contados a partir da ci\u00eancia do documento.<\/p>\n\n\n\n<p>A Sefaz Cama\u00e7ari orienta as empresas alcan\u00e7adas pela medida a consultarem o DTE-SN e adotarem as provid\u00eancias necess\u00e1rias para regulariza\u00e7\u00e3o e perman\u00eancia no Simples Nacional, j\u00e1 que se n\u00e3o providenciarem a inscri\u00e7\u00e3o municipal, poder\u00e1 haver a exclus\u00e3o.<\/p>\n\n\n\n<p>A aus\u00eancia de inscri\u00e7\u00e3o ou a irregularidade no cadastro fiscal municipal, quando exig\u00edvel, constitui hip\u00f3tese de veda\u00e7\u00e3o \u00e0 perman\u00eancia no Simples Nacional, conforme previsto na Lei Complementar Federal n\u00ba 123\/2006 e na Resolu\u00e7\u00e3o Comit\u00ea Gestor do Simples Nacional (CGSN) n\u00ba 140\/2018. O C\u00f3digo Tribut\u00e1rio e de Rendas do Munic\u00edpio de Cama\u00e7ari, institu\u00eddo pela Lei n\u00ba 1.039\/2009, tamb\u00e9m estabelece a obrigatoriedade de inscri\u00e7\u00e3o no Cadastro Fiscal Municipal para pessoas f\u00edsicas ou jur\u00eddicas que exer\u00e7am atividades no munic\u00edpio.<\/p>\n\n\n\n<p>Outras informa\u00e7\u00f5es podem ser obtidas junto \u00e0 Coordenadoria de Fiscaliza\u00e7\u00e3o (CFIS), pelo telefone (71) 3621-6737, com atendimento das 8h \u00e0s 16h, de segunda a sexta-feira, ou pelo e-mail&nbsp;<a href=\"mailto:simplesnacional.sefaz@camacari.ba.gov.br\">simplesnacional.sefaz@camacari.ba.gov.br<\/a>.&nbsp;<\/p>\n\n\n\n<p>Foto: Juliano Sarraf<\/p>\n","protected":false},"excerpt":{"rendered":"<p>A Secretaria da Fazenda de Cama\u00e7ari (Sefaz) informa que foram emitidos Termos de Exclus\u00e3o do Simples Nacional para Microempresas (ME) e Empresas de Pequeno Porte (EPP) que possuem estabelecimento no munic\u00edpio e apresentam pend\u00eancias relacionadas \u00e0 aus\u00eancia de inscri\u00e7\u00e3o municipal. A medida \u00e9 resultado de procedimento de verifica\u00e7\u00e3o cadastral e busca promover a regulariza\u00e7\u00e3o das [&hellip;]<\/p>\n","protected":false},"author":1,"featured_media":10819,"comment_status":"open","ping_status":"open","sticky":false,"template":"","format":"standard","meta":{"footnotes":""},"categories":[8],"tags":[],"class_list":["post-10818","post","type-post","status-publish","format-standard","has-post-thumbnail","hentry","category-camacari"],"yoast_head":"<!-- This site is optimized with the Yoast SEO plugin v21.7 - https:\/\/yoast.com\/wordpress\/plugins\/seo\/ -->\n<title>Sefaz notifica empresas com pend\u00eancias que podem levar \u00e0 exclus\u00e3o do Simples Nacional - Compartilha Bahia<\/title>\n<meta name=\"robots\" content=\"index, follow, max-snippet:-1, max-image-preview:large, max-video-preview:-1\" \/>\n<link rel=\"canonical\" href=\"https:\/\/compartilhabahia.com.br\/index.php\/2026\/08\/31\/sefaz-notifica-empresas-com-pendencias-que-podem-levar-a-exclusao-do-simples-nacional\/\" \/>\n<meta property=\"og:locale\" content=\"pt_BR\" \/>\n<meta property=\"og:type\" content=\"article\" \/>\n<meta property=\"og:title\" content=\"Sefaz notifica empresas com pend\u00eancias que podem levar \u00e0 exclus\u00e3o do Simples Nacional - Compartilha Bahia\" \/>\n<meta property=\"og:description\" content=\"A Secretaria da Fazenda de Cama\u00e7ari (Sefaz) informa que foram emitidos Termos de Exclus\u00e3o do Simples Nacional para Microempresas (ME) e Empresas de Pequeno Porte (EPP) que possuem estabelecimento no munic\u00edpio e apresentam pend\u00eancias relacionadas \u00e0 aus\u00eancia de inscri\u00e7\u00e3o municipal. A medida \u00e9 resultado de procedimento de verifica\u00e7\u00e3o cadastral e busca promover a regulariza\u00e7\u00e3o das [&hellip;]\" \/>\n<meta property=\"og:url\" content=\"https:\/\/compartilhabahia.com.br\/index.php\/2026\/08\/31\/sefaz-notifica-empresas-com-pendencias-que-podem-levar-a-exclusao-do-simples-nacional\/\" \/>\n<meta property=\"og:site_name\" content=\"Compartilha Bahia\" \/>\n<meta property=\"article:publisher\" content=\"https:\/\/web.facebook.com\/compartilhabahia\" \/>\n<meta property=\"article:published_time\" content=\"2026-09-01T00:46:18+00:00\" \/>\n<meta property=\"article:modified_time\" content=\"2026-09-01T00:46:20+00:00\" \/>\n<meta property=\"og:image\" content=\"https:\/\/compartilhabahia.com.br\/wp-content\/uploads\/2026\/08\/secretariodafazendadecamacari.jpg\" \/>\n\t<meta property=\"og:image:width\" content=\"1537\" \/>\n\t<meta property=\"og:image:height\" content=\"1023\" \/>\n\t<meta property=\"og:image:type\" content=\"image\/jpeg\" \/>\n<meta name=\"author\" content=\"admin\" \/>\n<meta name=\"twitter:card\" content=\"summary_large_image\" \/>\n<meta name=\"twitter:label1\" content=\"Escrito por\" \/>\n\t<meta name=\"twitter:data1\" content=\"admin\" \/>\n\t<meta name=\"twitter:label2\" content=\"Est. tempo de leitura\" \/>\n\t<meta name=\"twitter:data2\" content=\"2 minutos\" \/>\n<script type=\"application\/ld+json\" class=\"yoast-schema-graph\">{\"@context\":\"https:\/\/schema.org\",\"@graph\":[{\"@type\":\"Article\",\"@id\":\"https:\/\/compartilhabahia.com.br\/index.php\/2026\/08\/31\/sefaz-notifica-empresas-com-pendencias-que-podem-levar-a-exclusao-do-simples-nacional\/#article\",\"isPartOf\":{\"@id\":\"https:\/\/compartilhabahia.com.br\/index.php\/2026\/08\/31\/sefaz-notifica-empresas-com-pendencias-que-podem-levar-a-exclusao-do-simples-nacional\/\"},\"author\":{\"name\":\"admin\",\"@id\":\"https:\/\/compartilhabahia.com.br\/#\/schema\/person\/9b4f0c3178793b8248d6686732521c04\"},\"headline\":\"Sefaz notifica empresas com pend\u00eancias que podem levar \u00e0 exclus\u00e3o do Simples Nacional\",\"datePublished\":\"2026-09-01T00:46:18+00:00\",\"dateModified\":\"2026-09-01T00:46:20+00:00\",\"mainEntityOfPage\":{\"@id\":\"https:\/\/compartilhabahia.com.br\/index.php\/2026\/08\/31\/sefaz-notifica-empresas-com-pendencias-que-podem-levar-a-exclusao-do-simples-nacional\/\"},\"wordCount\":350,\"commentCount\":0,\"publisher\":{\"@id\":\"https:\/\/compartilhabahia.com.br\/#organization\"},\"articleSection\":[\"Cama\u00e7ari\"],\"inLanguage\":\"pt-BR\",\"potentialAction\":[{\"@type\":\"CommentAction\",\"name\":\"Comment\",\"target\":[\"https:\/\/compartilhabahia.com.br\/index.php\/2026\/08\/31\/sefaz-notifica-empresas-com-pendencias-que-podem-levar-a-exclusao-do-simples-nacional\/#respond\"]}]},{\"@type\":\"WebPage\",\"@id\":\"https:\/\/compartilhabahia.com.br\/index.php\/2026\/08\/31\/sefaz-notifica-empresas-com-pendencias-que-podem-levar-a-exclusao-do-simples-nacional\/\",\"url\":\"https:\/\/compartilhabahia.com.br\/index.php\/2026\/08\/31\/sefaz-notifica-empresas-com-pendencias-que-podem-levar-a-exclusao-do-simples-nacional\/\",\"name\":\"Sefaz notifica empresas com pend\u00eancias que podem levar \u00e0 exclus\u00e3o do Simples Nacional - Compartilha Bahia\",\"isPartOf\":{\"@id\":\"https:\/\/compartilhabahia.com.br\/#website\"},\"datePublished\":\"2026-09-01T00:46:18+00:00\",\"dateModified\":\"2026-09-01T00:46:20+00:00\",\"breadcrumb\":{\"@id\":\"https:\/\/compartilhabahia.com.br\/index.php\/2026\/08\/31\/sefaz-notifica-empresas-com-pendencias-que-podem-levar-a-exclusao-do-simples-nacional\/#breadcrumb\"},\"inLanguage\":\"pt-BR\",\"potentialAction\":[{\"@type\":\"ReadAction\",\"target\":[\"https:\/\/compartilhabahia.com.br\/index.php\/2026\/08\/31\/sefaz-notifica-empresas-com-pendencias-que-podem-levar-a-exclusao-do-simples-nacional\/\"]}]},{\"@type\":\"BreadcrumbList\",\"@id\":\"https:\/\/compartilhabahia.com.br\/index.php\/2026\/08\/31\/sefaz-notifica-empresas-com-pendencias-que-podem-levar-a-exclusao-do-simples-nacional\/#breadcrumb\",\"itemListElement\":[{\"@type\":\"ListItem\",\"position\":1,\"name\":\"In\u00edcio\",\"item\":\"https:\/\/compartilhabahia.com.br\/\"},{\"@type\":\"ListItem\",\"position\":2,\"name\":\"Sefaz notifica empresas com pend\u00eancias que podem levar \u00e0 exclus\u00e3o do Simples Nacional\"}]},{\"@type\":\"WebSite\",\"@id\":\"https:\/\/compartilhabahia.com.br\/#website\",\"url\":\"https:\/\/compartilhabahia.com.br\/\",\"name\":\"Compartilha Bahia\",\"description\":\"\",\"publisher\":{\"@id\":\"https:\/\/compartilhabahia.com.br\/#organization\"},\"potentialAction\":[{\"@type\":\"SearchAction\",\"target\":{\"@type\":\"EntryPoint\",\"urlTemplate\":\"https:\/\/compartilhabahia.com.br\/?s={search_term_string}\"},\"query-input\":\"required name=search_term_string\"}],\"inLanguage\":\"pt-BR\"},{\"@type\":\"Organization\",\"@id\":\"https:\/\/compartilhabahia.com.br\/#organization\",\"name\":\"Compartilha Bahia\",\"url\":\"https:\/\/compartilhabahia.com.br\/\",\"logo\":{\"@type\":\"ImageObject\",\"inLanguage\":\"pt-BR\",\"@id\":\"https:\/\/compartilhabahia.com.br\/#\/schema\/logo\/image\/\",\"url\":\"https:\/\/compartilhabahia.com.br\/wp-content\/uploads\/2023\/12\/cropped-logo.png\",\"contentUrl\":\"https:\/\/compartilhabahia.com.br\/wp-content\/uploads\/2023\/12\/cropped-logo.png\",\"width\":300,\"height\":106,\"caption\":\"Compartilha Bahia\"},\"image\":{\"@id\":\"https:\/\/compartilhabahia.com.br\/#\/schema\/logo\/image\/\"},\"sameAs\":[\"https:\/\/web.facebook.com\/compartilhabahia\",\"https:\/\/www.instagram.com\/compartilhabahia\/\"]},{\"@type\":\"Person\",\"@id\":\"https:\/\/compartilhabahia.com.br\/#\/schema\/person\/9b4f0c3178793b8248d6686732521c04\",\"name\":\"admin\",\"image\":{\"@type\":\"ImageObject\",\"inLanguage\":\"pt-BR\",\"@id\":\"https:\/\/compartilhabahia.com.br\/#\/schema\/person\/image\/\",\"url\":\"https:\/\/secure.gravatar.com\/avatar\/9600df58751c5acbe914c538c03390ef649ea088cb65f84ba09c7ce66988eed6?s=96&d=mm&r=g\",\"contentUrl\":\"https:\/\/secure.gravatar.com\/avatar\/9600df58751c5acbe914c538c03390ef649ea088cb65f84ba09c7ce66988eed6?s=96&d=mm&r=g\",\"caption\":\"admin\"},\"sameAs\":[\"https:\/\/compartilhabahia.com.br\"],\"url\":\"https:\/\/compartilhabahia.com.br\/index.php\/author\/compartilhabahia\/\"}]}<\/script>\n<!-- \/ Yoast SEO plugin. -->","yoast_head_json":{"title":"Sefaz notifica empresas com pend\u00eancias que podem levar \u00e0 exclus\u00e3o do Simples Nacional - Compartilha Bahia","robots":{"index":"index","follow":"follow","max-snippet":"max-snippet:-1","max-image-preview":"max-image-preview:large","max-video-preview":"max-video-preview:-1"},"canonical":"https:\/\/compartilhabahia.com.br\/index.php\/2026\/08\/31\/sefaz-notifica-empresas-com-pendencias-que-podem-levar-a-exclusao-do-simples-nacional\/","og_locale":"pt_BR","og_type":"article","og_title":"Sefaz notifica empresas com pend\u00eancias que podem levar \u00e0 exclus\u00e3o do Simples Nacional - Compartilha Bahia","og_description":"A Secretaria da Fazenda de Cama\u00e7ari (Sefaz) informa que foram emitidos Termos de Exclus\u00e3o do Simples Nacional para Microempresas (ME) e Empresas de Pequeno Porte (EPP) que possuem estabelecimento no munic\u00edpio e apresentam pend\u00eancias relacionadas \u00e0 aus\u00eancia de inscri\u00e7\u00e3o municipal. A medida \u00e9 resultado de procedimento de verifica\u00e7\u00e3o cadastral e busca promover a regulariza\u00e7\u00e3o das [&hellip;]","og_url":"https:\/\/compartilhabahia.com.br\/index.php\/2026\/08\/31\/sefaz-notifica-empresas-com-pendencias-que-podem-levar-a-exclusao-do-simples-nacional\/","og_site_name":"Compartilha Bahia","article_publisher":"https:\/\/web.facebook.com\/compartilhabahia","article_published_time":"2026-09-01T00:46:18+00:00","article_modified_time":"2026-09-01T00:46:20+00:00","og_image":[{"width":1537,"height":1023,"url":"https:\/\/compartilhabahia.com.br\/wp-content\/uploads\/2026\/08\/secretariodafazendadecamacari.jpg","type":"image\/jpeg"}],"author":"admin","twitter_card":"summary_large_image","twitter_misc":{"Escrito por":"admin","Est. tempo de leitura":"2 minutos"},"schema":{"@context":"https:\/\/schema.org","@graph":[{"@type":"Article","@id":"https:\/\/compartilhabahia.com.br\/index.php\/2026\/08\/31\/sefaz-notifica-empresas-com-pendencias-que-podem-levar-a-exclusao-do-simples-nacional\/#article","isPartOf":{"@id":"https:\/\/compartilhabahia.com.br\/index.php\/2026\/08\/31\/sefaz-notifica-empresas-com-pendencias-que-podem-levar-a-exclusao-do-simples-nacional\/"},"author":{"name":"admin","@id":"https:\/\/compartilhabahia.com.br\/#\/schema\/person\/9b4f0c3178793b8248d6686732521c04"},"headline":"Sefaz notifica empresas com pend\u00eancias que podem levar \u00e0 exclus\u00e3o do Simples Nacional","datePublished":"2026-09-01T00:46:18+00:00","dateModified":"2026-09-01T00:46:20+00:00","mainEntityOfPage":{"@id":"https:\/\/compartilhabahia.com.br\/index.php\/2026\/08\/31\/sefaz-notifica-empresas-com-pendencias-que-podem-levar-a-exclusao-do-simples-nacional\/"},"wordCount":350,"commentCount":0,"publisher":{"@id":"https:\/\/compartilhabahia.com.br\/#organization"},"articleSection":["Cama\u00e7ari"],"inLanguage":"pt-BR","potentialAction":[{"@type":"CommentAction","name":"Comment","target":["https:\/\/compartilhabahia.com.br\/index.php\/2026\/08\/31\/sefaz-notifica-empresas-com-pendencias-que-podem-levar-a-exclusao-do-simples-nacional\/#respond"]}]},{"@type":"WebPage","@id":"https:\/\/compartilhabahia.com.br\/index.php\/2026\/08\/31\/sefaz-notifica-empresas-com-pendencias-que-podem-levar-a-exclusao-do-simples-nacional\/","url":"https:\/\/compartilhabahia.com.br\/index.php\/2026\/08\/31\/sefaz-notifica-empresas-com-pendencias-que-podem-levar-a-exclusao-do-simples-nacional\/","name":"Sefaz notifica empresas com pend\u00eancias que podem levar \u00e0 exclus\u00e3o do Simples Nacional - Compartilha Bahia","isPartOf":{"@id":"https:\/\/compartilhabahia.com.br\/#website"},"datePublished":"2026-09-01T00:46:18+00:00","dateModified":"2026-09-01T00:46:20+00:00","breadcrumb":{"@id":"https:\/\/compartilhabahia.com.br\/index.php\/2026\/08\/31\/sefaz-notifica-empresas-com-pendencias-que-podem-levar-a-exclusao-do-simples-nacional\/#breadcrumb"},"inLanguage":"pt-BR","potentialAction":[{"@type":"ReadAction","target":["https:\/\/compartilhabahia.com.br\/index.php\/2026\/08\/31\/sefaz-notifica-empresas-com-pendencias-que-podem-levar-a-exclusao-do-simples-nacional\/"]}]},{"@type":"BreadcrumbList","@id":"https:\/\/compartilhabahia.com.br\/index.php\/2026\/08\/31\/sefaz-notifica-empresas-com-pendencias-que-podem-levar-a-exclusao-do-simples-nacional\/#breadcrumb","itemListElement":[{"@type":"ListItem","position":1,"name":"In\u00edcio","item":"https:\/\/compartilhabahia.com.br\/"},{"@type":"ListItem","position":2,"name":"Sefaz notifica empresas com pend\u00eancias que podem levar \u00e0 exclus\u00e3o do Simples Nacional"}]},{"@type":"WebSite","@id":"https:\/\/compartilhabahia.com.br\/#website","url":"https:\/\/compartilhabahia.com.br\/","name":"Compartilha Bahia","description":"","publisher":{"@id":"https:\/\/compartilhabahia.com.br\/#organization"},"potentialAction":[{"@type":"SearchAction","target":{"@type":"EntryPoint","urlTemplate":"https:\/\/compartilhabahia.com.br\/?s={search_term_string}"},"query-input":"required name=search_term_string"}],"inLanguage":"pt-BR"},{"@type":"Organization","@id":"https:\/\/compartilhabahia.com.br\/#organization","name":"Compartilha Bahia","url":"https:\/\/compartilhabahia.com.br\/","logo":{"@type":"ImageObject","inLanguage":"pt-BR","@id":"https:\/\/compartilhabahia.com.br\/#\/schema\/logo\/image\/","url":"https:\/\/compartilhabahia.com.br\/wp-content\/uploads\/2023\/12\/cropped-logo.png","contentUrl":"https:\/\/compartilhabahia.com.br\/wp-content\/uploads\/2023\/12\/cropped-logo.png","width":300,"height":106,"caption":"Compartilha Bahia"},"image":{"@id":"https:\/\/compartilhabahia.com.br\/#\/schema\/logo\/image\/"},"sameAs":["https:\/\/web.facebook.com\/compartilhabahia","https:\/\/www.instagram.com\/compartilhabahia\/"]},{"@type":"Person","@id":"https:\/\/compartilhabahia.com.br\/#\/schema\/person\/9b4f0c3178793b8248d6686732521c04","name":"admin","image":{"@type":"ImageObject","inLanguage":"pt-BR","@id":"https:\/\/compartilhabahia.com.br\/#\/schema\/person\/image\/","url":"https:\/\/secure.gravatar.com\/avatar\/9600df58751c5acbe914c538c03390ef649ea088cb65f84ba09c7ce66988eed6?s=96&d=mm&r=g","contentUrl":"https:\/\/secure.gravatar.com\/avatar\/9600df58751c5acbe914c538c03390ef649ea088cb65f84ba09c7ce66988eed6?s=96&d=mm&r=g","caption":"admin"},"sameAs":["https:\/\/compartilhabahia.com.br"],"url":"https:\/\/compartilhabahia.com.br\/index.php\/author\/compartilhabahia\/"}]}},"_links":{"self":[{"href":"https:\/\/compartilhabahia.com.br\/index.php\/wp-json\/wp\/v2\/posts\/10818","targetHints":{"allow":["GET"]}}],"collection":[{"href":"https:\/\/compartilhabahia.com.br\/index.php\/wp-json\/wp\/v2\/posts"}],"about":[{"href":"https:\/\/compartilhabahia.com.br\/index.php\/wp-json\/wp\/v2\/types\/post"}],"author":[{"embeddable":true,"href":"https:\/\/compartilhabahia.com.br\/index.php\/wp-json\/wp\/v2\/users\/1"}],"replies":[{"embeddable":true,"href":"https:\/\/compartilhabahia.com.br\/index.php\/wp-json\/wp\/v2\/comments?post=10818"}],"version-history":[{"count":1,"href":"https:\/\/compartilhabahia.com.br\/index.php\/wp-json\/wp\/v2\/posts\/10818\/revisions"}],"predecessor-version":[{"id":10820,"href":"https:\/\/compartilhabahia.com.br\/index.php\/wp-json\/wp\/v2\/posts\/10818\/revisions\/10820"}],"wp:featuredmedia":[{"embeddable":true,"href":"https:\/\/compartilhabahia.com.br\/index.php\/wp-json\/wp\/v2\/media\/10819"}],"wp:attachment":[{"href":"https:\/\/compartilhabahia.com.br\/index.php\/wp-json\/wp\/v2\/media?parent=10818"}],"wp:term":[{"taxonomy":"category","embeddable":true,"href":"https:\/\/compartilhabahia.com.br\/index.php\/wp-json\/wp\/v2\/categories?post=10818"},{"taxonomy":"post_tag","embeddable":true,"href":"https:\/\/compartilhabahia.com.br\/index.php\/wp-json\/wp\/v2\/tags?post=10818"}],"curies":[{"name":"wp","href":"https:\/\/api.w.org\/{rel}","templated":true}]}}