{"id":1067,"date":"2024-02-21T17:08:21","date_gmt":"2024-02-21T17:08:21","guid":{"rendered":"https:\/\/compartilhabahia.com.br\/?p=1067"},"modified":"2024-02-21T17:21:49","modified_gmt":"2024-02-21T17:21:49","slug":"caetano-anuncia-novos-apoios-no-diga-ai-em-abrantes-aqui-tem-amor-e-acolhimento","status":"publish","type":"post","link":"https:\/\/compartilhabahia.com.br\/index.php\/2024\/02\/21\/caetano-anuncia-novos-apoios-no-diga-ai-em-abrantes-aqui-tem-amor-e-acolhimento\/","title":{"rendered":"Caetano anuncia novos apoios no Diga Ai em Abrantes: \u201caqui tem amor e acolhimento\u201d"},"content":{"rendered":"\n<p><\/p>\n\n\n\n<p>Durante o \u201cDiga A\u00ed, Cama\u00e7ari\u201d que aconteceu em Abrantes, na noite desta ter\u00e7a-feira (20), Luiz Caetano anunciou dois novos importantes apoios \u00e0 sua pr\u00e9-candidatura a prefeito da cidade, que ser\u00e1 lan\u00e7ada oficialmente no dia 1o de mar\u00e7o, no Clube Social, as 18h.<\/p>\n\n\n\n<p>Trata-se de Tito e Nice de Marrom. Ambos s\u00e3o de Vila de Abrantes e disseram que confiam em Caetano para realizar mudan\u00e7as na regi\u00e3o.<\/p>\n\n\n\n<p>\u201cEles tentaram impedir isso de todas as formas, mas o conhecimento \u00e9 a maior arma contra o sistema. E eu estou aqui\u201d, disse Tito em seu discurso.<\/p>\n\n\n\n<p>\u201cSou uma mulher preta, professora, empreendedora, sou baiana de acaraj\u00e9, sou de Abrantes, e precisamos fazer parte de Cama\u00e7ari, precisamos entender que somos de Cama\u00e7ari. Estamos cansados de ser negligenciados. Eu sou de Abrantes e farei essa luta junto com Caetano\u201d, afirmou Nice.<\/p>\n\n\n\n<p>Em sua fala, Caetano afirmou que existe uma grande diferen\u00e7a do seu time pol\u00edtico para o grupo advers\u00e1rio, e por conta disso muitos novos apoios est\u00e3o chegando para o seu nome. \u201cPor isso que muita gente que est\u00e1 l\u00e1, est\u00e1 vindo pra c\u00e1. Porque aqui tem amor, acolhimento e fraternidade\u201d, afirmou o ex-prefeito de Cama\u00e7ari.<\/p>\n","protected":false},"excerpt":{"rendered":"<p>Durante o \u201cDiga A\u00ed, Cama\u00e7ari\u201d que aconteceu em Abrantes, na noite desta ter\u00e7a-feira (20), Luiz Caetano anunciou dois novos importantes apoios \u00e0 sua pr\u00e9-candidatura a prefeito da cidade, que ser\u00e1 lan\u00e7ada oficialmente no dia 1o de mar\u00e7o, no Clube Social, as 18h. Trata-se de Tito e Nice de Marrom. Ambos s\u00e3o de Vila de Abrantes [&hellip;]<\/p>\n","protected":false},"author":1,"featured_media":1070,"comment_status":"open","ping_status":"open","sticky":false,"template":"","format":"standard","meta":{"footnotes":""},"categories":[8],"tags":[],"class_list":["post-1067","post","type-post","status-publish","format-standard","has-post-thumbnail","hentry","category-camacari"],"yoast_head":"<!-- This site is optimized with the Yoast SEO plugin v21.7 - https:\/\/yoast.com\/wordpress\/plugins\/seo\/ -->\n<title>Caetano anuncia novos apoios no Diga Ai em Abrantes: \u201caqui tem amor e acolhimento\u201d - Compartilha Bahia<\/title>\n<meta name=\"robots\" content=\"index, follow, max-snippet:-1, max-image-preview:large, max-video-preview:-1\" \/>\n<link rel=\"canonical\" href=\"https:\/\/compartilhabahia.com.br\/index.php\/2024\/02\/21\/caetano-anuncia-novos-apoios-no-diga-ai-em-abrantes-aqui-tem-amor-e-acolhimento\/\" \/>\n<meta property=\"og:locale\" content=\"pt_BR\" \/>\n<meta property=\"og:type\" content=\"article\" \/>\n<meta property=\"og:title\" content=\"Caetano anuncia novos apoios no Diga Ai em Abrantes: \u201caqui tem amor e acolhimento\u201d - Compartilha Bahia\" \/>\n<meta property=\"og:description\" content=\"Durante o \u201cDiga A\u00ed, Cama\u00e7ari\u201d que aconteceu em Abrantes, na noite desta ter\u00e7a-feira (20), Luiz Caetano anunciou dois novos importantes apoios \u00e0 sua pr\u00e9-candidatura a prefeito da cidade, que ser\u00e1 lan\u00e7ada oficialmente no dia 1o de mar\u00e7o, no Clube Social, as 18h. Trata-se de Tito e Nice de Marrom. Ambos s\u00e3o de Vila de Abrantes [&hellip;]\" \/>\n<meta property=\"og:url\" content=\"https:\/\/compartilhabahia.com.br\/index.php\/2024\/02\/21\/caetano-anuncia-novos-apoios-no-diga-ai-em-abrantes-aqui-tem-amor-e-acolhimento\/\" \/>\n<meta property=\"og:site_name\" content=\"Compartilha Bahia\" \/>\n<meta property=\"article:publisher\" content=\"https:\/\/web.facebook.com\/compartilhabahia\" \/>\n<meta property=\"article:published_time\" content=\"2024-02-21T17:08:21+00:00\" \/>\n<meta property=\"article:modified_time\" content=\"2024-02-21T17:21:49+00:00\" \/>\n<meta property=\"og:image\" content=\"https:\/\/compartilhabahia.com.br\/wp-content\/uploads\/2024\/02\/caetanoecandidatos.jpg\" \/>\n\t<meta property=\"og:image:width\" content=\"973\" \/>\n\t<meta property=\"og:image:height\" content=\"561\" \/>\n\t<meta property=\"og:image:type\" content=\"image\/jpeg\" \/>\n<meta name=\"author\" content=\"admin\" \/>\n<meta name=\"twitter:card\" content=\"summary_large_image\" \/>\n<meta name=\"twitter:label1\" content=\"Escrito por\" \/>\n\t<meta name=\"twitter:data1\" content=\"admin\" \/>\n\t<meta name=\"twitter:label2\" content=\"Est. tempo de leitura\" \/>\n\t<meta name=\"twitter:data2\" content=\"2 minutos\" \/>\n<script type=\"application\/ld+json\" class=\"yoast-schema-graph\">{\"@context\":\"https:\/\/schema.org\",\"@graph\":[{\"@type\":\"Article\",\"@id\":\"https:\/\/compartilhabahia.com.br\/index.php\/2024\/02\/21\/caetano-anuncia-novos-apoios-no-diga-ai-em-abrantes-aqui-tem-amor-e-acolhimento\/#article\",\"isPartOf\":{\"@id\":\"https:\/\/compartilhabahia.com.br\/index.php\/2024\/02\/21\/caetano-anuncia-novos-apoios-no-diga-ai-em-abrantes-aqui-tem-amor-e-acolhimento\/\"},\"author\":{\"name\":\"admin\",\"@id\":\"https:\/\/compartilhabahia.com.br\/#\/schema\/person\/9b4f0c3178793b8248d6686732521c04\"},\"headline\":\"Caetano anuncia novos apoios no Diga Ai em Abrantes: \u201caqui tem amor e acolhimento\u201d\",\"datePublished\":\"2024-02-21T17:08:21+00:00\",\"dateModified\":\"2024-02-21T17:21:49+00:00\",\"mainEntityOfPage\":{\"@id\":\"https:\/\/compartilhabahia.com.br\/index.php\/2024\/02\/21\/caetano-anuncia-novos-apoios-no-diga-ai-em-abrantes-aqui-tem-amor-e-acolhimento\/\"},\"wordCount\":217,\"commentCount\":0,\"publisher\":{\"@id\":\"https:\/\/compartilhabahia.com.br\/#organization\"},\"articleSection\":[\"Cama\u00e7ari\"],\"inLanguage\":\"pt-BR\",\"potentialAction\":[{\"@type\":\"CommentAction\",\"name\":\"Comment\",\"target\":[\"https:\/\/compartilhabahia.com.br\/index.php\/2024\/02\/21\/caetano-anuncia-novos-apoios-no-diga-ai-em-abrantes-aqui-tem-amor-e-acolhimento\/#respond\"]}]},{\"@type\":\"WebPage\",\"@id\":\"https:\/\/compartilhabahia.com.br\/index.php\/2024\/02\/21\/caetano-anuncia-novos-apoios-no-diga-ai-em-abrantes-aqui-tem-amor-e-acolhimento\/\",\"url\":\"https:\/\/compartilhabahia.com.br\/index.php\/2024\/02\/21\/caetano-anuncia-novos-apoios-no-diga-ai-em-abrantes-aqui-tem-amor-e-acolhimento\/\",\"name\":\"Caetano anuncia novos apoios no Diga Ai em Abrantes: \u201caqui tem amor e acolhimento\u201d - Compartilha Bahia\",\"isPartOf\":{\"@id\":\"https:\/\/compartilhabahia.com.br\/#website\"},\"datePublished\":\"2024-02-21T17:08:21+00:00\",\"dateModified\":\"2024-02-21T17:21:49+00:00\",\"breadcrumb\":{\"@id\":\"https:\/\/compartilhabahia.com.br\/index.php\/2024\/02\/21\/caetano-anuncia-novos-apoios-no-diga-ai-em-abrantes-aqui-tem-amor-e-acolhimento\/#breadcrumb\"},\"inLanguage\":\"pt-BR\",\"potentialAction\":[{\"@type\":\"ReadAction\",\"target\":[\"https:\/\/compartilhabahia.com.br\/index.php\/2024\/02\/21\/caetano-anuncia-novos-apoios-no-diga-ai-em-abrantes-aqui-tem-amor-e-acolhimento\/\"]}]},{\"@type\":\"BreadcrumbList\",\"@id\":\"https:\/\/compartilhabahia.com.br\/index.php\/2024\/02\/21\/caetano-anuncia-novos-apoios-no-diga-ai-em-abrantes-aqui-tem-amor-e-acolhimento\/#breadcrumb\",\"itemListElement\":[{\"@type\":\"ListItem\",\"position\":1,\"name\":\"In\u00edcio\",\"item\":\"https:\/\/compartilhabahia.com.br\/\"},{\"@type\":\"ListItem\",\"position\":2,\"name\":\"Caetano anuncia novos apoios no Diga Ai em Abrantes: \u201caqui tem amor e acolhimento\u201d\"}]},{\"@type\":\"WebSite\",\"@id\":\"https:\/\/compartilhabahia.com.br\/#website\",\"url\":\"https:\/\/compartilhabahia.com.br\/\",\"name\":\"Compartilha Bahia\",\"description\":\"\",\"publisher\":{\"@id\":\"https:\/\/compartilhabahia.com.br\/#organization\"},\"potentialAction\":[{\"@type\":\"SearchAction\",\"target\":{\"@type\":\"EntryPoint\",\"urlTemplate\":\"https:\/\/compartilhabahia.com.br\/?s={search_term_string}\"},\"query-input\":\"required name=search_term_string\"}],\"inLanguage\":\"pt-BR\"},{\"@type\":\"Organization\",\"@id\":\"https:\/\/compartilhabahia.com.br\/#organization\",\"name\":\"Compartilha Bahia\",\"url\":\"https:\/\/compartilhabahia.com.br\/\",\"logo\":{\"@type\":\"ImageObject\",\"inLanguage\":\"pt-BR\",\"@id\":\"https:\/\/compartilhabahia.com.br\/#\/schema\/logo\/image\/\",\"url\":\"https:\/\/compartilhabahia.com.br\/wp-content\/uploads\/2023\/12\/cropped-logo.png\",\"contentUrl\":\"https:\/\/compartilhabahia.com.br\/wp-content\/uploads\/2023\/12\/cropped-logo.png\",\"width\":300,\"height\":106,\"caption\":\"Compartilha Bahia\"},\"image\":{\"@id\":\"https:\/\/compartilhabahia.com.br\/#\/schema\/logo\/image\/\"},\"sameAs\":[\"https:\/\/web.facebook.com\/compartilhabahia\",\"https:\/\/www.instagram.com\/compartilhabahia\/\"]},{\"@type\":\"Person\",\"@id\":\"https:\/\/compartilhabahia.com.br\/#\/schema\/person\/9b4f0c3178793b8248d6686732521c04\",\"name\":\"admin\",\"image\":{\"@type\":\"ImageObject\",\"inLanguage\":\"pt-BR\",\"@id\":\"https:\/\/compartilhabahia.com.br\/#\/schema\/person\/image\/\",\"url\":\"https:\/\/secure.gravatar.com\/avatar\/9600df58751c5acbe914c538c03390ef649ea088cb65f84ba09c7ce66988eed6?s=96&d=mm&r=g\",\"contentUrl\":\"https:\/\/secure.gravatar.com\/avatar\/9600df58751c5acbe914c538c03390ef649ea088cb65f84ba09c7ce66988eed6?s=96&d=mm&r=g\",\"caption\":\"admin\"},\"sameAs\":[\"https:\/\/compartilhabahia.com.br\"],\"url\":\"https:\/\/compartilhabahia.com.br\/index.php\/author\/compartilhabahia\/\"}]}<\/script>\n<!-- \/ Yoast SEO plugin. -->","yoast_head_json":{"title":"Caetano anuncia novos apoios no Diga Ai em Abrantes: \u201caqui tem amor e acolhimento\u201d - Compartilha Bahia","robots":{"index":"index","follow":"follow","max-snippet":"max-snippet:-1","max-image-preview":"max-image-preview:large","max-video-preview":"max-video-preview:-1"},"canonical":"https:\/\/compartilhabahia.com.br\/index.php\/2024\/02\/21\/caetano-anuncia-novos-apoios-no-diga-ai-em-abrantes-aqui-tem-amor-e-acolhimento\/","og_locale":"pt_BR","og_type":"article","og_title":"Caetano anuncia novos apoios no Diga Ai em Abrantes: \u201caqui tem amor e acolhimento\u201d - Compartilha Bahia","og_description":"Durante o \u201cDiga A\u00ed, Cama\u00e7ari\u201d que aconteceu em Abrantes, na noite desta ter\u00e7a-feira (20), Luiz Caetano anunciou dois novos importantes apoios \u00e0 sua pr\u00e9-candidatura a prefeito da cidade, que ser\u00e1 lan\u00e7ada oficialmente no dia 1o de mar\u00e7o, no Clube Social, as 18h. Trata-se de Tito e Nice de Marrom. Ambos s\u00e3o de Vila de Abrantes [&hellip;]","og_url":"https:\/\/compartilhabahia.com.br\/index.php\/2024\/02\/21\/caetano-anuncia-novos-apoios-no-diga-ai-em-abrantes-aqui-tem-amor-e-acolhimento\/","og_site_name":"Compartilha Bahia","article_publisher":"https:\/\/web.facebook.com\/compartilhabahia","article_published_time":"2024-02-21T17:08:21+00:00","article_modified_time":"2024-02-21T17:21:49+00:00","og_image":[{"width":973,"height":561,"url":"https:\/\/compartilhabahia.com.br\/wp-content\/uploads\/2024\/02\/caetanoecandidatos.jpg","type":"image\/jpeg"}],"author":"admin","twitter_card":"summary_large_image","twitter_misc":{"Escrito por":"admin","Est. tempo de leitura":"2 minutos"},"schema":{"@context":"https:\/\/schema.org","@graph":[{"@type":"Article","@id":"https:\/\/compartilhabahia.com.br\/index.php\/2024\/02\/21\/caetano-anuncia-novos-apoios-no-diga-ai-em-abrantes-aqui-tem-amor-e-acolhimento\/#article","isPartOf":{"@id":"https:\/\/compartilhabahia.com.br\/index.php\/2024\/02\/21\/caetano-anuncia-novos-apoios-no-diga-ai-em-abrantes-aqui-tem-amor-e-acolhimento\/"},"author":{"name":"admin","@id":"https:\/\/compartilhabahia.com.br\/#\/schema\/person\/9b4f0c3178793b8248d6686732521c04"},"headline":"Caetano anuncia novos apoios no Diga Ai em Abrantes: \u201caqui tem amor e acolhimento\u201d","datePublished":"2024-02-21T17:08:21+00:00","dateModified":"2024-02-21T17:21:49+00:00","mainEntityOfPage":{"@id":"https:\/\/compartilhabahia.com.br\/index.php\/2024\/02\/21\/caetano-anuncia-novos-apoios-no-diga-ai-em-abrantes-aqui-tem-amor-e-acolhimento\/"},"wordCount":217,"commentCount":0,"publisher":{"@id":"https:\/\/compartilhabahia.com.br\/#organization"},"articleSection":["Cama\u00e7ari"],"inLanguage":"pt-BR","potentialAction":[{"@type":"CommentAction","name":"Comment","target":["https:\/\/compartilhabahia.com.br\/index.php\/2024\/02\/21\/caetano-anuncia-novos-apoios-no-diga-ai-em-abrantes-aqui-tem-amor-e-acolhimento\/#respond"]}]},{"@type":"WebPage","@id":"https:\/\/compartilhabahia.com.br\/index.php\/2024\/02\/21\/caetano-anuncia-novos-apoios-no-diga-ai-em-abrantes-aqui-tem-amor-e-acolhimento\/","url":"https:\/\/compartilhabahia.com.br\/index.php\/2024\/02\/21\/caetano-anuncia-novos-apoios-no-diga-ai-em-abrantes-aqui-tem-amor-e-acolhimento\/","name":"Caetano anuncia novos apoios no Diga Ai em Abrantes: \u201caqui tem amor e acolhimento\u201d - Compartilha Bahia","isPartOf":{"@id":"https:\/\/compartilhabahia.com.br\/#website"},"datePublished":"2024-02-21T17:08:21+00:00","dateModified":"2024-02-21T17:21:49+00:00","breadcrumb":{"@id":"https:\/\/compartilhabahia.com.br\/index.php\/2024\/02\/21\/caetano-anuncia-novos-apoios-no-diga-ai-em-abrantes-aqui-tem-amor-e-acolhimento\/#breadcrumb"},"inLanguage":"pt-BR","potentialAction":[{"@type":"ReadAction","target":["https:\/\/compartilhabahia.com.br\/index.php\/2024\/02\/21\/caetano-anuncia-novos-apoios-no-diga-ai-em-abrantes-aqui-tem-amor-e-acolhimento\/"]}]},{"@type":"BreadcrumbList","@id":"https:\/\/compartilhabahia.com.br\/index.php\/2024\/02\/21\/caetano-anuncia-novos-apoios-no-diga-ai-em-abrantes-aqui-tem-amor-e-acolhimento\/#breadcrumb","itemListElement":[{"@type":"ListItem","position":1,"name":"In\u00edcio","item":"https:\/\/compartilhabahia.com.br\/"},{"@type":"ListItem","position":2,"name":"Caetano anuncia novos apoios no Diga Ai em Abrantes: \u201caqui tem amor e acolhimento\u201d"}]},{"@type":"WebSite","@id":"https:\/\/compartilhabahia.com.br\/#website","url":"https:\/\/compartilhabahia.com.br\/","name":"Compartilha Bahia","description":"","publisher":{"@id":"https:\/\/compartilhabahia.com.br\/#organization"},"potentialAction":[{"@type":"SearchAction","target":{"@type":"EntryPoint","urlTemplate":"https:\/\/compartilhabahia.com.br\/?s={search_term_string}"},"query-input":"required name=search_term_string"}],"inLanguage":"pt-BR"},{"@type":"Organization","@id":"https:\/\/compartilhabahia.com.br\/#organization","name":"Compartilha Bahia","url":"https:\/\/compartilhabahia.com.br\/","logo":{"@type":"ImageObject","inLanguage":"pt-BR","@id":"https:\/\/compartilhabahia.com.br\/#\/schema\/logo\/image\/","url":"https:\/\/compartilhabahia.com.br\/wp-content\/uploads\/2023\/12\/cropped-logo.png","contentUrl":"https:\/\/compartilhabahia.com.br\/wp-content\/uploads\/2023\/12\/cropped-logo.png","width":300,"height":106,"caption":"Compartilha Bahia"},"image":{"@id":"https:\/\/compartilhabahia.com.br\/#\/schema\/logo\/image\/"},"sameAs":["https:\/\/web.facebook.com\/compartilhabahia","https:\/\/www.instagram.com\/compartilhabahia\/"]},{"@type":"Person","@id":"https:\/\/compartilhabahia.com.br\/#\/schema\/person\/9b4f0c3178793b8248d6686732521c04","name":"admin","image":{"@type":"ImageObject","inLanguage":"pt-BR","@id":"https:\/\/compartilhabahia.com.br\/#\/schema\/person\/image\/","url":"https:\/\/secure.gravatar.com\/avatar\/9600df58751c5acbe914c538c03390ef649ea088cb65f84ba09c7ce66988eed6?s=96&d=mm&r=g","contentUrl":"https:\/\/secure.gravatar.com\/avatar\/9600df58751c5acbe914c538c03390ef649ea088cb65f84ba09c7ce66988eed6?s=96&d=mm&r=g","caption":"admin"},"sameAs":["https:\/\/compartilhabahia.com.br"],"url":"https:\/\/compartilhabahia.com.br\/index.php\/author\/compartilhabahia\/"}]}},"_links":{"self":[{"href":"https:\/\/compartilhabahia.com.br\/index.php\/wp-json\/wp\/v2\/posts\/1067","targetHints":{"allow":["GET"]}}],"collection":[{"href":"https:\/\/compartilhabahia.com.br\/index.php\/wp-json\/wp\/v2\/posts"}],"about":[{"href":"https:\/\/compartilhabahia.com.br\/index.php\/wp-json\/wp\/v2\/types\/post"}],"author":[{"embeddable":true,"href":"https:\/\/compartilhabahia.com.br\/index.php\/wp-json\/wp\/v2\/users\/1"}],"replies":[{"embeddable":true,"href":"https:\/\/compartilhabahia.com.br\/index.php\/wp-json\/wp\/v2\/comments?post=1067"}],"version-history":[{"count":1,"href":"https:\/\/compartilhabahia.com.br\/index.php\/wp-json\/wp\/v2\/posts\/1067\/revisions"}],"predecessor-version":[{"id":1069,"href":"https:\/\/compartilhabahia.com.br\/index.php\/wp-json\/wp\/v2\/posts\/1067\/revisions\/1069"}],"wp:featuredmedia":[{"embeddable":true,"href":"https:\/\/compartilhabahia.com.br\/index.php\/wp-json\/wp\/v2\/media\/1070"}],"wp:attachment":[{"href":"https:\/\/compartilhabahia.com.br\/index.php\/wp-json\/wp\/v2\/media?parent=1067"}],"wp:term":[{"taxonomy":"category","embeddable":true,"href":"https:\/\/compartilhabahia.com.br\/index.php\/wp-json\/wp\/v2\/categories?post=1067"},{"taxonomy":"post_tag","embeddable":true,"href":"https:\/\/compartilhabahia.com.br\/index.php\/wp-json\/wp\/v2\/tags?post=1067"}],"curies":[{"name":"wp","href":"https:\/\/api.w.org\/{rel}","templated":true}]}}